{"id":32029,"date":"2023-07-13T01:12:39","date_gmt":"2023-07-12T23:12:39","guid":{"rendered":"http:\/\/www.infokuryr.cz\/n\/?p=32029"},"modified":"2023-07-12T14:48:10","modified_gmt":"2023-07-12T12:48:10","slug":"nizozemsko-prodej-nemovitosti-pouze-se-souhlasem-obce","status":"publish","type":"post","link":"https:\/\/www.infokuryr.cz\/n\/2023\/07\/13\/nizozemsko-prodej-nemovitosti-pouze-se-souhlasem-obce\/","title":{"rendered":"Nizozemsko \u2013 Prodej nemovitost\u00ed pouze se souhlasem obce"},"content":{"rendered":"<div id=\"fb-root\"><\/div>\n<p><strong>Nizozemsko jako \u201ep\u0159\u00eddavn\u00e1 f\u00e1ze\u201c pro realizaci \u201eglobalistick\u00e9 agendy\u201c zjevn\u011b neutich\u00e1.<\/strong><\/p>\n<p>Ob\u010dan\u00e9, ot\u0159eseni rozzloben\u00fdmi rolnick\u00fdmi protesty v posledn\u00edch m\u011bs\u00edc\u00edch proti realizaci v\u00fd\u0161e zm\u00edn\u011bn\u00e9 agendy a rezignaci premi\u00e9ra Marka Rutteho, jsou nyn\u00ed konfrontov\u00e1ni s dal\u0161\u00edm \u201emiln\u00edkem\u201c v realizaci globalistick\u00fdch pl\u00e1n\u016f.<\/p>\n<p><span style=\"font-size: 18pt;\"><strong>Obce jsou nyn\u00ed zodpov\u011bdn\u00e9 za rozhodov\u00e1n\u00ed o prodeji soukrom\u00fdch nemovitost\u00ed<\/strong><\/span><\/p>\n<p>Nov\u00fd z\u00e1kon v Nizozemsku nyn\u00ed umo\u017e\u0148uje obc\u00edm rozhodovat o tom, komu soukrom\u00e9 osoby prod\u00e1vaj\u00ed sv\u00e9 domy.<\/p>\n<p>Nov\u00fd z\u00e1kon o bydlen\u00ed ministra Huga de Jonge umo\u017e\u0148uje obc\u00edm nutit vlastn\u00edky dom\u016f, aby prod\u00e1vali sv\u00e9 domy pouze lidem s n\u00edzk\u00fdmi a st\u0159edn\u00edmi p\u0159\u00edjmy.<\/p>\n<p>Z\u00e1kon m\u00e1 zajistit, aby i tato skupina m\u011bla \u0161anci z\u00edskat domov.\u00a0V\u0161ude tam, kde se maj\u00ed z\u00edskat finan\u010dn\u00ed prost\u0159edky.<\/p>\n<p>Posti\u017eeny jsou domy do 355 000 eur, p\u00ed\u0161e den\u00edk\u00a0<em>Algemeen Dagblad (AD)<\/em>\u00a0.\u00a0Tyto p\u0159edm\u011bty ji\u017e nelze nikomu prodat.\u00a0M\u00edsto toho m\u016f\u017ee obec p\u0159inutit prodejce nemovitosti pod touto cenou, aby prodal kupuj\u00edc\u00edmu se st\u0159edn\u00edmi nebo n\u00edzk\u00fdmi p\u0159\u00edjmy.<\/p>\n<p>V sou\u010dasn\u00e9 dob\u011b se tvrd\u00ed, \u017ee pro osoby s n\u00edzk\u00fdmi p\u0159\u00edjmy je \u010dasto obt\u00ed\u017en\u00e9 konkurovat t\u011bm, kte\u0159\u00ed maj\u00ed v\u00edce pen\u011bz na napjat\u00e9m trhu s vlastnictv\u00edm dom\u016f.<\/p>\n<p>M\u016f\u017ee za to i eskaluj\u00edc\u00ed bytov\u00e1 situace v d\u016fsledku masov\u00e9 imigrace.<\/p>\n<p><span style=\"font-size: 18pt;\"><strong>Navzdory parlamentn\u00ed v\u011bt\u0161in\u011b je z\u00e1kon vysoce kontroverzn\u00ed<\/strong><\/span><\/p>\n<p>P\u0159esto\u017ee parlamentn\u00ed v\u011bt\u0161ina z\u00e1kon ji\u017e podpo\u0159ila, zm\u011bnu z\u00e1kona lze ozna\u010dit za kontroverzn\u00ed.<\/p>\n<p>AD\u00a0p\u00ed\u0161e, \u017ee vl\u00e1dn\u00ed strany VVD a D66 vid\u00ed v z\u00e1kon\u011b poru\u0161en\u00ed vlastnick\u00fdch pr\u00e1v vlastn\u00edk\u016f dom\u016f\u00a0<em>.<\/em><\/p>\n<p>Brzy se tedy m\u016f\u017ee st\u00e1t, \u017ee d\u016fm bude prod\u00e1n pouze kupci, kter\u00fd nab\u00eddne m\u00e9n\u011b pen\u011bz.<\/p>\n<p>\u010clen D66 Faissal Boulakjar vysv\u011btluje: \u201eCo kdy\u017e se chcete rychle zbavit sv\u00e9ho domu kv\u016fli rozvodu?\u00a0Tak\u017ee pak mus\u00edte proj\u00edt nejr\u016fzn\u011bj\u0161\u00edmi c\u00edrkevn\u00edmi p\u0159ek\u00e1\u017ekami.\u201c<\/p>\n<p>St\u00e1tn\u00ed rada nav\u00edc ji\u017e varovala, \u017ee tento nov\u00fd z\u00e1kon by ve skute\u010dnosti mohl tla\u010dit na ceny dom\u016f.\u00a0Proto\u017ee pokud prod\u00e1te sv\u016fj d\u016fm za \u010d\u00e1stku nad 355 tis\u00edc, nemus\u00edte s t\u00edmto z\u00e1konem po\u010d\u00edtat.<\/p>\n<p>Ministr De Jonge v\u0161ak podle o\u010dek\u00e1v\u00e1n\u00ed v\u011b\u0159\u00ed, \u017ee zdra\u017een\u00ed nebude p\u0159\u00edli\u0161 \u0161patn\u00e9.<\/p>\n<p><span style=\"font-size: 18pt;\"><strong>Pl\u00ed\u017eiv\u00e9 vyvlast\u0148ov\u00e1n\u00ed s \u201eb\u00edlen\u00edm\u201c<\/strong><\/span><\/p>\n<p>Jin\u00ed zast\u00e1nci z\u00e1kona zd\u016fraz\u0148uj\u00ed, \u017ee lid\u00e9 s pr\u016fm\u011brn\u00fdm platem jsou nyn\u00ed \u010dasto nab\u00edzeni \u201eoutsidery, kte\u0159\u00ed maj\u00ed spoustu pen\u011bz na utr\u00e1cen\u00ed\u201c, vysv\u011btlil Pieter Grinwis z ChristenUnie.<\/p>\n<p>V d\u016fsledku toho jsou levn\u011bj\u0161\u00ed domy pro tuto skupinu lid\u00ed \u010dasto nedostupn\u00e9.\u00a0Nov\u00fd z\u00e1kon v\u00fdrazn\u011b zt\u011b\u017euje p\u0159edra\u017eov\u00e1n\u00ed, argumentuje vl\u00e1da.<\/p>\n<p>Nav\u00edc \u201ehromadn\u00e9 n\u00e1kupy\u201c mohou b\u00fdt tak\u00e9 zak\u00e1z\u00e1ny z\u00e1konem.\u00a0St\u00e1le se st\u00e1v\u00e1, \u017ee develope\u0159i skoup\u00ed levn\u00e9 byty a prom\u011bn\u00ed je v drah\u00e9 n\u00e1jemn\u00ed byty.\u00a0Ale s t\u00edmto z\u00e1konem mohou b\u00fdt nyn\u00ed z\u0159ejm\u011b zak\u00e1z\u00e1ny.<\/p>\n<p>Krom\u011b toho, \u017ee se z\u00e1kon vztahuje i na kondominium, budou moci m\u00edstn\u00ed \u00fa\u0159ady brzy kl\u00e1st dal\u0161\u00ed po\u017eadavky na novou v\u00fdstavbu a n\u00e1jemn\u00ed bydlen\u00ed.\u00a0Nap\u0159\u00edklad lid\u00e9 s ur\u010dit\u00fdm nedostatkem zam\u011bstn\u00e1n\u00ed, jako jsou u\u010ditel\u00e9 a policist\u00e9, mohou m\u00edt v dom\u011b p\u0159ednost.<\/p>\n<p>Obce v\u0161ak nemohou vy\u017eadovat povolen\u00ed k bydlen\u00ed pro v\u0161echny domy.\u00a0To je povoleno pouze pro polovinu bytov\u00fdch jednotek.\u00a0Podle pl\u00e1nu tak\u00e9 nen\u00ed p\u0159\u00edpustn\u00e9, pokud prod\u00e1vaj\u00edc\u00ed utrp\u00ed ztr\u00e1tu p\u0159i prodeji sv\u00e9ho domu.<\/p>\n<p><img decoding=\"async\" loading=\"lazy\" class=\"alignnone size-full wp-image-1185\" src=\"http:\/\/www.infokuryr.cz\/n\/wp-content\/uploads\/2021\/04\/kuryr-podpis.png\" alt=\"\" width=\"84\" height=\"24\" \/><\/p>\n<p>&nbsp;<\/p>\n<p><a href=\"https:\/\/stranapro.cz\/\"><img decoding=\"async\" loading=\"lazy\" class=\"wp-image-30218 aligncenter\" src=\"http:\/\/www.infokuryr.cz\/n\/wp-content\/uploads\/2023\/06\/PRO-banner-300x36.png\" alt=\"\" width=\"1358\" height=\"163\" srcset=\"https:\/\/www.infokuryr.cz\/n\/wp-content\/uploads\/2023\/06\/PRO-banner-300x36.png 300w, https:\/\/www.infokuryr.cz\/n\/wp-content\/uploads\/2023\/06\/PRO-banner-768x93.png 768w, https:\/\/www.infokuryr.cz\/n\/wp-content\/uploads\/2023\/06\/PRO-banner.png 849w\" sizes=\"(max-width: 1358px) 100vw, 1358px\" \/><\/a><\/p>\n<p>&nbsp;<\/p>\n<p>&nbsp;<\/p>\n<p>&nbsp;<\/p>\n","protected":false},"excerpt":{"rendered":"<p>Nizozemsko jako \u201ep\u0159\u00eddavn\u00e1 f\u00e1ze\u201c pro realizaci \u201eglobalistick\u00e9 agendy\u201c zjevn\u011b neutich\u00e1. Ob\u010dan\u00e9, ot\u0159eseni rozzloben\u00fdmi rolnick\u00fdmi protesty&#8230;<\/p>\n","protected":false},"author":2,"featured_media":32030,"comment_status":"closed","ping_status":"closed","sticky":false,"template":"","format":"standard","meta":[],"categories":[7],"tags":[279,1289,781,5453,1947],"_links":{"self":[{"href":"https:\/\/www.infokuryr.cz\/n\/wp-json\/wp\/v2\/posts\/32029"}],"collection":[{"href":"https:\/\/www.infokuryr.cz\/n\/wp-json\/wp\/v2\/posts"}],"about":[{"href":"https:\/\/www.infokuryr.cz\/n\/wp-json\/wp\/v2\/types\/post"}],"author":[{"embeddable":true,"href":"https:\/\/www.infokuryr.cz\/n\/wp-json\/wp\/v2\/users\/2"}],"replies":[{"embeddable":true,"href":"https:\/\/www.infokuryr.cz\/n\/wp-json\/wp\/v2\/comments?post=32029"}],"version-history":[{"count":1,"href":"https:\/\/www.infokuryr.cz\/n\/wp-json\/wp\/v2\/posts\/32029\/revisions"}],"predecessor-version":[{"id":32031,"href":"https:\/\/www.infokuryr.cz\/n\/wp-json\/wp\/v2\/posts\/32029\/revisions\/32031"}],"wp:featuredmedia":[{"embeddable":true,"href":"https:\/\/www.infokuryr.cz\/n\/wp-json\/wp\/v2\/media\/32030"}],"wp:attachment":[{"href":"https:\/\/www.infokuryr.cz\/n\/wp-json\/wp\/v2\/media?parent=32029"}],"wp:term":[{"taxonomy":"category","embeddable":true,"href":"https:\/\/www.infokuryr.cz\/n\/wp-json\/wp\/v2\/categories?post=32029"},{"taxonomy":"post_tag","embeddable":true,"href":"https:\/\/www.infokuryr.cz\/n\/wp-json\/wp\/v2\/tags?post=32029"}],"curies":[{"name":"wp","href":"https:\/\/api.w.org\/{rel}","templated":true}]}}