{"id":32026,"date":"2023-07-13T01:11:55","date_gmt":"2023-07-12T23:11:55","guid":{"rendered":"http:\/\/www.infokuryr.cz\/n\/?p=32026"},"modified":"2023-07-12T14:44:14","modified_gmt":"2023-07-12T12:44:14","slug":"zacatek-konce-zelenskyj-po-neuspesnem-summitu-nato-sili","status":"publish","type":"post","link":"https:\/\/www.infokuryr.cz\/n\/2023\/07\/13\/zacatek-konce-zelenskyj-po-neuspesnem-summitu-nato-sili\/","title":{"rendered":"Za\u010d\u00e1tek konce? Zelenskyj po ne\u00fasp\u011b\u0161n\u00e9m summitu NATO \u0161\u00edl\u00ed"},"content":{"rendered":"<div id=\"fb-root\"><\/div>\n<p><span>Summit NATO v litevsk\u00e9m Vilniusu, kter\u00fd skon\u010dil, byl pro Ukrajinu a jej\u00edho prezidenta Volodymyra Zelenskyje o\u010dek\u00e1van\u00fdm fiaskem.\u00a0Proto\u017ee navzdory jeho nad\u011bj\u00edm a ned\u00e1vn\u00fdm hrozb\u00e1m nebylo Ukrajin\u011b ud\u011bleno \u010dlenstv\u00ed v transatlantick\u00e9 obrann\u00e9 alianci, nato\u017e jej\u00ed vyhl\u00eddka v bl\u00edzk\u00e9 budoucnosti.\u00a0Mnohem pravd\u011bpodobn\u011bj\u0161\u00ed bylo pokusit se uklidnit v\u016f\u010di Rusku a spol\u00e9hat na brzk\u00e9 m\u00edrov\u00e9 \u0159e\u0161en\u00ed ukrajinsk\u00e9ho konfliktu.<\/span><\/p>\n<p><span style=\"font-size: 18pt;\"><strong>Zelenskyj vyp\u00e1lil pojistky<\/strong><\/span><\/p>\n<p><span>To vede k opravdov\u00fdm v\u00fdbuch\u016fm hn\u011bvu ze strany Selensk\u00e9ho, kter\u00fd zjevn\u011b u\u017e n\u011bjakou dobu v\u00ed, \u017ee jeho dny jsou se\u010dteny a \u017ee ho americk\u00fd re\u017eim u\u017e nepot\u0159ebuje.\u00a0Videoprojevy z bunkr\u016f a vlakov\u00fdch z\u00e1chod\u016f zcela vy\u010derpan\u00e9ho Zelensk\u00e9ho to podporuj\u00ed, stejn\u011b jako zpr\u00e1vy, \u017ee u\u017e ztratil kontrolu nad ukrajinskou arm\u00e1dou \u2013\u00a0<\/span><a href=\"https:\/\/unser-mitteleuropa.com\/nach-bunker-und-zug-toiletten-ansprachen-selenskyj-soll-laut-us-zeitung-kontrolle-ueber-ukrainische-armee-verloren-haben\/\"><span>informovali jsme.<\/span><\/a><\/p>\n<p><span>&#8222;Je bezprecedentn\u00ed a absurdn\u00ed, \u017ee neexistuje \u017e\u00e1dn\u00fd harmonogram ani pro pozv\u00e1n\u00ed, ani pro \u010dlenstv\u00ed Ukrajiny,&#8220; \u0159ekl Zelenskyj v Telegramu.\u00a0\u201eA p\u0159itom jsou tam v\u00e1gn\u00ed formulace podm\u00ednek i pro pozv\u00e1n\u00ed z Ukrajiny,\u201c napsal anglicky.\u00a0V\u00e1h\u00e1n\u00ed NATO by Rusko jen motivovalo k \u201epokra\u010dov\u00e1n\u00ed teroru\u201c.<\/span><\/p>\n<p><span>Pro Zelensk\u00e9ho to dokonce vypad\u00e1 takto, vyhro\u017euje, \u017ee Ukrajina nem\u00e1 vyhl\u00eddky na vstup do NATO:<\/span><\/p>\n<p><img decoding=\"async\" loading=\"lazy\" class=\"size-full wp-image-117765 td-animation-stack-type1-2 aligncenter\" src=\"https:\/\/i0.wp.com\/unser-mitteleuropa.com\/wp-content\/uploads\/2023\/07\/F0zMvMJX0AI-X.jpg?resize=696%2C462&amp;ssl=1\" sizes=\"(max-width: 696px) 100vw, 696px\" srcset=\"https:\/\/i0.wp.com\/unser-mitteleuropa.com\/wp-content\/uploads\/2023\/07\/F0zMvMJX0AI-X.jpg?w=1200&amp;ssl=1 1200w, https:\/\/i0.wp.com\/unser-mitteleuropa.com\/wp-content\/uploads\/2023\/07\/F0zMvMJX0AI-X.jpg?resize=300%2C199&amp;ssl=1 300w, https:\/\/i0.wp.com\/unser-mitteleuropa.com\/wp-content\/uploads\/2023\/07\/F0zMvMJX0AI-X.jpg?resize=1024%2C680&amp;ssl=1 1024w, https:\/\/i0.wp.com\/unser-mitteleuropa.com\/wp-content\/uploads\/2023\/07\/F0zMvMJX0AI-X.jpg?resize=768%2C510&amp;ssl=1 768w\" alt=\"\" width=\"696\" height=\"462\" data-recalc-dims=\"1\" \/><\/p>\n<p><span style=\"font-size: 18pt;\"><strong>Summit NATO jako za\u010d\u00e1tek konce ukrajinsk\u00e9 v\u00e1lky?<\/strong><\/span><\/p>\n<p><span>IT guru a m\u00edrov\u00fd aktivista Kim Dotcom shrnul summit NATO na Twitteru takto:<\/span><\/p>\n<p><span>\u201eV ka\u017ed\u00e9m p\u0159\u00edpad\u011b moc pro americkou proxy v\u00e1lku na Ukrajin\u011b doch\u00e1z\u00ed.\u00a0Ukrajina nedostala z\u00e1vazek k \u010dlenstv\u00ed v NATO, proto\u017ee Z\u00e1pad si uv\u011bdomil, \u017ee nem\u016f\u017ee vyhr\u00e1t v\u00e1lku proti Rusku a \u017ee m\u00edr bude mo\u017en\u00fd pouze s neutr\u00e1ln\u00ed Ukrajinou.<\/span><\/p>\n<p><span>Ukrajina nikdy nebude \u010dlenem NATO.\u00a0Selenskyj si to uv\u011bdomil a ve Vilniusu zu\u0159il, napadal NATO jako neuctiv\u00e9 a popisoval podm\u00ednky jako absurdn\u00ed.\u00a0Ve chv\u00edli jasnosti si uv\u011bdomil, co se skute\u010dn\u011b d\u011bje:<\/span><\/p>\n<p><em><span>\u201eZd\u00e1 se, \u017ee nen\u00ed ochota pozvat Ukrajinu do NATO nebo ji u\u010dinit \u010dlenem aliance.\u00a0To znamen\u00e1, \u017ee existuje p\u0159\u00edle\u017eitost jednat s Ruskem o \u010dlenstv\u00ed Ukrajiny v NATO.\u201c<\/span><\/em><\/p>\n<p><span>P\u0159esn\u011b tak.\u00a0NATO tuto v\u00e1lku prohr\u00e1lo.\u00a0Biden tu v\u00e1lku prohr\u00e1l.\u00a0\u0160\u00edlen\u00ed demokrat\u00e9 tuto v\u00e1lku prohr\u00e1li.\u00a0V\u00e1le\u010dt\u00ed \u0161tv\u00e1\u010di jedn\u00e9 strany tuto v\u00e1lku prohr\u00e1li.\u00a0EU tuto v\u00e1lku prohr\u00e1la.\u00a0Ukrajina a Zelenskyj tuto v\u00e1lku prohr\u00e1ly.\u00a0Rusko v\u00edt\u011bz\u00ed, a to pr\u00e1vem, proto\u017ee v\u0161e, co se stalo na Ukrajin\u011b, byla zrada ukrajinsk\u00e9ho lidu, kterou sp\u00e1chalo upadaj\u00edc\u00ed americk\u00e9 imp\u00e9rium ve sv\u00e9m posledn\u00edm boji proti vznikaj\u00edc\u00edmu multipol\u00e1rn\u00edmu sv\u011btu.<\/span><\/p>\n<p><span>Zelenskyj nikdy nebyl v\u016fdcem, kter\u00fd d\u011blal pro sv\u016fj lid to nejlep\u0161\u00ed.\u00a0Bude vzpom\u00ednat jako americk\u00fd loutkov\u00fd a zahrani\u010dn\u00ed herec.\u00a0Kv\u016fli n\u011bmu a jeho vytahova\u010d\u016fm strun zem\u0159elo v USA 350 000 Ukrajinc\u016f.\u00a0Kv\u016fli nepodeps\u00e1n\u00ed rozumn\u00e9 m\u00edrov\u00e9 dohody, kterou mu Rusko navrhlo, ztratil ve prosp\u011bch Ruska pozemky a zdroje v hodnot\u011b 12,7 bilionu dolar\u016f.\u00a0M\u00edsto toho propadl pr\u00e1zdn\u00fdm slib\u016fm Joea Bidena, \u017ee USA budou podporovat Ukrajinu a\u017e do v\u00edt\u011bzstv\u00ed.<\/span><\/p>\n<p><span>Dobrou zpr\u00e1vou je, \u017ee tato v\u00e1lka m\u016f\u017ee brzy skon\u010dit.\u00a0Z\u00e1pad ztratil chu\u0165 nal\u00e9vat dal\u0161\u00ed pen\u00edze do ukrajinsk\u00e9 \u010dern\u00e9 d\u00edry.\u00a0S t\u00edm, jak USA a EU sklouz\u00e1vaj\u00ed do recese, maj\u00ed doma dost probl\u00e9m\u016f.\u00a0Protesty a nepokoje se st\u00e1vaj\u00ed b\u011b\u017enou zpr\u00e1vou.\u00a0Biden by v p\u0159\u00ed\u0161t\u00edch volb\u00e1ch nem\u011bl \u0161anci.\u00a0Jeho mozkem je \u0161v\u00fdcarsk\u00fd s\u00fdr a jedinou alternativou pro demokraty je Kennedy.<\/span><\/p>\n<p><span>Trump vyu\u017eije osudovou chybu na Ukrajin\u011b a bez\u00fat\u011b\u0161n\u00e9 ekonomick\u00e9 vyhl\u00eddky v USA k veden\u00ed \u00fasp\u011b\u0161n\u00e9 volebn\u00ed kampan\u011b.\u00a0Kennedy \u0159ekl, \u017ee spr\u00e1vn\u00e9 v\u011bci by byly jeho jedinou skute\u010dnou p\u0159ek\u00e1\u017ekou, ale demokrat\u00e9 tak zpackali svou zemi, \u017ee Trump se zd\u00e1 b\u00fdt jedinou volbou.\u00a0Realita je takov\u00e1, \u017ee nez\u00e1le\u017e\u00ed na tom, kdo bude p\u0159\u00ed\u0161t\u00edm americk\u00fdm prezidentem.\u00a0Nep\u0159ekonateln\u00e9 dluhov\u00e9 b\u0159emeno v kombinaci s dedolarizac\u00ed sv\u011btov\u00e9ho obchodu a vzestupem zem\u00ed BRICS+ uvrhne USA do desetilet\u00ed trvaj\u00edc\u00ed deprese s bezprecedentn\u00ed m\u00edrou chudoby a n\u00e1sil\u00ed.\u00a0Doufejme, \u017ee lidstvo uniklo kulce a jadern\u00e1 v\u00e1lka u\u017e nehroz\u00ed.\u00a0Alespo\u0148 tak hodnot\u00edm sou\u010dasnou situaci.\u00a0Pokud ale m\u00edrov\u00e1 jedn\u00e1n\u00ed sel\u017eou, m\u016f\u017ee se nap\u011bt\u00ed znovu rozho\u0159et.\u00a0Rusko m\u016f\u017ee b\u00fdt v poku\u0161en\u00ed ovl\u00e1dnout Od\u011bsu a prom\u011bnit Ukrajinu ve vnitrozemsk\u00fd st\u00e1t.\u00a0Rusko m\u00e1 v\u0161echny karty v ruce.\u00a0Uvid\u00edme, jak s nimi Putin zahraje.&#8220;<\/span><\/p>\n<p><img decoding=\"async\" loading=\"lazy\" class=\"alignnone size-full wp-image-1185\" src=\"http:\/\/www.infokuryr.cz\/n\/wp-content\/uploads\/2021\/04\/kuryr-podpis.png\" alt=\"\" width=\"84\" height=\"24\" \/><\/p>\n<p>&nbsp;<\/p>\n<p><a href=\"https:\/\/stranapro.cz\/\"><img decoding=\"async\" loading=\"lazy\" class=\"wp-image-30218 aligncenter\" src=\"http:\/\/www.infokuryr.cz\/n\/wp-content\/uploads\/2023\/06\/PRO-banner-300x36.png\" alt=\"\" width=\"1367\" height=\"164\" srcset=\"https:\/\/www.infokuryr.cz\/n\/wp-content\/uploads\/2023\/06\/PRO-banner-300x36.png 300w, https:\/\/www.infokuryr.cz\/n\/wp-content\/uploads\/2023\/06\/PRO-banner-768x93.png 768w, https:\/\/www.infokuryr.cz\/n\/wp-content\/uploads\/2023\/06\/PRO-banner.png 849w\" sizes=\"(max-width: 1367px) 100vw, 1367px\" \/><\/a><\/p>\n<p>&nbsp;<\/p>\n<p>&nbsp;<\/p>\n<p>&nbsp;<\/p>\n","protected":false},"excerpt":{"rendered":"<p>Summit NATO v litevsk\u00e9m Vilniusu, kter\u00fd skon\u010dil, byl pro Ukrajinu a jej\u00edho prezidenta Volodymyra Zelenskyje&#8230;<\/p>\n","protected":false},"author":2,"featured_media":32027,"comment_status":"closed","ping_status":"closed","sticky":false,"template":"","format":"standard","meta":[],"categories":[7],"tags":[2662,623,26,1000],"_links":{"self":[{"href":"https:\/\/www.infokuryr.cz\/n\/wp-json\/wp\/v2\/posts\/32026"}],"collection":[{"href":"https:\/\/www.infokuryr.cz\/n\/wp-json\/wp\/v2\/posts"}],"about":[{"href":"https:\/\/www.infokuryr.cz\/n\/wp-json\/wp\/v2\/types\/post"}],"author":[{"embeddable":true,"href":"https:\/\/www.infokuryr.cz\/n\/wp-json\/wp\/v2\/users\/2"}],"replies":[{"embeddable":true,"href":"https:\/\/www.infokuryr.cz\/n\/wp-json\/wp\/v2\/comments?post=32026"}],"version-history":[{"count":1,"href":"https:\/\/www.infokuryr.cz\/n\/wp-json\/wp\/v2\/posts\/32026\/revisions"}],"predecessor-version":[{"id":32028,"href":"https:\/\/www.infokuryr.cz\/n\/wp-json\/wp\/v2\/posts\/32026\/revisions\/32028"}],"wp:featuredmedia":[{"embeddable":true,"href":"https:\/\/www.infokuryr.cz\/n\/wp-json\/wp\/v2\/media\/32027"}],"wp:attachment":[{"href":"https:\/\/www.infokuryr.cz\/n\/wp-json\/wp\/v2\/media?parent=32026"}],"wp:term":[{"taxonomy":"category","embeddable":true,"href":"https:\/\/www.infokuryr.cz\/n\/wp-json\/wp\/v2\/categories?post=32026"},{"taxonomy":"post_tag","embeddable":true,"href":"https:\/\/www.infokuryr.cz\/n\/wp-json\/wp\/v2\/tags?post=32026"}],"curies":[{"name":"wp","href":"https:\/\/api.w.org\/{rel}","templated":true}]}}