{"id":32024,"date":"2023-07-13T01:10:15","date_gmt":"2023-07-12T23:10:15","guid":{"rendered":"http:\/\/www.infokuryr.cz\/n\/?p=32024"},"modified":"2023-07-12T14:41:28","modified_gmt":"2023-07-12T12:41:28","slug":"srbsky-prezident-vucic-nemecko-financuje-masove-protesty-proti-srbsku","status":"publish","type":"post","link":"https:\/\/www.infokuryr.cz\/n\/2023\/07\/13\/srbsky-prezident-vucic-nemecko-financuje-masove-protesty-proti-srbsku\/","title":{"rendered":"Srbsk\u00fd prezident Vu\u010di\u0107: N\u011bmecko financuje masov\u00e9 protesty proti Srbsku"},"content":{"rendered":"<div id=\"fb-root\"><\/div>\n<p><strong>Podle srbsk\u00e9ho prezidenta Aleksandara Vu\u010di\u0107e n\u011bmeck\u00e9 organizace v\u010detn\u011b Nadace Heinricha B\u00f6lla a Zelen\u00fdch financuj\u00ed dev\u00edtit\u00fddenn\u00ed protesty opozice v Srbsku, co\u017e m\u016f\u017ee dok\u00e1zat.\u00a0Srbsk\u00e1 hlava st\u00e1tu dodala:<\/strong><\/p>\n<p><em>&#8222;Kdyby jim n\u011bkdo ud\u011blal tot\u00e9\u017e, byla by revoluce.&#8220;<\/em><\/p>\n<p>M\u011bl na mysli \u00fadajn\u00e9 vm\u011b\u0161ov\u00e1n\u00ed Ruska do americk\u00fdch voleb, p\u0159i\u010dem\u017e Srbsku p\u0159ed ka\u017ed\u00fdmi volbami pos\u00edlalo co nejv\u00edce pen\u011bz.<\/p>\n<p>N\u011bmeck\u00e1 ambas\u00e1da v B\u011blehrad\u011b okam\u017eit\u011b pop\u0159ela obvin\u011bn\u00ed ministra vnitra Ratislava Ga\u0161i\u0107e, \u017ee n\u011bmeck\u00e9 \u00fa\u0159ady chr\u00e1n\u00ed i vraha b\u00fdval\u00e9ho v\u016fdce kosovsk\u00fdch Srb\u016f Olivera Ivanovi\u010de.\u00a0N\u011bmeck\u00e1 europoslankyn\u011b za Zelen\u00e9 Viola von Cramon-Taubadel tak\u00e9 ozna\u010dila Vucicova tvrzen\u00ed za \u201e\u00a0<em>naprost\u00fd nesmysl<\/em>\u00a0\u201c.<\/p>\n<p><span style=\"font-size: 18pt;\"><strong>Ru\u0161en\u00ed ze strany N\u011bmecka<\/strong><\/span><\/p>\n<p>Cramon zase obvinil srbsk\u00e9ho prezidenta, \u017ee po dvou tragick\u00fdch masov\u00fdch vra\u017ed\u00e1ch, kter\u00e9 ot\u0159\u00e1sly Srbskem, neprojevil ani soucit, ani obavy. Proto tis\u00edce Srb\u016f vy\u0161ly do ulic.<\/p>\n<p>Podle n\u011bmeck\u00e9ho diplomatick\u00e9ho z\u00e1stupce by se lid\u00e9 pr\u00e1vem zlobili na mocensk\u00e9 elity.\u00a0Nav\u00edc i oby\u010dejn\u00ed lid\u00e9 by v\u011bd\u011bli, \u017ee re\u017eim je \u010d\u00e1ste\u010dn\u011b zodpov\u011bdn\u00fd za to, co se d\u011bje v Srbsku, kv\u016fli nen\u00e1vistn\u00fdm m\u00e9di\u00edm.<\/p>\n<p><span style=\"font-size: 18pt;\"><strong>Vytvo\u0159en\u00ed n\u00e1rodn\u00ed konzultace\u00a0<\/strong><\/span><\/p>\n<p>Vu\u010di\u010d mezit\u00edm zah\u00e1jil celost\u00e1tn\u00ed konzultaci o vytvo\u0159en\u00ed lidov\u00e9ho prost\u00e1tn\u00edho hnut\u00ed, do kter\u00e9ho chce zapojit i opozici.\u00a0Podle Vu\u010di\u0107e se Z\u00e1pad o ohro\u017een\u00e1 pr\u00e1va kosovsk\u00fdch Srb\u016f nestar\u00e1 a kosovsk\u00e9ho premi\u00e9ra Kurtiho ozna\u010dil za ne\u010destn\u00e9ho a iracion\u00e1ln\u00edho \u010dlov\u011bka.<\/p>\n<p>Chce naslouchat v\u0161em, v\u010detn\u011b opozice.\u00a0Ne\u017e v\u0161ak n\u00e1rodn\u00ed hnut\u00ed vzniklo a jeho program se vypracoval, opozice s n\u00edm odm\u00edtla mluvit.\u00a0Platformu podle Vu\u010di\u0107e zastupuj\u00ed lid\u00e9, kte\u0159\u00ed nikdy nebyli \u010dleny politick\u00e9 strany.<\/p>\n<p>Pokud jde o situaci v zemi, Vu\u010di\u0107 vysv\u011btlil, \u017ee ekonomick\u00e9 \u00fadaje za kv\u011bten a \u010derven jsou mnohem lep\u0161\u00ed ne\u017e za duben a b\u0159ezen.\u00a0Pokud budou v\u011bci takto pokra\u010dovat, z\u016fst\u00e1v\u00e1 optimistou.\u00a0Ale pro udr\u017een\u00ed m\u00edru v Kosovu je t\u0159eba ud\u011blat v\u0161e.<\/p>\n<p><img decoding=\"async\" loading=\"lazy\" class=\"alignnone size-full wp-image-1185\" src=\"http:\/\/www.infokuryr.cz\/n\/wp-content\/uploads\/2021\/04\/kuryr-podpis.png\" alt=\"\" width=\"84\" height=\"24\" \/><\/p>\n<p>&nbsp;<\/p>\n<p><a href=\"https:\/\/stranapro.cz\/\"><img decoding=\"async\" loading=\"lazy\" class=\"wp-image-30218 aligncenter\" src=\"http:\/\/www.infokuryr.cz\/n\/wp-content\/uploads\/2023\/06\/PRO-banner-300x36.png\" alt=\"\" width=\"1358\" height=\"163\" srcset=\"https:\/\/www.infokuryr.cz\/n\/wp-content\/uploads\/2023\/06\/PRO-banner-300x36.png 300w, https:\/\/www.infokuryr.cz\/n\/wp-content\/uploads\/2023\/06\/PRO-banner-768x93.png 768w, https:\/\/www.infokuryr.cz\/n\/wp-content\/uploads\/2023\/06\/PRO-banner.png 849w\" sizes=\"(max-width: 1358px) 100vw, 1358px\" \/><\/a><\/p>\n<p>&nbsp;<\/p>\n<p>&nbsp;<\/p>\n<p>&nbsp;<\/p>\n","protected":false},"excerpt":{"rendered":"<p>Podle srbsk\u00e9ho prezidenta Aleksandara Vu\u010di\u0107e n\u011bmeck\u00e9 organizace v\u010detn\u011b Nadace Heinricha B\u00f6lla a Zelen\u00fdch financuj\u00ed dev\u00edtit\u00fddenn\u00ed&#8230;<\/p>\n","protected":false},"author":2,"featured_media":32025,"comment_status":"closed","ping_status":"closed","sticky":false,"template":"","format":"standard","meta":[],"categories":[7],"tags":[84,1226,139,3396],"_links":{"self":[{"href":"https:\/\/www.infokuryr.cz\/n\/wp-json\/wp\/v2\/posts\/32024"}],"collection":[{"href":"https:\/\/www.infokuryr.cz\/n\/wp-json\/wp\/v2\/posts"}],"about":[{"href":"https:\/\/www.infokuryr.cz\/n\/wp-json\/wp\/v2\/types\/post"}],"author":[{"embeddable":true,"href":"https:\/\/www.infokuryr.cz\/n\/wp-json\/wp\/v2\/users\/2"}],"replies":[{"embeddable":true,"href":"https:\/\/www.infokuryr.cz\/n\/wp-json\/wp\/v2\/comments?post=32024"}],"version-history":[{"count":0,"href":"https:\/\/www.infokuryr.cz\/n\/wp-json\/wp\/v2\/posts\/32024\/revisions"}],"wp:featuredmedia":[{"embeddable":true,"href":"https:\/\/www.infokuryr.cz\/n\/wp-json\/wp\/v2\/media\/32025"}],"wp:attachment":[{"href":"https:\/\/www.infokuryr.cz\/n\/wp-json\/wp\/v2\/media?parent=32024"}],"wp:term":[{"taxonomy":"category","embeddable":true,"href":"https:\/\/www.infokuryr.cz\/n\/wp-json\/wp\/v2\/categories?post=32024"},{"taxonomy":"post_tag","embeddable":true,"href":"https:\/\/www.infokuryr.cz\/n\/wp-json\/wp\/v2\/tags?post=32024"}],"curies":[{"name":"wp","href":"https:\/\/api.w.org\/{rel}","templated":true}]}}