{"id":32023,"date":"2023-07-13T01:09:47","date_gmt":"2023-07-12T23:09:47","guid":{"rendered":"http:\/\/www.infokuryr.cz\/n\/?p=32023"},"modified":"2023-07-12T14:37:52","modified_gmt":"2023-07-12T12:37:52","slug":"usa-od-te-doby-co-se-zacalo-s-ockovanim-rapidne-vzrostl-pocet-lidi-se-zdravotnim-postizenim","status":"publish","type":"post","link":"https:\/\/www.infokuryr.cz\/n\/2023\/07\/13\/usa-od-te-doby-co-se-zacalo-s-ockovanim-rapidne-vzrostl-pocet-lidi-se-zdravotnim-postizenim\/","title":{"rendered":"USA: Od t\u00e9 doby, co se za\u010dalo s o\u010dkov\u00e1n\u00edm, rapidn\u011b vzrostl po\u010det lid\u00ed se zdravotn\u00edm posti\u017een\u00edm"},"content":{"rendered":"<div id=\"fb-root\"><\/div>\n<p><strong>Podle \u00fadaj\u016f americk\u00e9ho \u00fa\u0159adu pro statistiku pr\u00e1ce do\u0161lo v USA od roku 2021 k v\u00fdrazn\u00e9mu n\u00e1r\u016fstu posti\u017een\u00ed.\u00a0Zat\u00edmco po\u010det osob se zdravotn\u00edm posti\u017een\u00edm ve v\u011bku od 16 let v roce 2020 Corona celkov\u011b klesl, na za\u010d\u00e1tku roku 2021 do\u0161lo k rychl\u00e9mu n\u00e1r\u016fstu \u2013 v\u00fdvoj, kter\u00fd se od t\u00e9 doby nezastavil.\u00a0Co se pr\u00e1v\u011b stalo v roce 2021?<\/strong><\/p>\n<p>Pokud v\u011b\u0159\u00edte vypr\u00e1v\u011bn\u00ed o Coron\u011b, po\u010det lid\u00ed s posti\u017een\u00edm se m\u011bl rapidn\u011b zv\u00fd\u0161it, zvl\u00e1\u0161t\u011b v roce 2020, kdy kolovala nebezpe\u010dn\u011bj\u0161\u00ed p\u016fvodn\u00ed varianta.\u00a0Tento n\u00e1r\u016fst ale p\u0159i\u0161el a\u017e v roce 2021 \u2013 hned po zah\u00e1jen\u00ed hromadn\u00e9ho o\u010dkov\u00e1n\u00ed.\u00a0Vypl\u00fdv\u00e1 to z \u00fadaj\u016f americk\u00e9ho \u00da\u0159adu pro statistiku pr\u00e1ce,\u00a0<a href=\"https:\/\/fred.stlouisfed.org\/series\/LNU00074597\" target=\"_blank\" rel=\"noreferrer noopener\">kter\u00e9 p\u0159ipravila Feder\u00e1ln\u00ed rezervn\u00ed banka v St. Louis<\/a>\u00a0.\u00a0Zv\u011bd Corony Stefan Homburg dnes na\u00a0<a href=\"https:\/\/twitter.com\/SHomburg\/status\/1679000525134503943?s=20\" target=\"_blank\" rel=\"noreferrer noopener\">Twitteru<\/a>\u00a0uvedl : \u201eKdy\u017e Corona v roce 2020 zas\u00e1hla \u201enechr\u00e1n\u011bnou\u201c populaci USA, v\u0161e z\u016fstalo norm\u00e1ln\u00ed.\u00a0Od roku 2021 se po\u010det lid\u00ed se zdravotn\u00edm posti\u017een\u00edm zv\u00fd\u0161il o 4 miliony.\u201c<\/p>\n<figure class=\"wp-block-image size-full\"><img decoding=\"async\" loading=\"lazy\" class=\"wp-image-97737 lazyloaded aligncenter\" src=\"https:\/\/report24.news\/wp-content\/uploads\/2023\/07\/Screenshot-2023-07-12-at-12.17.53.png\" sizes=\"(max-width: 1070px) 100vw, 1070px\" srcset=\"https:\/\/report24.news\/wp-content\/uploads\/2023\/07\/Screenshot-2023-07-12-at-12.17.53.png 1070w, https:\/\/report24.news\/wp-content\/uploads\/2023\/07\/Screenshot-2023-07-12-at-12.17.53-768x689.png 768w, https:\/\/report24.news\/wp-content\/uploads\/2023\/07\/Screenshot-2023-07-12-at-12.17.53-600x538.png 600w\" alt=\"\" width=\"714\" height=\"641\" data-srcset=\"https:\/\/report24.news\/wp-content\/uploads\/2023\/07\/Screenshot-2023-07-12-at-12.17.53.png 1070w, https:\/\/report24.news\/wp-content\/uploads\/2023\/07\/Screenshot-2023-07-12-at-12.17.53-768x689.png 768w, https:\/\/report24.news\/wp-content\/uploads\/2023\/07\/Screenshot-2023-07-12-at-12.17.53-600x538.png 600w\" data-src=\"https:\/\/report24.news\/wp-content\/uploads\/2023\/07\/Screenshot-2023-07-12-at-12.17.53.png\" \/><figcaption class=\"wp-element-caption\"><em>Sn\u00edmek obrazovky \u2013 Zdroj: <a href=\"https:\/\/fred.stlouisfed.org\/series\/LNU00074597\" target=\"_blank\" rel=\"noreferrer noopener\">FRED<\/a>\u00a0(Ekonomick\u00e1 datab\u00e1ze Feder\u00e1ln\u00edch rezerv)<\/em><\/figcaption><\/figure>\n<p><span style=\"font-size: 18pt;\"><strong>Tak\u00e9 pohled na slo\u017eenou ro\u010dn\u00ed m\u00edru zm\u011bn za posledn\u00edch deset let ukazuje v\u00fdrazn\u00fd n\u00e1r\u016fst v roce 2021:<\/strong><\/span><\/p>\n<figure class=\"wp-block-image size-full\"><img decoding=\"async\" loading=\"lazy\" class=\"wp-image-97738 lazyloaded aligncenter\" src=\"https:\/\/report24.news\/wp-content\/uploads\/2023\/07\/Screenshot-2023-07-12-at-12.49.35.png\" sizes=\"(max-width: 1430px) 100vw, 1430px\" srcset=\"https:\/\/report24.news\/wp-content\/uploads\/2023\/07\/Screenshot-2023-07-12-at-12.49.35.png 1430w, https:\/\/report24.news\/wp-content\/uploads\/2023\/07\/Screenshot-2023-07-12-at-12.49.35-768x516.png 768w, https:\/\/report24.news\/wp-content\/uploads\/2023\/07\/Screenshot-2023-07-12-at-12.49.35-600x403.png 600w, https:\/\/report24.news\/wp-content\/uploads\/2023\/07\/Screenshot-2023-07-12-at-12.49.35-272x182.png 272w\" alt=\"\" width=\"692\" height=\"464\" data-srcset=\"https:\/\/report24.news\/wp-content\/uploads\/2023\/07\/Screenshot-2023-07-12-at-12.49.35.png 1430w, https:\/\/report24.news\/wp-content\/uploads\/2023\/07\/Screenshot-2023-07-12-at-12.49.35-768x516.png 768w, https:\/\/report24.news\/wp-content\/uploads\/2023\/07\/Screenshot-2023-07-12-at-12.49.35-600x403.png 600w, https:\/\/report24.news\/wp-content\/uploads\/2023\/07\/Screenshot-2023-07-12-at-12.49.35-272x182.png 272w\" data-src=\"https:\/\/report24.news\/wp-content\/uploads\/2023\/07\/Screenshot-2023-07-12-at-12.49.35.png\" \/><figcaption class=\"wp-element-caption\"><em>Sn\u00edmek obrazovky \u2013 Zdroj:\u00a0<a href=\"https:\/\/fred.stlouisfed.org\/series\/LNU00074597#0\" target=\"_blank\" rel=\"noreferrer noopener\">FRED<\/a><\/em><\/figcaption><\/figure>\n<p>\u010cist\u011b n\u00e1hodn\u011b?\u00a0V\u0161echny takzvan\u00e9 corona late effects?\u00a0Bez ohledu na \u010d\u00edsla za rok 2020 by Karl Lauterbach nepochybn\u011b zvolil to druh\u00e9 \u201evysv\u011btlen\u00ed\u201c \u2013 koneckonc\u016f, ti, kte\u0159\u00ed jsou zodpov\u011bdn\u00ed za koronavirovou politiku, nemaj\u00ed z\u00e1jem o skute\u010dn\u00fd v\u00fdzkum p\u0159\u00ed\u010din.\u00a0St\u00e1le nen\u00ed jasn\u00e9, kolik lid\u00ed bylo skute\u010dn\u011b trvale po\u0161kozeno masov\u00fdm o\u010dkov\u00e1n\u00edm experiment\u00e1ln\u00edmi l\u00e9ky na genovou terapii.\u00a0Jak dlouho budou politici moci pop\u00edrat to, co ud\u011blali lidem t\u00edm, \u017ee zavedli povinn\u00e9 o\u010dkov\u00e1n\u00ed?<\/p>\n<p><img decoding=\"async\" loading=\"lazy\" class=\"alignnone size-full wp-image-1185\" src=\"http:\/\/www.infokuryr.cz\/n\/wp-content\/uploads\/2021\/04\/kuryr-podpis.png\" alt=\"\" width=\"84\" height=\"24\" \/><\/p>\n<p>&nbsp;<\/p>\n<p><a href=\"https:\/\/stranapro.cz\/\"><img decoding=\"async\" loading=\"lazy\" class=\"wp-image-30218 aligncenter\" src=\"http:\/\/www.infokuryr.cz\/n\/wp-content\/uploads\/2023\/06\/PRO-banner-300x36.png\" alt=\"\" width=\"1350\" height=\"162\" srcset=\"https:\/\/www.infokuryr.cz\/n\/wp-content\/uploads\/2023\/06\/PRO-banner-300x36.png 300w, https:\/\/www.infokuryr.cz\/n\/wp-content\/uploads\/2023\/06\/PRO-banner-768x93.png 768w, https:\/\/www.infokuryr.cz\/n\/wp-content\/uploads\/2023\/06\/PRO-banner.png 849w\" sizes=\"(max-width: 1350px) 100vw, 1350px\" \/><\/a><\/p>\n<p>&nbsp;<\/p>\n<p>&nbsp;<\/p>\n<p>&nbsp;<\/p>\n<p>&nbsp;<\/p>\n","protected":false},"excerpt":{"rendered":"<p>Podle \u00fadaj\u016f americk\u00e9ho \u00fa\u0159adu pro statistiku pr\u00e1ce do\u0161lo v USA od roku 2021 k v\u00fdrazn\u00e9mu&#8230;<\/p>\n","protected":false},"author":2,"featured_media":3713,"comment_status":"closed","ping_status":"closed","sticky":false,"template":"","format":"standard","meta":[],"categories":[7],"tags":[1028,213,37,21],"_links":{"self":[{"href":"https:\/\/www.infokuryr.cz\/n\/wp-json\/wp\/v2\/posts\/32023"}],"collection":[{"href":"https:\/\/www.infokuryr.cz\/n\/wp-json\/wp\/v2\/posts"}],"about":[{"href":"https:\/\/www.infokuryr.cz\/n\/wp-json\/wp\/v2\/types\/post"}],"author":[{"embeddable":true,"href":"https:\/\/www.infokuryr.cz\/n\/wp-json\/wp\/v2\/users\/2"}],"replies":[{"embeddable":true,"href":"https:\/\/www.infokuryr.cz\/n\/wp-json\/wp\/v2\/comments?post=32023"}],"version-history":[{"count":0,"href":"https:\/\/www.infokuryr.cz\/n\/wp-json\/wp\/v2\/posts\/32023\/revisions"}],"wp:featuredmedia":[{"embeddable":true,"href":"https:\/\/www.infokuryr.cz\/n\/wp-json\/wp\/v2\/media\/3713"}],"wp:attachment":[{"href":"https:\/\/www.infokuryr.cz\/n\/wp-json\/wp\/v2\/media?parent=32023"}],"wp:term":[{"taxonomy":"category","embeddable":true,"href":"https:\/\/www.infokuryr.cz\/n\/wp-json\/wp\/v2\/categories?post=32023"},{"taxonomy":"post_tag","embeddable":true,"href":"https:\/\/www.infokuryr.cz\/n\/wp-json\/wp\/v2\/tags?post=32023"}],"curies":[{"name":"wp","href":"https:\/\/api.w.org\/{rel}","templated":true}]}}