{"id":32022,"date":"2023-07-13T01:08:16","date_gmt":"2023-07-12T23:08:16","guid":{"rendered":"http:\/\/www.infokuryr.cz\/n\/?p=32022"},"modified":"2023-07-12T14:24:54","modified_gmt":"2023-07-12T12:24:54","slug":"politika-zelene-energie-francie-varuje-nemecko-aby-si-zajistilo-vlastni-dodavky-elektriny","status":"publish","type":"post","link":"https:\/\/www.infokuryr.cz\/n\/2023\/07\/13\/politika-zelene-energie-francie-varuje-nemecko-aby-si-zajistilo-vlastni-dodavky-elektriny\/","title":{"rendered":"Politika zelen\u00e9 energie: Francie varuje N\u011bmecko, aby si zajistilo vlastn\u00ed dod\u00e1vky elekt\u0159iny"},"content":{"rendered":"<div id=\"fb-root\"><\/div>\n<p><strong><span>N\u011bmecko p\u016fsobiv\u011b ukazuje sv\u011btu, jak to nejde: Po odstaven\u00ed zb\u00fdvaj\u00edc\u00edch jadern\u00fdch elektr\u00e1ren N\u011bmecko od poloviny dubna dov\u00e1\u017e\u00ed v\u00fdrazn\u011b v\u00edce elekt\u0159iny \u2013 zejm\u00e9na z Francie.\u00a0Tak\u017ee jste nahradili vlastn\u00ed jadernou energii tou ze zahrani\u010d\u00ed.\u00a0Francouzsk\u00e1 ministryn\u011b energetiky Agn\u00e8s Pannier-Runacher ost\u0159e kritizuje tento dvoj\u00ed metr a varuje p\u0159ed rostouc\u00ed z\u00e1vislost\u00ed N\u011bmecka na sv\u00fdch sousedech: Ka\u017ed\u00e1 zem\u011b m\u00e1 odpov\u011bdnost za zaji\u0161t\u011bn\u00ed vlastn\u00edch dod\u00e1vek energie.<\/span><\/strong><\/p>\n<p><span>Pot\u00e9, co byly posledn\u00ed jadern\u00e9 reaktory v dubnu vypnuty, v\u00fdrazn\u011b vzrostl n\u011bmeck\u00fd dovoz elekt\u0159iny ze zahrani\u010d\u00ed.\u00a0Semafory, zejm\u00e9na Zelen\u00ed, jakoukoli souvislost pop\u00edraj\u00ed \u2013 energetici i opozi\u010dn\u00ed politici vid\u00ed v\u011bci\u00a0<\/span><a href=\"https:\/\/www.finanznachrichten.de\/nachrichten-2023-07\/59483909-deutschlands-stromimporte-seit-akw-aus-deutlich-gestiegen-003.htm\" target=\"_blank\" rel=\"noreferrer noopener\"><span>jinak<\/span><\/a><span>\u00a0.\u00a0Parlamentn\u00ed mana\u017eer region\u00e1ln\u00ed skupiny CSU Stefan M\u00fcller k tomu uvedl:\u00a0<\/span><strong><span>\u201eSemafor s odstaven\u00edm n\u00e1rodn\u00edch jadern\u00fdch elektr\u00e1ren ot\u0159\u00e1sl energetickou suverenitou N\u011bmecka.\u00a0M\u00edsto v\u00fdroby dostate\u010dn\u00e9ho mno\u017estv\u00ed elekt\u0159iny v N\u011bmecku jsme nyn\u00ed z\u00e1visl\u00ed na jadern\u00e9 energii z Francie.\u00a0Takto Habeck ohro\u017euje N\u011bmecko jako pr\u016fmyslovou lokalitu.\u201c\u00a0<\/span><\/strong><\/p>\n<p><span>Nyn\u00ed ost\u0159e kritizovala i francouzsk\u00e1 ministryn\u011b energetiky Agn\u00e8s Pannier-Runacher: Varovala\u00a0Handelsblatt , \u017ee N\u011bmecku hroz\u00ed\u00a0<\/span><a href=\"https:\/\/app.handelsblatt.com\/politik\/international\/interview-mit-energieministerin-frankreich-uebt-scharfe-kritik-an-deutscher-energiepolitik\/29238960.html\" target=\"_blank\" rel=\"noreferrer noopener\"><span>, \u017ee bude st\u00e1le v\u00edce z\u00e1visl\u00e9 na jadern\u00e9 energii sv\u00fdch soused\u016f.\u00a0<\/span><\/a><span>Nem\u00e1 pochopen\u00ed pro zelen\u00fd dvoj\u00ed metr v jadern\u00e9 energetice: \u201eJe v rozporu na jedn\u00e9 stran\u011b dov\u00e1\u017eet francouzskou jadernou energii v masivn\u00edm m\u011b\u0159\u00edtku a odm\u00edtat ka\u017ed\u00fd text a legislativu v EU, kter\u00e1 uzn\u00e1v\u00e1 p\u0159idanou hodnotu t\u00e9to n\u00edzk\u00e9 uhl\u00edkov\u00e1 forma energie na druh\u00e9.\u201c V n\u011bmeck\u00e9 politice je dokonce \u201eprobl\u00e9m s d\u016fv\u011bryhodnost\u00ed\u201c, proto\u017ee N\u011bmecko je st\u00e1le z\u00e1visl\u00e9 na fosiln\u00edch palivech kv\u016fli nespolehlivosti obnoviteln\u00fdch zdroj\u016f.<\/span><\/p>\n<p><strong><span>&#8222;Ka\u017ed\u00e1 zem\u011b mus\u00ed splnit svou odpov\u011bdnost za zaji\u0161t\u011bn\u00ed vlastn\u00edch dod\u00e1vek a p\u0159isp\u011bt ke stabilit\u011b evropsk\u00e9 s\u00edt\u011b,&#8220;<\/span><\/strong><span>\u00a0\u0159ekl Pannier-Runacher.\u00a0N\u011bmeck\u00e9 ministerstvo hospod\u00e1\u0159stv\u00ed na toto prohl\u00e1\u0161en\u00ed reagovalo podr\u00e1\u017ed\u011bn\u011b a\u00a0<\/span><a href=\"https:\/\/www.euractiv.de\/section\/europa-kompakt\/news\/ampel-wehrt-sich-gegen-frankreichs-kritik-an-energiepolitik\/\" target=\"_blank\" rel=\"noreferrer noopener\"><span>uvedlo<\/span><\/a><span>\u00a0, \u017ee vlastn\u011b nejsou na elekt\u0159in\u011b z\u00e1visl\u00ed, na evropsk\u00e9m vnit\u0159n\u00edm trhu s elekt\u0159inou se elekt\u0159ina vyr\u00e1b\u011bla pouze tam, kde byla nejlevn\u011bj\u0161\u00ed \u2013 tedy ne v N\u011bmecku.\u00a0(T\u00edmto pokusem o ospravedln\u011bn\u00ed byla samoz\u0159ejm\u011b op\u011bt vyvr\u00e1cena poh\u00e1dka o klesaj\u00edc\u00edch cen\u00e1ch elekt\u0159iny v d\u016fsledku odstavov\u00e1n\u00ed jadern\u00fdch elektr\u00e1ren, kterou cht\u011bla zelen\u00e1 Katrin G\u00f6ring-Eckardtov\u00e1 sd\u011blit ob\u010dan\u016fm v dobr\u00e9 v\u00ed\u0159e.)<\/span><\/p>\n<p><span>Mluv\u010d\u00ed pro energetickou politiku Zelen\u00fdch na druhou stranu tvrdila, \u017ee N\u011bmecko skute\u010dn\u011b zajistilo dod\u00e1vku pro Francii minulou zimu (nezapome\u0148te, v dob\u011b, kdy byly n\u011bmeck\u00e9 jadern\u00e9 reaktory je\u0161t\u011b p\u0159ipojeny k s\u00edti), proto\u017ee mnoho francouzsk\u00fdch jadern\u00fdch elektr\u00e1ren\u201c kv\u016fli bezpe\u010dnostn\u00edm probl\u00e9m\u016fm\u201c (ve skute\u010dnosti: \u00fadr\u017eba\u00a0<\/span><a href=\"https:\/\/www.reuters.com\/business\/energy\/why-nuclear-powered-france-faces-power-outage-risks-2022-12-09\/\" target=\"_blank\" rel=\"noreferrer noopener\"><span>a opravy<\/span><\/a><span>\u00a0) nebyly k dispozici.\u00a0Francie, zem\u011b jadern\u00e9 energetiky, si tento probl\u00e9m sama zp\u016fsobila v pr\u016fb\u011bhu let nedostatku investic do jadern\u00e9ho sektoru.<\/span><\/p>\n<p><span>Pokud bude sou\u010dasn\u011b pot\u0159eba oprav v mnoha francouzsk\u00fdch elektr\u00e1rn\u00e1ch, N\u011bmecko jako v\u00fdvozce elekt\u0159iny bude za sou\u010dasn\u00e9ho stavu pravd\u011bpodobn\u011b mimo \u010dinnost: Zem\u011b zelen\u00fdch zachr\u00e1nc\u016f sv\u011bta pak bude st\u00e1le v\u00edce pat\u0159it mezi ob\u011bt\u00ed.\u00a0Nebylo c\u00edlem \u201eenergetick\u00e9 transformace\u201c \u00fadajn\u011b sn\u00ed\u017eit z\u00e1vislost na jin\u00fdch zem\u00edch?<\/span><\/p>\n<p><img decoding=\"async\" loading=\"lazy\" class=\"alignnone size-full wp-image-1185\" src=\"http:\/\/www.infokuryr.cz\/n\/wp-content\/uploads\/2021\/04\/kuryr-podpis.png\" alt=\"\" width=\"84\" height=\"24\" \/><\/p>\n<p>&nbsp;<\/p>\n<p><a href=\"https:\/\/stranapro.cz\/\"><img decoding=\"async\" loading=\"lazy\" class=\"wp-image-30218 aligncenter\" src=\"http:\/\/www.infokuryr.cz\/n\/wp-content\/uploads\/2023\/06\/PRO-banner-300x36.png\" alt=\"\" width=\"1358\" height=\"163\" srcset=\"https:\/\/www.infokuryr.cz\/n\/wp-content\/uploads\/2023\/06\/PRO-banner-300x36.png 300w, https:\/\/www.infokuryr.cz\/n\/wp-content\/uploads\/2023\/06\/PRO-banner-768x93.png 768w, https:\/\/www.infokuryr.cz\/n\/wp-content\/uploads\/2023\/06\/PRO-banner.png 849w\" sizes=\"(max-width: 1358px) 100vw, 1358px\" \/><\/a><\/p>\n<p>&nbsp;<\/p>\n<p>&nbsp;<\/p>\n<p>&nbsp;<\/p>\n","protected":false},"excerpt":{"rendered":"<p>N\u011bmecko p\u016fsobiv\u011b ukazuje sv\u011btu, jak to nejde: Po odstaven\u00ed zb\u00fdvaj\u00edc\u00edch jadern\u00fdch elektr\u00e1ren N\u011bmecko od poloviny&#8230;<\/p>\n","protected":false},"author":2,"featured_media":5275,"comment_status":"closed","ping_status":"closed","sticky":false,"template":"","format":"standard","meta":[],"categories":[7],"tags":[5452,84,2864],"_links":{"self":[{"href":"https:\/\/www.infokuryr.cz\/n\/wp-json\/wp\/v2\/posts\/32022"}],"collection":[{"href":"https:\/\/www.infokuryr.cz\/n\/wp-json\/wp\/v2\/posts"}],"about":[{"href":"https:\/\/www.infokuryr.cz\/n\/wp-json\/wp\/v2\/types\/post"}],"author":[{"embeddable":true,"href":"https:\/\/www.infokuryr.cz\/n\/wp-json\/wp\/v2\/users\/2"}],"replies":[{"embeddable":true,"href":"https:\/\/www.infokuryr.cz\/n\/wp-json\/wp\/v2\/comments?post=32022"}],"version-history":[{"count":0,"href":"https:\/\/www.infokuryr.cz\/n\/wp-json\/wp\/v2\/posts\/32022\/revisions"}],"wp:featuredmedia":[{"embeddable":true,"href":"https:\/\/www.infokuryr.cz\/n\/wp-json\/wp\/v2\/media\/5275"}],"wp:attachment":[{"href":"https:\/\/www.infokuryr.cz\/n\/wp-json\/wp\/v2\/media?parent=32022"}],"wp:term":[{"taxonomy":"category","embeddable":true,"href":"https:\/\/www.infokuryr.cz\/n\/wp-json\/wp\/v2\/categories?post=32022"},{"taxonomy":"post_tag","embeddable":true,"href":"https:\/\/www.infokuryr.cz\/n\/wp-json\/wp\/v2\/tags?post=32022"}],"curies":[{"name":"wp","href":"https:\/\/api.w.org\/{rel}","templated":true}]}}