{"id":31989,"date":"2023-07-12T05:05:14","date_gmt":"2023-07-12T03:05:14","guid":{"rendered":"http:\/\/www.infokuryr.cz\/n\/?p=31989"},"modified":"2023-07-12T05:05:14","modified_gmt":"2023-07-12T03:05:14","slug":"erik-jouda-mily-pane-ministre-rakusane","status":"publish","type":"post","link":"https:\/\/www.infokuryr.cz\/n\/2023\/07\/12\/erik-jouda-mily-pane-ministre-rakusane\/","title":{"rendered":"Erik Jouda: Mil\u00fd pane minist\u0159e Raku\u0161ane"},"content":{"rendered":"<div id=\"fb-root\"><\/div>\n<p align=\"JUSTIFY\"><strong>Mil\u00fd pane minist\u0159e Raku\u0161ane,<\/strong><\/p>\n<p align=\"JUSTIFY\">ji\u017e n\u011bkolik let sleduji Va\u0161i politickou kari\u00e9ru a jsem nad\u0161en Va\u0161\u00ed osobnost\u00ed, kter\u00e1 sv\u00fdm stylem roz\u010de\u0159ila stojat\u00e9 vody nejen \u010desk\u00e9, ale i sv\u011btov\u00e9 politiky.<\/p>\n<p align=\"JUSTIFY\">Ji\u017e jako opozi\u010dn\u00ed politik jste m\u011b zaujal svou rozv\u00e1\u017enou a klidnou mluvou, kter\u00e1 nasm\u011brovala mou ruku k\u00a0zakrou\u017ekov\u00e1n\u00ed Va\u0161eho jm\u00e9na na volebn\u00edm l\u00edstku spole\u010dn\u00e9 kandid\u00e1tky pir\u00e1t\u016f a starost\u016f. Naprosto skv\u011bl\u00fd a geni\u00e1ln\u00ed tah pana profesora Fialy (mimochodem nejlep\u0161\u00edho premi\u00e9ra od roku 1990), kter\u00fd V\u00e1s jmenoval ministrem vnitra, mi t\u00e9m\u011b\u0159 nahrnul slzy radosti do o\u010d\u00ed. Jen d\u00edky V\u00e1m a Va\u0161\u00ed rozhodn\u00e9 d\u016fslednosti pak mohlo doj\u00edt k\u00a0zablokov\u00e1n\u00ed dezinforma\u010dn\u00edch web\u016f, kter\u00e9 \u0161\u00ed\u0159ily u\u017e del\u0161\u00ed dobu prokazateln\u00e9 l\u017ei o laboratorn\u00edm p\u016fvodu kovidov\u00e9 n\u00e1kazy a po lo\u0148sk\u00e9m \u00fanoru naprosto nepravdiv\u011b l\u00ed\u010dily situaci na ukrajinsk\u00e9m boji\u0161ti v\u010detn\u011b \u0161patn\u00e9ho informov\u00e1n\u00ed o postoj\u00edch b\u011b\u017en\u00e9ho rusk\u00e9ho ob\u010dana k\u00a0Putinov\u011b politice.<\/p>\n<p align=\"JUSTIFY\">\u00a0<img decoding=\"async\" loading=\"lazy\" class=\"wp-image-31991 alignleft\" src=\"http:\/\/www.infokuryr.cz\/n\/wp-content\/uploads\/2023\/07\/rakusan-1-300x228.jpg\" alt=\"\" width=\"374\" height=\"284\" srcset=\"https:\/\/www.infokuryr.cz\/n\/wp-content\/uploads\/2023\/07\/rakusan-1-300x228.jpg 300w, https:\/\/www.infokuryr.cz\/n\/wp-content\/uploads\/2023\/07\/rakusan-1.jpg 388w\" sizes=\"(max-width: 374px) 100vw, 374px\" \/>Vyv\u011b\u0161en\u00ed transparentu s\u00a0Putinem v\u00a0pytli na mrtvoly, lemovan\u00e9m \u010deskou a ukrajinskou vlajkou na budov\u011b ministerstva, byl geni\u00e1ln\u00ed politick\u00fd po\u010din, kter\u00fd jednou prov\u017edy zm\u011bnil styl nejen \u010desk\u00e9, ale i sv\u011btov\u00e9 politiky. Takov\u00e9 ty tane\u010dky \u201enem\u00e1m t\u011b r\u00e1d, ale p\u0159esto s\u00a0tebou budu jednat\u201c, kter\u00e9 maj\u00ed tak r\u00e1dy takzvan\u00e9 star\u00e9 diplomatick\u00e9 struktury, byly t\u00edmto jedin\u00fdm gestem smeteny z\u00a0po\u0159adu dne a pr\u016fzra\u010dn\u00e1 politika, podporuj\u00edc\u00ed svobodu, demokracii a neutuchaj\u00edc\u00ed p\u0159\u00e1telstv\u00ed\u00a0se Sov\u011bts\u00a0se Spojen\u00fdmi St\u00e1ty stanovila nov\u00fd, progresivn\u00ed sm\u011br politiky, ve kter\u00e9 p\u0159etv\u00e1\u0159ka nem\u00e1 m\u00edsto. Dovol\u00edm si tvrdit, \u017ee i koali\u010dn\u00ed partner pan Lipavsk\u00fd se mus\u00ed je\u0161t\u011b dnes styd\u011bt, \u017ee jeho ministerstvo nezdobil podobn\u00fd plak\u00e1t d\u0159\u00edve, ne\u017e Vy jste vyv\u011bsil ten sv\u016fj.<\/p>\n<p align=\"JUSTIFY\">Podpora z\u00e1kona o dezinformac\u00edch, kter\u00fd naprosto nesmysln\u011b zadrhl v\u00a0jak\u00e9msi posuzovac\u00edm \u0159\u00edzen\u00ed, u\u017e tady m\u011bl d\u00e1vno b\u00fdt. V\u016fbec se mi nel\u00edb\u00ed, \u017ee mi n\u011bkte\u0159\u00ed dezol\u00e1ti cituj\u00ed \u00faryvky z\u00a0r\u016fzn\u00fdch Zv\u011bdavc\u016f, Infokur\u00fdr\u016f, Vidl\u00e1k\u016f a dokonce rusk\u00fdch \u010di \u010d\u00ednsk\u00fdch web\u016f, kter\u00e9 jsou pln\u00e9 l\u017e\u00ed a dezinformac\u00ed a podporuj\u00ed agresivn\u00ed a zhoubnou politiku Ruska a totalitn\u00ed komunistick\u00e9 \u010c\u00edny, kter\u00e9 u\u017e od druh\u00e9 sv\u011btov\u00e9 v\u00e1lky ohro\u017euj\u00ed sv\u011btov\u00fd m\u00edr, poru\u0161uj\u00ed lidsk\u00e1 pr\u00e1va a jejich\u017e re\u017eimy u\u017e m\u011bly b\u00fdt d\u00e1vno zm\u011bn\u011bny na liber\u00e1ln\u00ed demokratick\u00e9 vl\u00e1dy. S\u00edlu na to demokratick\u00fd sv\u011bt, kter\u00e9mu pat\u0159\u00edme, m\u00e1. Dokonce jsem sly\u0161el, \u017ee pokud nap\u0159\u00edklad v\u00a0\u010c\u00edn\u011b vyj\u00e1d\u0159\u00edte n\u00e1zor zpochyb\u0148uj\u00edc\u00ed politiku vl\u00e1dy, m\u016f\u017eete se dostat i k\u00a0soudu a ztrat\u00edte n\u00e1rok na slu\u017eby poskytovan\u00e9 st\u00e1tem. Je smutn\u00e9, kdy\u017e oby\u010dejn\u00fd \u010c\u00ed\u0148an nem\u00e1 pr\u00e1vo vyj\u00e1d\u0159it se negativn\u011b k\u00a0ofici\u00e1ln\u00ed politice, propagovat lidsk\u00e1 pr\u00e1va \u010di LGBT filozofii, kter\u00e9 posouvaj\u00ed lidstvo vp\u0159ed.<\/p>\n<p align=\"JUSTIFY\">N\u011bkdo by mohl nam\u00edtnout, \u017ee st\u00edh\u00e1n\u00ed pan\u00ed u\u010ditelky Bedn\u00e1\u0159ov\u00e9 m\u00e1 jistou paralelu s\u00a0\u010d\u00ednsk\u00fdmi represemi. Ale u\u017e samotn\u00e9 toto tvrzen\u00ed je p\u0159ece mimo jakoukoli realitu. Pan\u00ed Bedn\u00e1\u0159ov\u00e1 \u0161\u00ed\u0159ila jednozna\u010dn\u00e9 l\u017ei, proto\u017ee ve\u0161ker\u00fd tisk, zpravodajsk\u00e9 weby a dokonce i pan \u017delezn\u00fd v\u00a0\u010cT p\u0159ed\u00e1vali ob\u010dan\u016fm pravdiv\u00e9, ov\u011b\u0159en\u00e9, ale zcela opa\u010dn\u00e9 informace. V\u016fbec nech\u00e1pu pan\u00ed soudkyni, jak mohla doj\u00edt k\u00a0tak nesmysln\u00e9mu osvobozuj\u00edc\u00edmu rozsudku. J\u00e1 bych takov\u00e9 lidi zav\u0159el, a\u017e by z\u010dernali.<\/p>\n<p align=\"JUSTIFY\">V\u00e1\u017een\u00fd pane minist\u0159e, jsem velmi r\u00e1d, \u017ee takov\u00fd z\u00e1sadov\u00fd a rovn\u00fd \u010dlov\u011bk, jako jste Vy, se odhodlal vstoupit do politiky a prosazovat liber\u00e1ln\u011bdemokratick\u00e9 my\u0161lenky s\u00a0ve\u0161kerou silou, kter\u00e9 je schopen. Pevn\u011b v\u011b\u0159\u00edm, \u017ee a\u017e za deset let opust\u00ed generalissimus post prezidenta, uvid\u00edm na po\u0161tovn\u00edch zn\u00e1mk\u00e1ch Ukrajinsk\u00e9 po\u0161ty prozm\u011bnu Va\u0161i odu\u0161evn\u011blou tv\u00e1\u0159.<\/p>\n<p align=\"JUSTIFY\">S\u00a0pozdravy Sl\u00e1va ukrajin\u011b a M\u00edru zdar<\/p>\n<p align=\"JUSTIFY\">V\u00e1\u0161 Erik Jouda<\/p>\n<p align=\"JUSTIFY\"><a href=\"https:\/\/dfens-cz.com\/mily-pane-ministre-rakusane\/\">D-FENS<\/a><\/p>\n<p align=\"JUSTIFY\">\n<p align=\"JUSTIFY\"><a href=\"https:\/\/stranapro.cz\/\"><img decoding=\"async\" loading=\"lazy\" class=\"wp-image-30218 aligncenter\" src=\"http:\/\/www.infokuryr.cz\/n\/wp-content\/uploads\/2023\/06\/PRO-banner-300x36.png\" alt=\"\" width=\"1367\" height=\"164\" srcset=\"https:\/\/www.infokuryr.cz\/n\/wp-content\/uploads\/2023\/06\/PRO-banner-300x36.png 300w, https:\/\/www.infokuryr.cz\/n\/wp-content\/uploads\/2023\/06\/PRO-banner-768x93.png 768w, https:\/\/www.infokuryr.cz\/n\/wp-content\/uploads\/2023\/06\/PRO-banner.png 849w\" sizes=\"(max-width: 1367px) 100vw, 1367px\" \/><\/a><\/p>\n<p align=\"JUSTIFY\">\n<p align=\"JUSTIFY\">\n<p align=\"JUSTIFY\">\n","protected":false},"excerpt":{"rendered":"<p>Mil\u00fd pane minist\u0159e Raku\u0161ane, ji\u017e n\u011bkolik let sleduji Va\u0161i politickou kari\u00e9ru a jsem nad\u0161en Va\u0161\u00ed&#8230;<\/p>\n","protected":false},"author":2,"featured_media":8694,"comment_status":"closed","ping_status":"closed","sticky":false,"template":"","format":"standard","meta":[],"categories":[6],"tags":[1412,122,1483],"_links":{"self":[{"href":"https:\/\/www.infokuryr.cz\/n\/wp-json\/wp\/v2\/posts\/31989"}],"collection":[{"href":"https:\/\/www.infokuryr.cz\/n\/wp-json\/wp\/v2\/posts"}],"about":[{"href":"https:\/\/www.infokuryr.cz\/n\/wp-json\/wp\/v2\/types\/post"}],"author":[{"embeddable":true,"href":"https:\/\/www.infokuryr.cz\/n\/wp-json\/wp\/v2\/users\/2"}],"replies":[{"embeddable":true,"href":"https:\/\/www.infokuryr.cz\/n\/wp-json\/wp\/v2\/comments?post=31989"}],"version-history":[{"count":0,"href":"https:\/\/www.infokuryr.cz\/n\/wp-json\/wp\/v2\/posts\/31989\/revisions"}],"wp:featuredmedia":[{"embeddable":true,"href":"https:\/\/www.infokuryr.cz\/n\/wp-json\/wp\/v2\/media\/8694"}],"wp:attachment":[{"href":"https:\/\/www.infokuryr.cz\/n\/wp-json\/wp\/v2\/media?parent=31989"}],"wp:term":[{"taxonomy":"category","embeddable":true,"href":"https:\/\/www.infokuryr.cz\/n\/wp-json\/wp\/v2\/categories?post=31989"},{"taxonomy":"post_tag","embeddable":true,"href":"https:\/\/www.infokuryr.cz\/n\/wp-json\/wp\/v2\/tags?post=31989"}],"curies":[{"name":"wp","href":"https:\/\/api.w.org\/{rel}","templated":true}]}}