{"id":31984,"date":"2023-07-12T04:37:58","date_gmt":"2023-07-12T02:37:58","guid":{"rendered":"http:\/\/www.infokuryr.cz\/n\/?p=31984"},"modified":"2023-07-12T04:37:58","modified_gmt":"2023-07-12T02:37:58","slug":"petr-pavel-prohlasil-pro-britskou-televizi-sky-news-ze-konflikt-na-ukrajine-se-blizi-ke-svemu-konci","status":"publish","type":"post","link":"https:\/\/www.infokuryr.cz\/n\/2023\/07\/12\/petr-pavel-prohlasil-pro-britskou-televizi-sky-news-ze-konflikt-na-ukrajine-se-blizi-ke-svemu-konci\/","title":{"rendered":"Petr Pavel prohl\u00e1sil pro britskou televizi Sky News, \u017ee konflikt na Ukrajin\u011b se bl\u00ed\u017e\u00ed ke sv\u00e9mu konci"},"content":{"rendered":"<div id=\"fb-root\"><\/div>\n<h4>Petr Pavel prohl\u00e1sil pro britskou televizi Sky News, \u017ee konflikt na Ukrajin\u011b se bl\u00ed\u017e\u00ed ke sv\u00e9mu konci, proto\u017ee se za\u010d\u00edn\u00e1 projevovat \u00fanava z v\u00e1lky mezi z\u00e1padn\u00edmi sponzory Ukrajiny! \u010cesk\u00fd prezident konstatoval, \u017ee ke konci roku dojdou pen\u00edze, munice, lid\u00e9 a budou volby v USA, na Ukrajin\u011b a v Rusku! Gener\u00e1ln\u00ed tajemn\u00edk NATO ozn\u00e1mil, \u017ee Ukrajina nebude muset splnit Ak\u010dn\u00ed pl\u00e1n \u010dlenstv\u00ed v NATO, ale pevn\u00fd j\u00edzdn\u00ed \u0159\u00e1d pro p\u0159ijet\u00ed Kyjev podle v\u0161eho nedostane! A Zelensk\u00fd u\u017e vyj\u00e1d\u0159il zklam\u00e1n\u00ed, \u017ee je to d\u016fkaz slabosti NATO!<\/h4>\n<p>A je to tady zase! Znovu je u toho Petr Pavel a znovu vypustil pro zahrani\u010dn\u00ed m\u00e9dium informace, kter\u00e9 doslova zpochyb\u0148uj\u00ed kroky bezmezn\u00e9 podpory Fialovy vl\u00e1dy ukrajinsk\u00e9mu v\u00e1le\u010dn\u00e9mu sna\u017een\u00ed. Jist\u011b si pamatujete, jak Petr Fiala a cel\u00e1 jeho p\u011btikoali\u010dn\u00ed banda prohla\u0161uj\u00ed, \u017ee budou podporovat Ukrajinu neomezen\u011b a tak dlouho, dokud Ukrajina nezv\u00edt\u011bz\u00ed.<\/p>\n<p>Kdo by to \u0159ekl, \u017ee kandid\u00e1t t\u00e9to p\u011btikoalice na prezidenta a b\u00fdval\u00fd p\u0159edseda vojensk\u00e9ho v\u00fdboru NATO Petr Pavel za\u010dne ihned po n\u00e1stupu do prezidentsk\u00e9 funkce jet velice podivnou a podle ukrajinsk\u00fdch m\u00e9di\u00ed pro-ruskou propagandu nam\u00ed\u0159enou proti Ukrajin\u011b, kter\u00e1 pr\u00fd papou\u0161kuje kremelsk\u00e9 zdroje. Petr Pavel toti\u017e ve Vilniusu p\u0159ed zah\u00e1jen\u00edm summitu NATO poskytl rozhovor\u00a0<strong>[<a href=\"https:\/\/href.li\/?https:\/\/news.sky.com\/video\/ukraine-war-window-of-opportunity-in-conflict-says-czech-president-12919025\" target=\"_blank\" rel=\"nofollow noopener\">1<\/a>]<\/strong>\u00a0britsk\u00e9 televizi Sky News, ve kter\u00e9m vyj\u00e1d\u0159il n\u00e1zory, ze kter\u00fdch asi ve Fialov\u011b vl\u00e1d\u011b bude pozdvi\u017een\u00ed.<\/p>\n<p>&nbsp;<\/p>\n<div id=\"rumble_v2wvgsk\">\n<div id=\"vid_v2wvgsk\" class=\"rumble_v2wvgsk-Rumble-cls\" tabindex=\"-1\">\n<div>\n<div class=\"bigPlayUI ctp\">\n<div class=\"bigPlayUIInner ctp\"><div class='videoWrapper'>\r\n\t            <iframe src='https:\/\/rumble.com\/embed\/pj.v2wvgsk\/' frameborder='0' allowfullscreen><\/iframe>\r\n\t        <\/div><\/div>\n<\/div>\n<\/div>\n<\/div>\n<\/div>\n<p>&nbsp;<\/p>\n<p><strong>Petr Pavel toti\u017e prohl\u00e1sil, \u017ee Ukrajina m\u00e1 \u010dasov\u00e9 okno pouze do konce tohoto roku, aby v t\u00e9to protiofenz\u00edv\u011b dos\u00e1hla co nejv\u00edce \u00fasp\u011bch\u016f, proto\u017ee dal\u0161\u00ed p\u0159\u00edle\u017eitost u\u017e nebude!<\/strong>\u00a0\u010cesk\u00fd prezident natvrdo pop\u0159el slova ukrajinsk\u00fdch vrcholov\u00fdch politik\u016f o tom, \u017ee tohle je teprve prvn\u00ed ofenz\u00edva a p\u0159ijdou dal\u0161\u00ed a dal\u0161\u00ed, proto\u017ee Petr Pavel odhalil, \u017ee mezi z\u00e1padn\u00edmi zem\u011bmi doch\u00e1z\u00ed k \u00fanav\u011b z v\u00e1lky a \u017e\u00e1dnou dal\u0161\u00ed ofenz\u00edvu ji\u017e Ukrajina nep\u0159iprav\u00ed, proto\u017ee na to nebude m\u00edt zdroje, rozum\u011bj pen\u00edze, nebude m\u00edt munici a jak \u0159ekl Pavel, dokonce ani lidsk\u00e9 zdroje, tedy voj\u00e1ky.<\/p>\n<p><a href=\"https:\/\/stranapro.cz\/\"><img decoding=\"async\" loading=\"lazy\" class=\"wp-image-30218 aligncenter\" src=\"http:\/\/www.infokuryr.cz\/n\/wp-content\/uploads\/2023\/06\/PRO-banner-300x36.png\" alt=\"\" width=\"1367\" height=\"164\" srcset=\"https:\/\/www.infokuryr.cz\/n\/wp-content\/uploads\/2023\/06\/PRO-banner-300x36.png 300w, https:\/\/www.infokuryr.cz\/n\/wp-content\/uploads\/2023\/06\/PRO-banner-768x93.png 768w, https:\/\/www.infokuryr.cz\/n\/wp-content\/uploads\/2023\/06\/PRO-banner.png 849w\" sizes=\"(max-width: 1367px) 100vw, 1367px\" \/><\/a><\/p>\n<p>P\u0159\u00ed\u0161t\u00ed rok nav\u00edc budou prezidentsk\u00e9 volby v USA, v Rusku i na Ukrajin\u011b a v takov\u00e9 situace nebude ochota pod\u00edlet se na prodlu\u017eov\u00e1n\u00ed konfliktu. Zejm\u00e9na v USA bude snaha v\u00e1lku nejpozd\u011bji do za\u010d\u00e1tku prim\u00e1rek p\u0159\u00ed\u0161t\u00ed rok na ja\u0159e zastavit, proto\u017ee jinak se v\u00e1lka na Ukrajin\u011b stane hlavn\u00edm nosn\u00fdm t\u00e9matem voleb, a to Demokratick\u00e1 strana nechce, proto\u017ee v USA je kritick\u00e1 ekonomick\u00e1 situace a l\u00e1dov\u00e1n\u00ed miliard dolar\u016f do Ukrajiny je p\u0159esn\u011b to, co bude Donald Trump pou\u017e\u00edvat jako munici proti Joeu Bidenovi.<\/p>\n<h6><span style=\"font-size: 18pt;\">Petr Pavel potvrdil \u00fanavu zem\u00ed NATO z v\u00e1lky na Ukrajin\u011b<\/span><\/h6>\n<p>Ukrajin\u0161t\u00ed politici p\u0159itom o konci v\u00e1le\u010dn\u00fdch operac\u00ed necht\u011bj\u00ed ani sly\u0161et, neust\u00e1le opakuj\u00ed, \u017ee p\u0159ijde je\u0161t\u011b cel\u00e1 \u0159ada dal\u0161\u00edch ofenz\u00edv, kter\u00e9 budou m\u00edt v\u011bt\u0161\u00ed \u00fasp\u011bch ne\u017e pr\u00e1v\u011b ta prob\u00edhaj\u00edc\u00ed, jen\u017ee Pavl\u016fv rozhovor pro Sky News odhalil n\u00e1ladu v z\u00e1kulis\u00ed zem\u00ed NATO.\u00a0<strong>Mezi zem\u011bmi NATO je \u00fanava z v\u00e1lky na Ukrajin\u011b, a to hlavn\u011b kv\u016fli tomu, \u017ee obrovsk\u00e9 vyzbrojov\u00e1n\u00ed Ukrajiny a obrovsk\u00e9 finan\u010dn\u00ed injekce nemaj\u00ed po\u017eadovan\u00fd efekt na zm\u011bnu pozic na front\u011b.<\/strong><\/p>\n<p>Za chv\u00edli bude srpen a Ukrajina se nepohnula z m\u00edsta v ofenz\u00edv\u011b, kterou oznamovala od prosince lo\u0148sk\u00e9ho roku v r\u00e1mci obrovsk\u00e9 kampan\u011b v m\u00e9di\u00edch, kter\u00e9 z\u00e1padn\u00ed sponzo\u0159i uv\u011b\u0159ili. Uv\u011b\u0159ili tomu, \u017ee kdy\u017e dodaj\u00ed Ukrajin\u011b tolik zbran\u00ed a tolika typ\u016f, tak u\u017e v \u010dervnu budou Ukrajinci na Krymu. Jen\u017ee, to se nenaplnilo. Ukazuje se, \u017ee zbran\u011b v\u00edt\u011bzstv\u00ed Ukrajiny nezajistily. Chyb\u00ed toti\u017e nejen jejich mno\u017estv\u00ed, ale p\u0159edev\u0161\u00edm schopn\u00e1 a vycvi\u010den\u00e1 arm\u00e1da se zku\u0161enostmi, kter\u00e1 s t\u011bmi zbran\u011bmi dok\u00e1\u017ee efektivn\u011b pracovat.<\/p>\n<figure id=\"attachment_56314\" class=\"wp-caption aligncenter\" style=\"width: 696px;\"><a href=\"https:\/\/aeronet.news\/wp-content\/uploads\/GroupShotNATO.jpg\"><img decoding=\"async\" loading=\"lazy\" class=\"wp-image-56314 \" src=\"https:\/\/aeronet.news\/wp-content\/uploads\/GroupShotNATO-1024x535.jpg\" sizes=\"(max-width: 700px) 100vw, 700px\" srcset=\"https:\/\/aeronet.news\/wp-content\/uploads\/GroupShotNATO-1024x535.jpg 1024w, https:\/\/aeronet.news\/wp-content\/uploads\/GroupShotNATO-300x157.jpg 300w, https:\/\/aeronet.news\/wp-content\/uploads\/GroupShotNATO-768x401.jpg 768w, https:\/\/aeronet.news\/wp-content\/uploads\/GroupShotNATO-700x366.jpg 700w, https:\/\/aeronet.news\/wp-content\/uploads\/GroupShotNATO-683x357.jpg 683w, https:\/\/aeronet.news\/wp-content\/uploads\/GroupShotNATO-924x483.jpg 924w, https:\/\/aeronet.news\/wp-content\/uploads\/GroupShotNATO.jpg 1280w\" alt=\"\" width=\"696\" height=\"364\" \/><\/a><figcaption class=\"wp-caption-text\">Skupinov\u00e9 foto p\u0159edstavitel\u016f NATO ve Vilniusu<\/figcaption><\/figure>\n<p>P\u0159\u00ed\u0161t\u00ed rok v \u00fanoru to budou dva roky od rusk\u00e9 invaze na Ukrajinu a bude to i za\u010d\u00e1tek americk\u00fdch prim\u00e1rek p\u0159ed volbami prezidenta v USA. A to bude vhodn\u00fd \u010das na bilancov\u00e1n\u00ed. Z\u00e1pad spo\u010d\u00edt\u00e1 Ukrajin\u011b, kolik pen\u011bz, munice a zbran\u00ed poslal Kyjevu, a co za to z\u00e1pad dostal zp\u00e1tky. Rovn\u011b\u017e se za\u010dne po\u010d\u00edtat i druh\u00e1 str\u00e1nka bilan\u010dn\u00edho listu, co ztratily z\u00e1padn\u00ed zem\u011b sv\u00fdm p\u0159eru\u0161en\u00edm kontakt\u016f s Ruskem. To je kapitola sama o sob\u011b a ve\u0159ejn\u011b se o tom nemluv\u00ed, proto\u017ee je to tabu. Zat\u00edm.<\/p>\n<p>Co v\u0161ak nen\u00ed tabu, to je skute\u010dnost, \u017ee stovky z\u00e1padn\u00edch firem z Ruska nejen neode\u0161ly, ale necht\u011bj\u00ed odej\u00edt o to v\u00edce ve chv\u00edli, kdy je jasn\u00e9, \u017ee\u00a0<strong>v\u00e1lka se bl\u00ed\u017e\u00ed ke konci spolu s t\u00edm, jak z\u00e1padu doch\u00e1z\u00ed trp\u011blivost s vyzbrojov\u00e1n\u00edm Ukrajiny, kter\u00e9 nep\u0159in\u00e1\u0161\u00ed v\u00fdsledky.<\/strong>\u00a0A pr\u00e1v\u011b proto gener\u00e1ln\u00ed tajemn\u00edk NATO Jens Stoltenberg v \u00fater\u00fd na summitu NATO prohl\u00e1sil\u00a0<strong>[<a href=\"https:\/\/href.li\/?https:\/\/www.pravda.com.ua\/rus\/news\/2023\/07\/11\/7410859\/\" target=\"_blank\" rel=\"nofollow noopener\">2<\/a>]<\/strong>, \u017ee Ukrajina dostane uji\u0161t\u011bn\u00ed, \u017ee bude\u00a0<strong>\u201c<em>pozv\u00e1na<\/em>\u201c<\/strong>\u00a0do NATO, a \u017ee nebude muset splnit tzv. Ak\u010dn\u00ed pl\u00e1n \u010dlenstv\u00ed v NATO, \u017ee tato podm\u00ednka bude p\u0159esko\u010dena. Jen\u017ee pozv\u00e1n\u00ed neznamen\u00e1 p\u0159ijet\u00ed, post\u011b\u017eoval si hned Zelensk\u00fd. Ale k tomu se je\u0161t\u011b dostanu.<\/p>\n<h6><span style=\"font-size: 18pt;\">Zelensk\u00fd u\u017e dal najevo nespokojenost s t\u00edm, co se d\u011bje na summitu ve Vilniusu<\/span><\/h6>\n<p>Tento ak\u010dn\u00ed pl\u00e1n obvykle spo\u010d\u00edv\u00e1 v n\u011bkolika letech spole\u010dn\u00fdch vojensk\u00fdch cvi\u010den\u00ed zem\u00ed NATO a kandid\u00e1tsk\u00e9 zem\u011b, kdy se sla\u010fuj\u00ed spole\u010dn\u00e9 kan\u00e1ly komunikac\u00ed a syst\u00e9my \u0159\u00edzen\u00ed. Ak\u010dn\u00ed pl\u00e1n trv\u00e1 obvykle 5 let a vyu\u017e\u00edv\u00e1 se na synchronizaci proces\u016f \u0159\u00edzen\u00ed arm\u00e1dy kandid\u00e1tsk\u00e9 zem\u011b se syst\u00e9my NATO. Ukrajina tedy nebude muset proch\u00e1zet t\u00edmto programem, ale probl\u00e9m je v tom, \u017ee Ukrajina na summitu podle v\u0161eho nedostane pevn\u00fd j\u00edzdn\u00ed \u0159\u00e1d pro p\u0159ijet\u00ed Ukrajiny do NATO.<\/p>\n<figure id=\"attachment_56313\" class=\"wp-caption aligncenter\" style=\"width: 695px;\"><a href=\"https:\/\/aeronet.news\/wp-content\/uploads\/ZelenskyVilnius.jpg\"><img decoding=\"async\" loading=\"lazy\" class=\"wp-image-56313 \" src=\"https:\/\/aeronet.news\/wp-content\/uploads\/ZelenskyVilnius-1024x576.jpg\" sizes=\"(max-width: 700px) 100vw, 700px\" srcset=\"https:\/\/aeronet.news\/wp-content\/uploads\/ZelenskyVilnius-1024x576.jpg 1024w, https:\/\/aeronet.news\/wp-content\/uploads\/ZelenskyVilnius-300x169.jpg 300w, https:\/\/aeronet.news\/wp-content\/uploads\/ZelenskyVilnius-768x432.jpg 768w, https:\/\/aeronet.news\/wp-content\/uploads\/ZelenskyVilnius-700x394.jpg 700w, https:\/\/aeronet.news\/wp-content\/uploads\/ZelenskyVilnius-635x357.jpg 635w, https:\/\/aeronet.news\/wp-content\/uploads\/ZelenskyVilnius-859x483.jpg 859w, https:\/\/aeronet.news\/wp-content\/uploads\/ZelenskyVilnius.jpg 1280w\" alt=\"\" width=\"695\" height=\"391\" \/><\/a><figcaption class=\"wp-caption-text\">Zelensk\u00fd po p\u0159\u00edletu do Vilniusu na tribun\u011b, vedle litevsk\u00fd prezident Gitanas Naus\u0117da<\/figcaption><\/figure>\n<p>Pevn\u00fd j\u00edzdn\u00ed \u0159\u00e1d by znamenal pevn\u00e1 a konkr\u00e9tn\u00ed data, co\u017e aliance nen\u00ed ochotna Ukrajin\u011b nab\u00eddnout.\u00a0<strong>V\u0161echno, co Ukrajina dostane, je vytvo\u0159en\u00ed spole\u010dn\u00e9 komise NATO \u2013 Ukrajina, jej\u00ed\u017e slavnostn\u00ed zah\u00e1jen\u00ed \u010dinnosti m\u00e1 prob\u011bhnout ve st\u0159edu.<\/strong>\u00a0Vytvo\u0159en\u00ed komise je maximum, co Ukrajina ze summitu dostane a Kyjev ji\u017e za\u010dal vyjad\u0159ovat roz\u010darov\u00e1n\u00ed a rozho\u0159\u010den\u00ed. Zelensk\u00fd p\u0159itom v \u00fater\u00fd po ob\u011bd\u011b na Twitteru otev\u0159en\u011b vyj\u00e1d\u0159il nespokojenost s t\u00edm, \u017ee Ukrajina na summitu znovu nedostane, krom\u011b slib\u016f bez pevn\u00fdch datum\u016f, nic dal\u0161\u00edho:<\/p>\n<p><em>V\u00e1\u017e\u00edme si na\u0161ich spojenc\u016f. V\u00e1\u017e\u00edme si na\u0161\u00ed spole\u010dn\u00e9 bezpe\u010dnosti. A v\u017edy si cen\u00edme otev\u0159en\u00e9ho rozhovoru.<\/em><br \/>\n<em>Ukrajina bude na summitu NATO ve Vilniusu zastoupena. Proto\u017ee jde o respekt.<\/em><\/p>\n<p><em>Ale Ukrajina si tak\u00e9 zaslou\u017e\u00ed respekt. Nyn\u00ed, na cest\u011b do Vilniusu, jsme obdr\u017eeli sign\u00e1ly, \u017ee se o ur\u010dit\u00fdch formulac\u00edch jedn\u00e1 bez Ukrajiny.<\/em><\/p>\n<p><em>A j\u00e1 bych cht\u011bl zd\u016fraznit, \u017ee tato formulace se t\u00fdk\u00e1 pozv\u00e1n\u00ed do NATO, nikoliv \u010dlenstv\u00ed Ukrajiny.<\/em><\/p>\n<p><em>Je to bezprecedentn\u00ed a absurdn\u00ed, kdy\u017e nen\u00ed stanoven \u010dasov\u00fd r\u00e1mec ani pro pozv\u00e1n\u00ed, ani pro \u010dlenstv\u00ed Ukrajiny. A z\u00e1rove\u0148 je p\u0159id\u00e1na v\u00e1gn\u00ed formulace o \u201cpodm\u00ednk\u00e1ch\u201d i pro pozv\u00e1n\u00ed Ukrajiny.<\/em><\/p>\n<p><em>Zd\u00e1 se, \u017ee neexistuje \u017e\u00e1dn\u00e1 p\u0159ipravenost ani k pozv\u00e1n\u00ed Ukrajiny do NATO, ani k tomu, aby se Ukrajina stala \u010dlenem Aliance.<\/em><\/p>\n<p><em>To znamen\u00e1, \u017ee se ponech\u00e1v\u00e1 p\u0159\u00edle\u017eitost vyjednat \u010dlenstv\u00ed Ukrajiny v NATO p\u0159i jedn\u00e1n\u00edch s Ruskem. A pro Rusko to znamen\u00e1 motivaci pokra\u010dovat v teroru.<\/em><\/p>\n<p><em>Nejistota je slabost. A o tom budu na summitu otev\u0159en\u011b hovo\u0159it.<\/em><\/p>\n<p>Nemus\u00edme milovat Zelensk\u00e9ho, ale v tomto tweetu m\u00e1 mimo\u0159\u00e1dn\u011b pravdu. Pokud ten status na Twitteru psal skute\u010dn\u011b on a ne n\u011bjak\u00fd jeho asistent, tak je zjevn\u00e9, \u017ee Zelensk\u00fd ch\u00e1pe, \u017ee NATO nechce d\u00e1t Ukrajin\u011b \u017e\u00e1dn\u00e9 pevn\u00e9 datum, co\u017e umo\u017en\u00ed Rusku protahovat konflikt na Ukrajin\u011b do nekone\u010dna, anebo do doby, ne\u017e Ukrajin\u011b dojdou z\u00e1padn\u00ed pen\u00edze a sama za\u010dne usilovat o vyjedn\u00e1v\u00e1n\u00ed. Vlastn\u011b nic nebude tla\u010dit Rusko k n\u011bjak\u00e9mu urychlen\u00e9mu jedn\u00e1n\u00ed, proto\u017ee je jasn\u00e9, \u017ee NATO nep\u0159ijme Ukrajinu za \u010dlena a neposkytne Ukrajin\u011b \u017e\u00e1dn\u00e9 pevn\u00e9 datum do doby, ne\u017e bude v\u00e1lka na Ukrajin\u011b definitivn\u011b ukon\u010dena. Ukrajina dostane komisi NATO \u2013 Ukrajina, kter\u00e1 bude politick\u00fdm org\u00e1nem aspirac\u00ed Ukrajiny o \u010dlenstv\u00ed, ale fakticky nebude na stole v\u016fbec nic.<\/p>\n<h6><span style=\"font-size: 18pt;\">Ukrajina dostala to, co nic vlastn\u011b nikoho nestoj\u00ed\u2026 sliby bez z\u00e1ruk a bez datum\u016f pln\u011bn\u00ed!<\/span><\/h6>\n<p>\u017d\u00e1dn\u00e9 pevn\u00e9 datum p\u0159ijet\u00ed, \u017e\u00e1dn\u00fd cestovn\u00ed pl\u00e1n s jasn\u00fdmi daty, \u017e\u00e1dn\u00e9 hlasov\u00e1n\u00ed v NATO o Ukrajin\u011b, dokonce ani dohoda o tzv. p\u0159idru\u017een\u00e9m \u010dlenstv\u00ed Ukrajiny, kdy Ukrajina by se stala tzv. pozorovatelskou zem\u00ed v NATO se zastupitelsk\u00fdm \u00fa\u0159adem NATO v Kyjev\u011b, o \u010dem\u017e se v z\u00e1kulis\u00ed uva\u017eovalo, ale to by pr\u00fd mohlo znamenat zat\u00e1hnut\u00ed NATO do otev\u0159en\u00e9 v\u00e1lky s Ruskem. Tak\u017ee Ukrajina dostane komisi a uji\u0161t\u011bn\u00ed, \u017ee m\u00e1 dve\u0159e do NATO otev\u0159en\u00e9\u2026 jako ka\u017ed\u00fd jin\u00fd \u017eadatel, a \u017ee nebude muset splnit Ak\u010dn\u00ed pl\u00e1n \u010dlenstv\u00ed, co\u017e ale vlastn\u011b nen\u00ed v\u016fbec v\u00fdhra pro Ukrajinu, proto\u017ee ten program by znamenal spole\u010dn\u00e1 cvi\u010den\u00ed arm\u00e1d NATO s ukrajinskou arm\u00e1dou, klidn\u011b i mimo \u00fazem\u00ed Ukrajiny, uvnit\u0159 EU.<\/p>\n<div class=\"twitter-tweet twitter-tweet-rendered\"><iframe id=\"twitter-widget-0\" class=\"\" title=\"Twitter Tweet\" src=\"https:\/\/platform.twitter.com\/embed\/Tweet.html?dnt=true&amp;embedId=twitter-widget-0&amp;features=eyJ0ZndfdGltZWxpbmVfbGlzdCI6eyJidWNrZXQiOltdLCJ2ZXJzaW9uIjpudWxsfSwidGZ3X2ZvbGxvd2VyX2NvdW50X3N1bnNldCI6eyJidWNrZXQiOnRydWUsInZlcnNpb24iOm51bGx9LCJ0ZndfdHdlZXRfZWRpdF9iYWNrZW5kIjp7ImJ1Y2tldCI6Im9uIiwidmVyc2lvbiI6bnVsbH0sInRmd19yZWZzcmNfc2Vzc2lvbiI6eyJidWNrZXQiOiJvbiIsInZlcnNpb24iOm51bGx9LCJ0ZndfZm9zbnJfc29mdF9pbnRlcnZlbnRpb25zX2VuYWJsZWQiOnsiYnVja2V0Ijoib24iLCJ2ZXJzaW9uIjpudWxsfSwidGZ3X21peGVkX21lZGlhXzE1ODk3Ijp7ImJ1Y2tldCI6InRyZWF0bWVudCIsInZlcnNpb24iOm51bGx9LCJ0ZndfZXhwZXJpbWVudHNfY29va2llX2V4cGlyYXRpb24iOnsiYnVja2V0IjoxMjA5NjAwLCJ2ZXJzaW9uIjpudWxsfSwidGZ3X3Nob3dfYmlyZHdhdGNoX3Bpdm90c19lbmFibGVkIjp7ImJ1Y2tldCI6Im9uIiwidmVyc2lvbiI6bnVsbH0sInRmd19kdXBsaWNhdGVfc2NyaWJlc190b19zZXR0aW5ncyI6eyJidWNrZXQiOiJvbiIsInZlcnNpb24iOm51bGx9LCJ0ZndfdXNlX3Byb2ZpbGVfaW1hZ2Vfc2hhcGVfZW5hYmxlZCI6eyJidWNrZXQiOiJvbiIsInZlcnNpb24iOm51bGx9LCJ0ZndfdmlkZW9faGxzX2R5bmFtaWNfbWFuaWZlc3RzXzE1MDgyIjp7ImJ1Y2tldCI6InRydWVfYml0cmF0ZSIsInZlcnNpb24iOm51bGx9LCJ0ZndfbGVnYWN5X3RpbWVsaW5lX3N1bnNldCI6eyJidWNrZXQiOnRydWUsInZlcnNpb24iOm51bGx9LCJ0ZndfdHdlZXRfZWRpdF9mcm9udGVuZCI6eyJidWNrZXQiOiJvbiIsInZlcnNpb24iOm51bGx9fQ%3D%3D&amp;frame=false&amp;hideCard=false&amp;hideThread=false&amp;id=1678707674811187200&amp;lang=cs&amp;origin=https%3A%2F%2Faeronet.news%2Fvideo-petr-pavel-prohlasil-pro-britskou-televizi-sky-news-ze-konflikt-na-ukrajine-se-blizi-ke-svemu-konci-protoze-se-zacina-projevovat-unava-z-valky-mezi-zapadnimi-sponzory-ukrajiny%2F&amp;sessionId=197aeaa57c5be3320bb82ee96f15cf3575bde5b5&amp;theme=light&amp;widgetsVersion=aaf4084522e3a%3A1674595607486&amp;width=550px\" frameborder=\"0\" scrolling=\"no\" allowfullscreen=\"allowfullscreen\" data-tweet-id=\"1678707674811187200\" data-mce-fragment=\"1\"><\/iframe><\/div>\n<p>&nbsp;<\/p>\n<p>Ale do toho NATO j\u00edt necht\u011blo, to by znovu Rusko mohlo vyhodnotit jako zapojen\u00ed NATO do v\u00e1lky proti Rusku, pokud by vojska NATO cvi\u010dila v EU s ukrajinsk\u00fdmi. Tak\u017ee, vlastn\u011b nejde o \u00falitbu Ukrajinc\u016fm, \u017ee by jim n\u011bkdo cht\u011bl urychlit cestu do NATO, \u017ee mohou p\u0159esko\u010dit Ak\u010dn\u00ed pl\u00e1n \u010dlenstv\u00ed,\u00a0<strong>ten program byl Ukrajin\u011b odpu\u0161t\u011bn kv\u016fli tomu, aby zem\u011b NATO neriskovaly, \u017ee budou obvin\u011bny Ruskem ze zapojen\u00ed do v\u00e1lky na Ukrajin\u011b po boku ukrajinsk\u00e9 arm\u00e1dy!<\/strong>\u00a0A v Kyjev\u011b tohle mus\u00ed v\u011bd\u011bt. Mus\u00ed to um\u011bt de\u0161ifrovat. Tak\u017ee ano, Petr Pavel m\u00e1 pravdu. V t\u00e9to f\u00e1zi to vypad\u00e1, \u017ee Ukrajina m\u00e1 \u0161anci jen do konce roku n\u011bco je\u0161t\u011b zachr\u00e1nit a ukousnout Rusku z \u00fazem\u00ed Novoruska, ale potom \u0161mitec. Nen\u00ed a nebude to ale Rusko, kter\u00e9 bude nuceno v\u00e1lku ukon\u010dit. Bude to Ukrajina, kter\u00e1 p\u0159ijde o z\u00e1padn\u00ed podporu. A Zelensk\u00fd to v\u00ed. Proto m\u00e1 u sebe pistoli od Petra Pavla. Takov\u00e1 je realita.<\/p>\n<p><a href=\"https:\/\/aeronet.news\/video-petr-pavel-prohlasil-pro-britskou-televizi-sky-news-ze-konflikt-na-ukrajine-se-blizi-ke-svemu-konci-protoze-se-zacina-projevovat-unava-z-valky-mezi-zapadnimi-sponzory-ukrajiny\/\">-VK- \u0160\u00e9fredaktor AE News<\/a><\/p>\n<p>&nbsp;<\/p>\n<p><a href=\"https:\/\/stranapro.cz\/\"><img decoding=\"async\" loading=\"lazy\" class=\"wp-image-30218 aligncenter\" src=\"http:\/\/www.infokuryr.cz\/n\/wp-content\/uploads\/2023\/06\/PRO-banner-300x36.png\" alt=\"\" width=\"1358\" height=\"163\" srcset=\"https:\/\/www.infokuryr.cz\/n\/wp-content\/uploads\/2023\/06\/PRO-banner-300x36.png 300w, https:\/\/www.infokuryr.cz\/n\/wp-content\/uploads\/2023\/06\/PRO-banner-768x93.png 768w, https:\/\/www.infokuryr.cz\/n\/wp-content\/uploads\/2023\/06\/PRO-banner.png 849w\" sizes=\"(max-width: 1358px) 100vw, 1358px\" \/><\/a><\/p>\n<p>&nbsp;<\/p>\n<p>&nbsp;<\/p>\n<p>&nbsp;<\/p>\n","protected":false},"excerpt":{"rendered":"<p>Petr Pavel prohl\u00e1sil pro britskou televizi Sky News, \u017ee konflikt na Ukrajin\u011b se bl\u00ed\u017e\u00ed ke&#8230;<\/p>\n","protected":false},"author":2,"featured_media":31985,"comment_status":"closed","ping_status":"closed","sticky":false,"template":"","format":"standard","meta":[],"categories":[6],"tags":[1042,1173,1052,26],"_links":{"self":[{"href":"https:\/\/www.infokuryr.cz\/n\/wp-json\/wp\/v2\/posts\/31984"}],"collection":[{"href":"https:\/\/www.infokuryr.cz\/n\/wp-json\/wp\/v2\/posts"}],"about":[{"href":"https:\/\/www.infokuryr.cz\/n\/wp-json\/wp\/v2\/types\/post"}],"author":[{"embeddable":true,"href":"https:\/\/www.infokuryr.cz\/n\/wp-json\/wp\/v2\/users\/2"}],"replies":[{"embeddable":true,"href":"https:\/\/www.infokuryr.cz\/n\/wp-json\/wp\/v2\/comments?post=31984"}],"version-history":[{"count":0,"href":"https:\/\/www.infokuryr.cz\/n\/wp-json\/wp\/v2\/posts\/31984\/revisions"}],"wp:featuredmedia":[{"embeddable":true,"href":"https:\/\/www.infokuryr.cz\/n\/wp-json\/wp\/v2\/media\/31985"}],"wp:attachment":[{"href":"https:\/\/www.infokuryr.cz\/n\/wp-json\/wp\/v2\/media?parent=31984"}],"wp:term":[{"taxonomy":"category","embeddable":true,"href":"https:\/\/www.infokuryr.cz\/n\/wp-json\/wp\/v2\/categories?post=31984"},{"taxonomy":"post_tag","embeddable":true,"href":"https:\/\/www.infokuryr.cz\/n\/wp-json\/wp\/v2\/tags?post=31984"}],"curies":[{"name":"wp","href":"https:\/\/api.w.org\/{rel}","templated":true}]}}