{"id":3197,"date":"2021-07-10T05:04:47","date_gmt":"2021-07-10T03:04:47","guid":{"rendered":"http:\/\/www.infokuryr.cz\/n\/?p=3197"},"modified":"2021-07-10T05:04:47","modified_gmt":"2021-07-10T03:04:47","slug":"obyvatelky-norska-oznamily-neobvykly-nasledek-vakcinace","status":"publish","type":"post","link":"https:\/\/www.infokuryr.cz\/n\/2021\/07\/10\/obyvatelky-norska-oznamily-neobvykly-nasledek-vakcinace\/","title":{"rendered":"Obyvatelky Norska ozn\u00e1mily neobvykl\u00fd n\u00e1sledek vakcinace"},"content":{"rendered":"<div id=\"fb-root\"><\/div>\n<p><strong>Obyvatelky Norska ozn\u00e1mily na soci\u00e1ln\u00edch s\u00edt\u00edch neobvykl\u00e9 vedlej\u0161\u00ed n\u00e1sledky o\u010dkov\u00e1n\u00ed proti koronaviru vakc\u00ednou Pfizer.<\/strong><\/p>\n<p>Jak\u00a0ozn\u00e1mila\u00a0d\u00edvka jm\u00e9nem Emma, dva t\u00fddny po nao\u010dkov\u00e1n\u00ed se j\u00ed znateln\u011b\u00a0<strong>zv\u011bt\u0161ila prsa<\/strong>. Informovala o tom na TikToku, a n\u00e1sledn\u011b se j\u00ed dostalo velk\u00e9 mno\u017estv\u00ed koment\u00e1\u0159\u016f s analogick\u00fdmi p\u0159\u00edb\u011bhy.<\/p>\n<p>Odborn\u00edci ale pot\u00e9 \u017eeny, kter\u00e9 narazily na podobn\u00e9 n\u00e1sledky vakcinace, uklidnili. L\u00e9ka\u0159 Heinrich Backmann vysv\u011btlil, \u017ee po nao\u010dkov\u00e1n\u00ed se do\u010dasn\u011b zv\u011bt\u0161uj\u00ed lymfatick\u00e9 uzliny, kv\u016fli \u010demu\u017e se zdaj\u00ed b\u00fdt prsa v\u011bt\u0161\u00ed. Souhlasil s n\u00edm tak\u00e9 Steinar Madsen z Norsk\u00e9 l\u00e9kov\u00e9 agentury.<\/p>\n<p>\u201eP\u0159ibli\u017en\u011b u deseti procent nao\u010dkovan\u00fdch \u017een se zv\u011bt\u0161uj\u00ed lymfatick\u00e9 uzliny v podpa\u017e\u00ed. Kv\u016fli tomu se prs trochu vysune dop\u0159edu, a zd\u00e1 se, \u017ee je v\u011bt\u0161\u00ed,\u201c up\u0159esnil l\u00e9ka\u0159.<\/p>\n<p>Zastupitelstv\u00ed spole\u010dnosti Pfizer v Norsku ze sv\u00e9 strany ozn\u00e1milo, \u017ee d\u0159\u00edve podobn\u00e9 vedlej\u0161\u00ed \u00fa\u010dinky nebyly. Nicm\u00e9n\u011b v\u00fdvoj\u00e1\u0159i vakc\u00edny nevylu\u010duj\u00ed, \u017ee se podobn\u00e9 p\u0159\u00edpady vyskytuj\u00ed.<\/p>\n<p><strong>Dv\u011b u\u017e nesta\u010d\u00ed. Pfizer po\u017e\u00e1d\u00e1 o t\u0159et\u00ed d\u00e1vku v EU<\/strong><\/p>\n<p>D\u0159\u00edve bylo ozn\u00e1meno, \u017ee spole\u010dnosti\u00a0Pfizer\u00a0a BioNTech navrhnou v nejbli\u017e\u0161\u00ed dob\u011b americk\u00e9 Spr\u00e1v\u011b pro kontrolu kvality potravin a l\u00e9\u010div (FDA) a Evropsk\u00e9 l\u00e9kov\u00e9 agentu\u0159e (EMA), aby schv\u00e1lily aplikaci t\u0159et\u00ed d\u00e1vky vakc\u00edny proti covidu-19, jako\u017eto boosteru.\u00a0Ozn\u00e1mil\u00a0to Bloomberg s odvol\u00e1n\u00edm na hlavn\u00edho v\u011bdeck\u00e9ho pracovn\u00edka spole\u010dnosti Pfizer Mikaela Dolstena.<\/p>\n<p>Spole\u010dnosti p\u0159edlo\u017e\u00ed l\u00e9ka\u0159sk\u00fdm regula\u010dn\u00edm \u00fa\u0159ad\u016fm v\u00fdsledky studi\u00ed aplikace boosteru. V\u011bdci dosp\u011bli k z\u00e1v\u011bru, \u017ee t\u0159et\u00ed d\u00e1vka m\u016f\u017ee b\u00fdt nutn\u00e1 v pr\u016fb\u011bhu 6 a\u017e 12 m\u011bs\u00edc\u016f po \u00fapln\u00e9 vakcinaci pro podporu vysok\u00e9 \u00farovn\u011b ochrany. Bylo ozn\u00e1meno, \u017ee p\u016fl roku po nao\u010dkov\u00e1n\u00ed se efektivita vakc\u00edny pro zabr\u00e1n\u011bn\u00ed onemocn\u011bn\u00ed sni\u017euje \u2013 a to p\u0159itom, \u017ee jej\u00ed \u00fa\u010dinnost pro zabr\u00e1n\u011bn\u00ed v\u00e1\u017en\u00e9mu pr\u016fb\u011bhu nemoci z\u016fst\u00e1v\u00e1 i nad\u00e1le vysok\u00e1.<\/p>\n<p>\u201eV\u00fdchoz\u00ed \u00fadaje v\u00fdzkumu ukazuj\u00ed, \u017ee t\u0159et\u00ed d\u00e1vka aplikovan\u00e1 6 m\u011bs\u00edc\u016f po druh\u00e9 d\u00e1vce\u2026 vyvol\u00e1v\u00e1 imunitn\u00ed reakci s titry protil\u00e1tek, kter\u00e9 jsou p\u011btkr\u00e1t a\u017e desetkr\u00e1t vy\u0161\u0161\u00ed, ne\u017e po dvou d\u00e1vk\u00e1ch,\u201c uv\u00e1d\u00ed se ve spole\u010dn\u00e9m prohl\u00e1\u0161en\u00ed obou spole\u010dnost\u00ed.<\/p>\n<p>Dolsten je p\u0159esv\u011bd\u010den, \u017ee\u00a0booster\u00a0dok\u00e1\u017ee zachov\u00e1vat vysokou \u00fa\u010dinnost proti v\u0161em variant\u00e1m koronaviru, v\u010detn\u011b mutace delta.<\/p>\n<p><a href=\"https:\/\/cz.sputniknews.com\/20210709\/obyvatelky-norska-oznamily-neobvykly-nasledek-vakcinace-15095733.html\">ZDROJ<\/a><\/p>\n<p>&nbsp;<\/p>\n","protected":false},"excerpt":{"rendered":"<p>Obyvatelky Norska ozn\u00e1mily na soci\u00e1ln\u00edch s\u00edt\u00edch neobvykl\u00e9 vedlej\u0161\u00ed n\u00e1sledky o\u010dkov\u00e1n\u00ed proti koronaviru vakc\u00ednou Pfizer. Jak\u00a0ozn\u00e1mila\u00a0d\u00edvka&#8230;<\/p>\n","protected":false},"author":2,"featured_media":3198,"comment_status":"closed","ping_status":"closed","sticky":false,"template":"","format":"standard","meta":[],"categories":[7],"tags":[853,213,315,651],"_links":{"self":[{"href":"https:\/\/www.infokuryr.cz\/n\/wp-json\/wp\/v2\/posts\/3197"}],"collection":[{"href":"https:\/\/www.infokuryr.cz\/n\/wp-json\/wp\/v2\/posts"}],"about":[{"href":"https:\/\/www.infokuryr.cz\/n\/wp-json\/wp\/v2\/types\/post"}],"author":[{"embeddable":true,"href":"https:\/\/www.infokuryr.cz\/n\/wp-json\/wp\/v2\/users\/2"}],"replies":[{"embeddable":true,"href":"https:\/\/www.infokuryr.cz\/n\/wp-json\/wp\/v2\/comments?post=3197"}],"version-history":[{"count":0,"href":"https:\/\/www.infokuryr.cz\/n\/wp-json\/wp\/v2\/posts\/3197\/revisions"}],"wp:featuredmedia":[{"embeddable":true,"href":"https:\/\/www.infokuryr.cz\/n\/wp-json\/wp\/v2\/media\/3198"}],"wp:attachment":[{"href":"https:\/\/www.infokuryr.cz\/n\/wp-json\/wp\/v2\/media?parent=3197"}],"wp:term":[{"taxonomy":"category","embeddable":true,"href":"https:\/\/www.infokuryr.cz\/n\/wp-json\/wp\/v2\/categories?post=3197"},{"taxonomy":"post_tag","embeddable":true,"href":"https:\/\/www.infokuryr.cz\/n\/wp-json\/wp\/v2\/tags?post=3197"}],"curies":[{"name":"wp","href":"https:\/\/api.w.org\/{rel}","templated":true}]}}