{"id":31960,"date":"2023-07-12T01:07:18","date_gmt":"2023-07-11T23:07:18","guid":{"rendered":"http:\/\/www.infokuryr.cz\/n\/?p=31960"},"modified":"2023-07-11T14:42:11","modified_gmt":"2023-07-11T12:42:11","slug":"kolik-rusu-zahynulo-v-bojich-na-ukrajine-nova-data-odhaluji-co-muze-byt-skutecne-cislo","status":"publish","type":"post","link":"https:\/\/www.infokuryr.cz\/n\/2023\/07\/12\/kolik-rusu-zahynulo-v-bojich-na-ukrajine-nova-data-odhaluji-co-muze-byt-skutecne-cislo\/","title":{"rendered":"Kolik Rus\u016f zahynulo v boj\u00edch na Ukrajin\u011b? Nov\u00e1 data odhaluj\u00ed, co m\u016f\u017ee b\u00fdt skute\u010dn\u00e9 \u010d\u00edslo"},"content":{"rendered":"<div id=\"fb-root\"><\/div>\n<p><span style=\"font-size: 18pt;\"><strong>Rusko i Ukrajina taj\u00ed sv\u016fj po\u010det ob\u011bt\u00ed v\u00e1lky, ale n\u011bkte\u0159\u00ed pou\u017e\u00edvaj\u00ed nep\u0159\u00edm\u00e9 datov\u00e9 body, aby odhadly<\/strong><\/span><\/p>\n<p><span>Podle vy\u0161et\u0159ov\u00e1n\u00ed rusk\u00fdch opozi\u010dn\u00edch port\u00e1l\u016f Meduza a Mediazona mohlo\u00a0v dosud prob\u00edhaj\u00edc\u00edm konfliktu s Ukrajinou<strong>\u00a0<\/strong><\/span><strong><a class=\"ek-link\" href=\"https:\/\/magyarnemzet.hu\/kulfold\/2023\/07\/trukkos-modszerrel-leplezhettek-le-az-orosz-vesztesegeket\">zem\u0159\u00edt p\u0159ibli\u017en\u011b 47 000 rusk\u00fdch voj\u00e1k\u016f.<\/a><\/strong><\/p>\n<p><span>Skute\u010dn\u00fd po\u010det ob\u011bt\u00ed je v\u0161ak pravd\u011bpodobn\u011b mnohem vy\u0161\u0161\u00ed;\u00a0v\u010detn\u011b t\u011bch, kte\u0159\u00ed byli tak t\u011b\u017ece zran\u011bni, \u017ee se nemohli vr\u00e1tit na frontu, to mohlo b\u00fdt a\u017e 125 000.<\/span><\/p>\n<p><span>Po\u010det rusk\u00fdch ob\u011bt\u00ed toho, co prezident Vladimir Putin ozna\u010dil za \u201ezvl\u00e1\u0161tn\u00ed vojenskou operaci\u201c, je v cel\u00e9 zemi tajemstv\u00edm.\u00a0Kdy\u017e vl\u00e1dn\u00ed \u00fa\u0159edn\u00edci naposledy diskutovali o po\u010dtu ob\u011bt\u00ed, hovo\u0159ili o \u201e6 000 hrdinech\u201c, p\u0159iznan\u00fdch v z\u00e1\u0159\u00ed 2022. Od t\u00e9 doby bylo naprost\u00e9 ticho.\u00a0<\/span><a class=\"ek-link\" href=\"https:\/\/meduza.io\/en\/feature\/2023\/07\/10\/bring-out-your-dead\"><span>Meduza<\/span><\/a><span>\u00a0naproti tomu pou\u017eila statistick\u00e9 metody zalo\u017een\u00e9 na omezen\u00e9, ale neutajovan\u00e9 datab\u00e1zi, kter\u00e1 eviduje po\u010det d\u011bdick\u00fdch \u0159\u00edzen\u00ed po cel\u00e9m Rusku.<\/span><\/p>\n<p><span>Auto\u0159i p\u0159ipou\u0161t\u011bj\u00ed, \u017ee metoda nen\u00ed dokonal\u00e1, proto\u017ee ne po v\u0161ech \u00famrt\u00edch mus\u00ed nutn\u011b n\u00e1sledovat prozkoum\u00e1n\u00ed a \u00fadaje mohou b\u00fdt zkresleny rostouc\u00ed m\u00edrou sebevra\u017ed a kriminality.\u00a0\u00dadaje tak\u00e9 nezahrnuj\u00ed voj\u00e1ky poh\u0159e\u0161ovan\u00e9 v akci nebo zajat\u00e9 nebo bojovn\u00edky z odtr\u017een\u00fdch oblast\u00ed Don\u011bck a Luhansk, kte\u0159\u00ed tak\u00e9 museli utrp\u011bt des\u00edtky tis\u00edc ob\u011bt\u00ed.<\/span><\/p>\n<p><span>Jak p\u00ed\u0161\u00ed, jejich metodiku d\u00e1le podporuje fakt, \u017ee na rozd\u00edl od epidemie koronaviru lze n\u00e1r\u016fst jednozna\u010dn\u011b identifikovat u mu\u017e\u016f v odvodov\u00e9m v\u011bku.\u00a0A n\u011bkter\u00e9 \u201e\u0161pi\u010dky\u201c mohou b\u00fdt tak\u00e9 jasn\u011b spojeny s bojov\u00fdmi ud\u00e1lostmi.\u00a0Jako d\u016fkaz uv\u00e1d\u011bj\u00ed v pr\u016fm\u011bru 11 nov\u00fdch p\u0159\u00edpad\u016f prozkoum\u00e1n\u00ed z\u00e1v\u011bti t\u00fddn\u011b u \u017een a 32,8 u mu\u017e\u016f p\u0159ed za\u010d\u00e1tkem invaze na Ukrajinu;\u00a0po za\u010d\u00e1tku v\u00e1lky do\u0161lo ke \u010dty\u0159n\u00e1sobn\u00e9mu n\u00e1r\u016fstu p\u0159\u00edpad\u016f zesnul\u00fdch mu\u017e\u016f.<\/span><\/p>\n<h2 class=\"wp-block-heading\"><span>\u00dadaje o po\u010dtech ob\u011bt\u00ed na Ukrajin\u011b jsou rovn\u011b\u017e utajeny<\/span><\/h2>\n<p><span>Ofici\u00e1ln\u00ed \u010d\u00edsla neuv\u00e1d\u00ed ani ukrajinsk\u00e1 vl\u00e1da.\u00a0Na Ukrajin\u011b jsou v\u00e1le\u010dn\u00e9 ob\u011bti pova\u017eov\u00e1ny za p\u0159\u00edsn\u00e9 st\u00e1tn\u00ed tajemstv\u00ed a ofici\u00e1ln\u00ed informace se zve\u0159ej\u0148uj\u00ed jen z\u0159\u00eddka.<\/span><\/p>\n<p><span>Kdokoli, kdo poru\u0161\u00ed pravidlo jak\u00fdmkoli zp\u016fsobem, v\u010detn\u011b p\u0159\u00edsp\u011bvku nebo koment\u00e1\u0159e na soci\u00e1ln\u00edch s\u00edt\u00edch, m\u016f\u017ee \u010delit trestu odn\u011bt\u00ed svobody.<\/span><\/p>\n<p><span>&#8222;V\u0161e je v z\u00e1znamech, ka\u017ed\u00fd \u010dlov\u011bk je d\u016fle\u017eit\u00fd a m\u00e1me v\u0161echna \u010d\u00edsla,&#8220; nal\u00e9hal d\u0159\u00edve ukrajinsk\u00fd prezident Volodymyr Zelenskyj.<\/span><\/p>\n<p><span>V kv\u011btnu \u201eunikl\u00e9\u201c memorandum EU informovalo, \u017ee jen za ten m\u011bs\u00edc bylo zabito 13 000 ukrajinsk\u00fdch voj\u00e1k\u016f a dal\u0161\u00edch 35 000 bylo zran\u011bno.\u00a0V memorandu se tak\u00e9 uv\u00e1d\u00ed, \u017ee americk\u00e9 odhady uv\u00e1d\u011bj\u00ed po\u010det mrtv\u00fdch na 175 000 a po\u010det \u201eneutralizovan\u00fdch\u201c mezi 124 000 a 131 000 \u2013 to druh\u00e9 zahrnuje krom\u011b mrtv\u00fdch i zran\u011bn\u00e9 nebo nezv\u011bstn\u00e9.\u00a0\u00dadaje vych\u00e1zely z ofici\u00e1ln\u00edch ukrajinsk\u00fdch \u00fadaj\u016f, zpr\u00e1v a zpravodajsk\u00fdch informac\u00ed.<\/span><\/p>\n<p><strong>Dnes se kvalifikovan\u011b a nez\u00e1visle odhaduje, \u017ee Ukrajina m\u00e1 zhruba p\u0159es 250 000 ob\u011bt\u00ed.<\/strong><\/p>\n<p><span>P\u0159esto\u017ee je v\u0161eobecn\u011b zn\u00e1mo, \u017ee ztr\u00e1ty Ruska jsou v\u011bt\u0161\u00ed ne\u017e ob\u011bti Ukrajiny, desetin\u00e1sobn\u00fd rozd\u00edl je t\u011b\u017eko uv\u011b\u0159iteln\u00fd.\u00a0Jedna v\u011bc je jist\u00e1 a v\u0161ichni odborn\u00edci se shoduj\u00ed: Ztr\u00e1ty na obou stran\u00e1ch jsou ot\u0159esn\u00e9 a nepochybn\u011b p\u0159esahuj\u00ed 100 000.<\/span><\/p>\n<p><img decoding=\"async\" loading=\"lazy\" class=\"alignnone size-full wp-image-1185\" src=\"http:\/\/www.infokuryr.cz\/n\/wp-content\/uploads\/2021\/04\/kuryr-podpis.png\" alt=\"\" width=\"84\" height=\"24\" \/><\/p>\n<p>&nbsp;<\/p>\n<p><a href=\"https:\/\/stranapro.cz\/\"><img decoding=\"async\" loading=\"lazy\" class=\"wp-image-30218 aligncenter\" src=\"http:\/\/www.infokuryr.cz\/n\/wp-content\/uploads\/2023\/06\/PRO-banner-300x36.png\" alt=\"\" width=\"1358\" height=\"163\" srcset=\"https:\/\/www.infokuryr.cz\/n\/wp-content\/uploads\/2023\/06\/PRO-banner-300x36.png 300w, https:\/\/www.infokuryr.cz\/n\/wp-content\/uploads\/2023\/06\/PRO-banner-768x93.png 768w, https:\/\/www.infokuryr.cz\/n\/wp-content\/uploads\/2023\/06\/PRO-banner.png 849w\" sizes=\"(max-width: 1358px) 100vw, 1358px\" \/><\/a><\/p>\n<p>&nbsp;<\/p>\n<p>&nbsp;<\/p>\n<p>&nbsp;<\/p>\n","protected":false},"excerpt":{"rendered":"<p>Rusko i Ukrajina taj\u00ed sv\u016fj po\u010det ob\u011bt\u00ed v\u00e1lky, ale n\u011bkte\u0159\u00ed pou\u017e\u00edvaj\u00ed nep\u0159\u00edm\u00e9 datov\u00e9 body, aby&#8230;<\/p>\n","protected":false},"author":2,"featured_media":31961,"comment_status":"closed","ping_status":"closed","sticky":false,"template":"","format":"standard","meta":[],"categories":[7],"tags":[220,871,22,26],"_links":{"self":[{"href":"https:\/\/www.infokuryr.cz\/n\/wp-json\/wp\/v2\/posts\/31960"}],"collection":[{"href":"https:\/\/www.infokuryr.cz\/n\/wp-json\/wp\/v2\/posts"}],"about":[{"href":"https:\/\/www.infokuryr.cz\/n\/wp-json\/wp\/v2\/types\/post"}],"author":[{"embeddable":true,"href":"https:\/\/www.infokuryr.cz\/n\/wp-json\/wp\/v2\/users\/2"}],"replies":[{"embeddable":true,"href":"https:\/\/www.infokuryr.cz\/n\/wp-json\/wp\/v2\/comments?post=31960"}],"version-history":[{"count":1,"href":"https:\/\/www.infokuryr.cz\/n\/wp-json\/wp\/v2\/posts\/31960\/revisions"}],"predecessor-version":[{"id":31962,"href":"https:\/\/www.infokuryr.cz\/n\/wp-json\/wp\/v2\/posts\/31960\/revisions\/31962"}],"wp:featuredmedia":[{"embeddable":true,"href":"https:\/\/www.infokuryr.cz\/n\/wp-json\/wp\/v2\/media\/31961"}],"wp:attachment":[{"href":"https:\/\/www.infokuryr.cz\/n\/wp-json\/wp\/v2\/media?parent=31960"}],"wp:term":[{"taxonomy":"category","embeddable":true,"href":"https:\/\/www.infokuryr.cz\/n\/wp-json\/wp\/v2\/categories?post=31960"},{"taxonomy":"post_tag","embeddable":true,"href":"https:\/\/www.infokuryr.cz\/n\/wp-json\/wp\/v2\/tags?post=31960"}],"curies":[{"name":"wp","href":"https:\/\/api.w.org\/{rel}","templated":true}]}}