{"id":31944,"date":"2023-07-11T05:04:05","date_gmt":"2023-07-11T03:04:05","guid":{"rendered":"http:\/\/www.infokuryr.cz\/n\/?p=31944"},"modified":"2023-07-11T05:04:05","modified_gmt":"2023-07-11T03:04:05","slug":"michael-svatos-novy-plan-zelenskyj-pence-na-porazku-putina","status":"publish","type":"post","link":"https:\/\/www.infokuryr.cz\/n\/2023\/07\/11\/michael-svatos-novy-plan-zelenskyj-pence-na-porazku-putina\/","title":{"rendered":"Michael Svato\u0161: Nov\u00fd pl\u00e1n Zelenskyj \u2013 Pence na por\u00e1\u017eku Putina!"},"content":{"rendered":"<div id=\"fb-root\"><\/div>\n<h3 class=\"post-title entry-title\"><span style=\"font-size: 18pt;\">Nov\u00fd pl\u00e1n Zelenskyj \u2013 Pence na por\u00e1\u017eku Putina! Po krachu letn\u00ed ofenz\u00edvy po\u017eaduje Kyjev 1\/5 v\u0161\u00ed v\u00fdzbroje NATO, aby prorazil na Krym, st\u0159\u00edlel na Rusko rakety a vyd\u011bsil Putina!<\/span><\/h3>\n<p>V\u010dera \u0161\u00e9f kyjevsk\u00e9ho doup\u011bte Zelenskyj, po krachu sv\u00e9 letn\u00ed ofenz\u00edvy,\u00a0<a href=\"https:\/\/www.forum24.cz\/zelenskyj-otevrene-promluvil-o-moznem-cili-ofenzivy-rekl-jak-primet-putina-k-jednani\">ozn\u00e1mil v americk\u00e9 televizi sv\u016fj nov\u00fd pl\u00e1n<\/a>, jak poraz\u00ed moskevsk\u00e9ho Gosudara. Pl\u00e1n je jednoduch\u00fd \u2013 zem\u011b NATO znovu vyzbroj\u00ed Ukrajinu, a jej\u00ed nov\u00e1 arm\u00e1da potom proraz\u00ed ze Z\u00e1poro\u017e\u00ed ke Krymu, a za\u010dne ho ost\u0159elovat raketami. V tom okam\u017eiku se Gosudar lekne, a zah\u00e1j\u00ed m\u00edrov\u00e1 jedn\u00e1n\u00ed!<\/p>\n<p>V\u010dera Mike Pence, kter\u00fd pojal pl\u00e1n, \u017ee poraz\u00ed v prim\u00e1rk\u00e1ch sv\u00e9ho b\u00fdval\u00e9ho \u0161\u00e9fa Trumpa, a potom i Bidena, a stane se nov\u00fdm v\u016fdcem Z\u00e1padu, ozn\u00e1mil,\u00a0<a href=\"https:\/\/thehill.com\/policy\/international\/4089130-pence-says-trumps-ukraine-war-promise-requires-giving-putin-what-he-wanted\/\">\u017ee ukon\u010d\u00ed v\u00e1lku na Ukrajin\u011b, tak, \u017ee d\u00e1 Ukrajinc\u016fm v\u0161e, co pot\u0159ebuj\u00ed, aby porazili Putina<\/a>!<\/p>\n<p>Ani jeden z obou chytrol\u00edn\u016f ov\u0161em rad\u011bji neprozradil, co v\u0161echno mus\u00ed Ukrajina dostat, aby m\u011bla aspo\u0148 teoretickou \u0161anci prorazit ke Krymu, a st\u0159\u00edlet na n\u011bj rakety, aby vyd\u011bsila Gosudara, a nastal m\u00edr! A tak jsme to ud\u011blali za n\u011b, abyste v\u011bd\u011bli, kolik za to zaplat\u00edte.<\/p>\n<ul>\n<li>400 bojov\u00fdch letadel, to je 1\/4 s\u00edly letectva Ruska, nejm\u00e9n\u011b kvality F-16 =\u00a0 25 miliard USD, p\u0159i jednotkov\u00e9\u00a0<a href=\"https:\/\/www.aerotime.aero\/articles\/27553-top-10-most-expensive-fighter-jets\">cen\u011b 63 milion\u016f USD za kus<\/a>. K tomu bude t\u0159eba v\u00fdzbroj, leti\u0161tn\u00ed, technick\u00e9, radioelektronick\u00e9 a logistick\u00e9 vybaven\u00ed za dal\u0161\u00ed 25 miliard USD.<\/li>\n<li>200 \u00fato\u010dn\u00fdch vrtuln\u00edk\u016f a 200 dopravn\u00edch vrtuln\u00edk\u016f = 10 miliard USD, p\u0159i jednotkov\u00e9 cen\u011b\u00a0<a href=\"https:\/\/www.thesoldiersproject.org\/most-expensive-military-helicopters\/\">Boeing AH-64 Apache \u2013 $52 milion\u016f,\u00a0<i class=\"sui sui-hand-o-right\"><\/i>Sikorsky SH-60 Seahawk<\/a>\u00a0\u2013 $36 milion\u016f, K tomu v\u00fdzbroj, atd za 5 miliard USD<\/li>\n<li>40 bateri\u00ed PVO Patriot p\u0159i jednotkov\u00e9 cen\u011b\u00a0<a href=\"https:\/\/en.wikipedia.org\/wiki\/MIM-104_Patriot\">1.1 miliardy za baterii v\u010detn\u011b raket<\/a>\u00a0= 44 miliard USD<\/li>\n<li>2000 modern\u00edch \u00fato\u010dn\u00fdch tank\u016f Abrams s v\u00fdzbroj\u00ed,<a href=\"https:\/\/www.newsweek.com\/cost-western-battle-tanks-m1-abrams-leopard-2-challenger-2-1776725\">\u00a0cena 10 milion\u016f USD za kus p\u0159i dod\u00e1n\u00ed star\u00fdch kus\u016f ze sklad\u016f USA<\/a>, = 20 miliard USD =\u00a0<a href=\"https:\/\/www.statista.com\/statistics\/1294391\/nato-tank-strength-country\/\">36% v\u0161ech tank\u016f USA<\/a>\u00a0= 17% v\u0161ech tank\u016f NATO, v\u010detn\u011b 4000 velmi zastaral\u00fdch tank\u016f \u0158ecka, Turecka, Bulharska a Rumunska.<\/li>\n<li>2000 obrn\u011bn\u00fdch vozidel p\u011bchoty,<a href=\"https:\/\/www.seznamzpravy.cz\/clanek\/domaci-politika-vlada-odklepla-nakup-svedskych-bvp-za-temer-60-miliard-korun-231457\">\u00a0p\u0159i cen\u011b podle \u010cernochov\u00e9 celkem<\/a>\u00a0 = 24\u00a0miliard USD<\/li>\n<li>4000 obrn\u011bn\u00fdch transport\u00e9r\u016f na p\u0159epravu p\u011bchoty,<a href=\"https:\/\/www.defenceconnect.com.au\/land-amphibious\/5108-two-for-the-price-of-one-why-is-australia-being-charged-double-for-boxer-mivs\">\u00a0australsk\u00e1 cena = 40 miliard USD<\/a>,<\/li>\n<li>a k tomu d\u011bla, raketomety, munici, palivo, po\u010d\u00edta\u010de, vys\u00edla\u010dky a dal\u0161\u00ed materi\u00e1l za nejm\u00e9n\u011b 20 miliard USD<\/li>\n<li>Celkov\u00fd sou\u010det 213 miliard USD, (4.5 bilionu CZK). Tato v\u00fdzbroj p\u0159edstavuje\u00a0<a href=\"https:\/\/www.statista.com\/statistics\/1293414\/airpower-of-russia-and-ukraine-in-comparison\/\">skoro 1\/5 v\u0161\u00ed v\u00fdzbroje<\/a>\u00a0NATO!<\/li>\n<li><a href=\"https:\/\/www.ifw-kiel.de\/topics\/war-against-ukraine\/ukraine-support-tracker\/\">Do konce kv\u011btna dostala Ukrajina zat\u00edm pomoc ve v\u00fd\u0161i jen 181 miliard USD<\/a>. Tato pomoc ov\u0161em zahrnuje ve\u0161kerou pomoc, tedy jak finan\u010dn\u00ed, civiln\u00ed, humanit\u00e1rn\u00ed a vojenskou.\u00a0<a href=\"https:\/\/t.me\/michalapetr\/783\">Pod\u00edl vojensk\u00e9 pomoci p\u0159edstavuje v p\u0159\u00edpad\u011b USA asi 60%<\/a>. To je ov\u0161em v\u00fdjimka, V\u011bt\u0161ina dal\u0161\u00edch zem\u00ed neposkytuje tak velkou vojenskou pomoc.<\/li>\n<li>Pokud pl\u00e1n Zelenskyj\/Pence projde na shrom\u00e1\u017ed\u011bn\u00ed pohlav\u00e1r\u016f NATO ve Vilniusu a bude schv\u00e1len, bude t\u0159eba vynalo\u017eit celkem asi 0.5 bilionu USD, proto\u017ee piloti letadel a os\u00e1dky tank\u016f nebudou p\u0159ipraveni k \u00fatoku d\u0159\u00edve n\u011b\u017e na podzim 2024. Mo\u017en\u00e1 Ukrajina nyn\u00ed ani nem\u00e1 tolik vojensk\u00fdch pilot\u016f, leteck\u00fdch technik\u016f a specialist\u016f na leteckou radiotechniku, aby je mohla p\u0159ecvi\u010dit. Potom se bude muset \u010dekat je\u0161t\u011b nejm\u00e9n\u011b jeden dal\u0161\u00ed rok.<\/li>\n<li>Mike Pence se v\u010dera vysm\u00edval Trumpovi, \u017ee chce ukon\u010dit konflikt na Ukrajin\u011b do 24 hodin, a\u017e bude prezidentem.\u00a0<a href=\"https:\/\/thehill.com\/policy\/international\/4089130-pence-says-trumps-ukraine-war-promise-requires-giving-putin-what-he-wanted\/\">Podle Pence je Trump kapitulant<\/a>, a chce d\u00e1t Putinovi v\u0161e, co chce. Trump je byznysmen, a tak si um\u00ed spo\u010d\u00edtat, na rozd\u00edl od zast\u00e1nc\u016f kone\u010dn\u00e9ho v\u00edt\u011bzstv\u00ed Ukrajiny, kolik by st\u00e1la i jen teoretick\u00e1 \u0161ance, \u017ee Zelensk\u00e9ho soldateska proraz\u00ed ke Krymu, a za\u010dne na n\u011bj st\u0159\u00edlet rakety, aby vyd\u011bsila Putina. Trump chodil sp\u00e1t s \u201cjadern\u00fdm kuf\u0159\u00edkem vedle sebe\u201d, a tak v\u00ed, \u017ee kdyby na USA za\u010dal n\u011bjak\u00fd bl\u00e1zen st\u0159\u00edlet rakety, aby vyd\u011bsil jejich prezidenta, za\u010dala by jadern\u00e1 v\u00e1lka, proto\u017ee nikdo neum\u00ed na let\u00edc\u00ed raket\u011b poznat je-li konven\u010dn\u00ed, a nebo jadern\u00e1.<\/li>\n<\/ul>\n<p><a href=\"https:\/\/www.michalapetr.com\/map-1725-novy-plan-zelenskyj-pence-na-porazku-putina-po-krachu-letni-ofenzivy-pozaduje-kyjev-1-5-vsi-vyzbroje-nato-aby-prorazil-na-krym-strilel-na-rusko-rakety-a-vydesil-putina\/\">Michael Svato\u0161<\/a><\/p>\n<p><img decoding=\"async\" loading=\"lazy\" class=\"alignnone size-full wp-image-27204\" src=\"http:\/\/www.infokuryr.cz\/n\/wp-content\/uploads\/2023\/05\/Michael_Svatos.png\" alt=\"\" width=\"180\" height=\"180\" srcset=\"https:\/\/www.infokuryr.cz\/n\/wp-content\/uploads\/2023\/05\/Michael_Svatos.png 180w, https:\/\/www.infokuryr.cz\/n\/wp-content\/uploads\/2023\/05\/Michael_Svatos-150x150.png 150w\" sizes=\"(max-width: 180px) 100vw, 180px\" \/><\/p>\n<p>&nbsp;<\/p>\n<p><a href=\"https:\/\/stranapro.cz\/\"><img decoding=\"async\" loading=\"lazy\" class=\"wp-image-30218 aligncenter\" src=\"http:\/\/www.infokuryr.cz\/n\/wp-content\/uploads\/2023\/06\/PRO-banner-300x36.png\" alt=\"\" width=\"1375\" height=\"165\" srcset=\"https:\/\/www.infokuryr.cz\/n\/wp-content\/uploads\/2023\/06\/PRO-banner-300x36.png 300w, https:\/\/www.infokuryr.cz\/n\/wp-content\/uploads\/2023\/06\/PRO-banner-768x93.png 768w, https:\/\/www.infokuryr.cz\/n\/wp-content\/uploads\/2023\/06\/PRO-banner.png 849w\" sizes=\"(max-width: 1375px) 100vw, 1375px\" \/><\/a><\/p>\n<p>&nbsp;<\/p>\n<p>&nbsp;<\/p>\n<p>&nbsp;<\/p>\n<p>&nbsp;<\/p>\n","protected":false},"excerpt":{"rendered":"<p>Nov\u00fd pl\u00e1n Zelenskyj \u2013 Pence na por\u00e1\u017eku Putina! Po krachu letn\u00ed ofenz\u00edvy po\u017eaduje Kyjev 1\/5&#8230;<\/p>\n","protected":false},"author":2,"featured_media":30435,"comment_status":"closed","ping_status":"closed","sticky":false,"template":"","format":"standard","meta":[],"categories":[6],"tags":[1042,39,1505,102,73,1000],"_links":{"self":[{"href":"https:\/\/www.infokuryr.cz\/n\/wp-json\/wp\/v2\/posts\/31944"}],"collection":[{"href":"https:\/\/www.infokuryr.cz\/n\/wp-json\/wp\/v2\/posts"}],"about":[{"href":"https:\/\/www.infokuryr.cz\/n\/wp-json\/wp\/v2\/types\/post"}],"author":[{"embeddable":true,"href":"https:\/\/www.infokuryr.cz\/n\/wp-json\/wp\/v2\/users\/2"}],"replies":[{"embeddable":true,"href":"https:\/\/www.infokuryr.cz\/n\/wp-json\/wp\/v2\/comments?post=31944"}],"version-history":[{"count":0,"href":"https:\/\/www.infokuryr.cz\/n\/wp-json\/wp\/v2\/posts\/31944\/revisions"}],"wp:featuredmedia":[{"embeddable":true,"href":"https:\/\/www.infokuryr.cz\/n\/wp-json\/wp\/v2\/media\/30435"}],"wp:attachment":[{"href":"https:\/\/www.infokuryr.cz\/n\/wp-json\/wp\/v2\/media?parent=31944"}],"wp:term":[{"taxonomy":"category","embeddable":true,"href":"https:\/\/www.infokuryr.cz\/n\/wp-json\/wp\/v2\/categories?post=31944"},{"taxonomy":"post_tag","embeddable":true,"href":"https:\/\/www.infokuryr.cz\/n\/wp-json\/wp\/v2\/tags?post=31944"}],"curies":[{"name":"wp","href":"https:\/\/api.w.org\/{rel}","templated":true}]}}