{"id":31842,"date":"2023-07-10T01:03:19","date_gmt":"2023-07-09T23:03:19","guid":{"rendered":"http:\/\/www.infokuryr.cz\/n\/?p=31842"},"modified":"2023-07-09T16:07:16","modified_gmt":"2023-07-09T14:07:16","slug":"na-ukrajinskem-ministerstvu-obrany-priznali-ze-teroristicky-utok-na-krymsky-most-je-dilem-kyjeva","status":"publish","type":"post","link":"https:\/\/www.infokuryr.cz\/n\/2023\/07\/10\/na-ukrajinskem-ministerstvu-obrany-priznali-ze-teroristicky-utok-na-krymsky-most-je-dilem-kyjeva\/","title":{"rendered":"Na ukrajinsk\u00e9m ministerstvu obrany p\u0159iznali, \u017ee teroristick\u00fd \u00fatok na Krymsk\u00fd most je d\u00edlem Kyjeva"},"content":{"rendered":"<div id=\"fb-root\"><\/div>\n<p><strong>N\u00e1m\u011bstkyn\u011b ukrajinsk\u00e9ho ministra obrany Hanna Maljarov\u00e1 fakticky p\u0159iznala na Telegramu, \u017ee odpov\u011bdnost za explozi na Krymsk\u00e9m most\u011b nese kyjevsk\u00e1 vl\u00e1da.<\/strong><\/p>\n<p>\u201eP\u0159ed 273 dny (jsme) zasadili prvn\u00ed \u00fader na Krymsk\u00fd most, abychom p\u0159ekazili Rus\u016fm logistiku,\u201d napsala.<\/p>\n<p>\u0160\u00e9f SBU Vasyl Maljuk prohl\u00e1sil, \u017ee Kyjev cht\u011bl \u201ep\u0159e\u0159\u00edznout logistickou cestu\u201d na poloostrov a podnikl p\u0159\u00edslu\u0161n\u00e9 aktivity, ale neup\u0159esnil, jak\u00e9 konkr\u00e9tn\u011b. N\u00e1\u010deln\u00edk Hlavn\u00ed spr\u00e1vy rozv\u011bdky Kyrylo Budanov naopak pop\u0159el, \u017ee za \u00fatokem na most stoj\u00ed ukrajinsk\u00e9 tajn\u00e9 slu\u017eby.<\/p>\n<p><span style=\"font-size: 14pt;\"><strong>Exploze na Krymsk\u00e9m most\u011b<\/strong><\/span><\/p>\n<p>8.\u0159\u00edjna \u010dasn\u011b r\u00e1no explodovalo na Krymsk\u00e9m most\u011b n\u00e1kladn\u00ed auto. Pot\u00e9 vzplanulo sedm \u017eelezni\u010dn\u00edch cisternov\u00fdch voz\u016f s palivem, kter\u00e9 jely po \u017eelezni\u010dn\u00ed \u010d\u00e1sti mostu. N\u00e1sledkem toho byly \u010d\u00e1ste\u010dn\u011b zbo\u0159eny dv\u011b automobilov\u00e9 \u010d\u00e1sti mostu, ale op\u011bry oblouku pro plavbu lod\u00ed nebyly po\u0161kozeny.<\/p>\n<p>FSB RF obvinila z teroristick\u00e9ho \u00fatoku ukrajinskou Hlavn\u00ed spr\u00e1vu rozv\u011bdky a osobn\u011b Budanova. V\u00fdbu\u0161n\u00e9 za\u0159\u00edzen\u00ed bylo ukryto v rol\u00edch stavebn\u00edho polyetylenu na 22 palet\u00e1ch o celkov\u00e9 hmotnosti 22,8 tuny. Celkem bylo zadr\u017eeno 8 lid\u00ed.<\/p>\n<p><img decoding=\"async\" loading=\"lazy\" class=\"alignnone size-full wp-image-1185\" src=\"http:\/\/www.infokuryr.cz\/n\/wp-content\/uploads\/2021\/04\/kuryr-podpis.png\" alt=\"\" width=\"84\" height=\"24\" \/><\/p>\n<p>&nbsp;<\/p>\n<p><a href=\"https:\/\/stranapro.cz\/\"><img decoding=\"async\" loading=\"lazy\" class=\"wp-image-30218 aligncenter\" src=\"http:\/\/www.infokuryr.cz\/n\/wp-content\/uploads\/2023\/06\/PRO-banner-300x36.png\" alt=\"\" width=\"1375\" height=\"165\" srcset=\"https:\/\/www.infokuryr.cz\/n\/wp-content\/uploads\/2023\/06\/PRO-banner-300x36.png 300w, https:\/\/www.infokuryr.cz\/n\/wp-content\/uploads\/2023\/06\/PRO-banner-768x93.png 768w, https:\/\/www.infokuryr.cz\/n\/wp-content\/uploads\/2023\/06\/PRO-banner.png 849w\" sizes=\"(max-width: 1375px) 100vw, 1375px\" \/><\/a><\/p>\n<p>&nbsp;<\/p>\n<p>&nbsp;<\/p>\n<p>&nbsp;<\/p>\n","protected":false},"excerpt":{"rendered":"<p>N\u00e1m\u011bstkyn\u011b ukrajinsk\u00e9ho ministra obrany Hanna Maljarov\u00e1 fakticky p\u0159iznala na Telegramu, \u017ee odpov\u011bdnost za explozi na&#8230;<\/p>\n","protected":false},"author":2,"featured_media":16363,"comment_status":"closed","ping_status":"closed","sticky":false,"template":"","format":"standard","meta":[],"categories":[7],"tags":[3147,221,5170,300],"_links":{"self":[{"href":"https:\/\/www.infokuryr.cz\/n\/wp-json\/wp\/v2\/posts\/31842"}],"collection":[{"href":"https:\/\/www.infokuryr.cz\/n\/wp-json\/wp\/v2\/posts"}],"about":[{"href":"https:\/\/www.infokuryr.cz\/n\/wp-json\/wp\/v2\/types\/post"}],"author":[{"embeddable":true,"href":"https:\/\/www.infokuryr.cz\/n\/wp-json\/wp\/v2\/users\/2"}],"replies":[{"embeddable":true,"href":"https:\/\/www.infokuryr.cz\/n\/wp-json\/wp\/v2\/comments?post=31842"}],"version-history":[{"count":0,"href":"https:\/\/www.infokuryr.cz\/n\/wp-json\/wp\/v2\/posts\/31842\/revisions"}],"wp:featuredmedia":[{"embeddable":true,"href":"https:\/\/www.infokuryr.cz\/n\/wp-json\/wp\/v2\/media\/16363"}],"wp:attachment":[{"href":"https:\/\/www.infokuryr.cz\/n\/wp-json\/wp\/v2\/media?parent=31842"}],"wp:term":[{"taxonomy":"category","embeddable":true,"href":"https:\/\/www.infokuryr.cz\/n\/wp-json\/wp\/v2\/categories?post=31842"},{"taxonomy":"post_tag","embeddable":true,"href":"https:\/\/www.infokuryr.cz\/n\/wp-json\/wp\/v2\/tags?post=31842"}],"curies":[{"name":"wp","href":"https:\/\/api.w.org\/{rel}","templated":true}]}}