{"id":31837,"date":"2023-07-10T01:00:31","date_gmt":"2023-07-09T23:00:31","guid":{"rendered":"http:\/\/www.infokuryr.cz\/n\/?p=31837"},"modified":"2023-07-09T15:52:32","modified_gmt":"2023-07-09T13:52:32","slug":"organizace-spojenych-narodu-pozaduje-trvale-globalni-nouzove-sily","status":"publish","type":"post","link":"https:\/\/www.infokuryr.cz\/n\/2023\/07\/10\/organizace-spojenych-narodu-pozaduje-trvale-globalni-nouzove-sily\/","title":{"rendered":"Organizace spojen\u00fdch n\u00e1rod\u016f po\u017eaduje trval\u00e9 glob\u00e1ln\u00ed nouzov\u00e9 s\u00edly"},"content":{"rendered":"<div id=\"fb-root\"><\/div>\n<p><strong><span>Nap\u0159\u00edklad pro boj proti \u201eklimatick\u00fdm ud\u00e1lostem\u201c a \u201epandemi\u00edm\u201c pot\u0159ebuje Organizace spojen\u00fdch n\u00e1rod\u016f trval\u00e9 a komplexn\u00ed nouzov\u00e9 pravomoci.\u00a0<\/span><a href=\"https:\/\/twitter.com\/ITGuy1959\/status\/1676378112689418242\" target=\"_blank\" rel=\"noreferrer noopener\"><span>Co by se mohlo potenci\u00e1ln\u011b pokazit?\u00a0<\/span><\/a><span>A co v\u00edc, budou se WHO a OSN h\u00e1dat o glob\u00e1ln\u00edch dikt\u00e1torsk\u00fdch opat\u0159en\u00edch, kdy\u017e bude kolovat nov\u00e9 nachlazen\u00ed?<\/span><\/strong><\/p>\n<p><span>Organizace spojen\u00fdch n\u00e1rod\u016f po\u017eaduje, aby sv\u011btov\u00ed l\u00edd\u0159i ud\u011blili globalistick\u00e9 organizaci trval\u00e9 glob\u00e1ln\u00ed nouzov\u00e9 pravomoci, aby se vypo\u0159\u00e1dala s jak\u00fdmikoli \u201e\u0161oky\u201c, kter\u00e9 by \u00fadajn\u011b mohly poch\u00e1zet ze \u201ezm\u011bny klimatu\u201c nebo \u201ebudouc\u00edch pandemi\u00ed\u201c.\u00a0V souladu s t\u00edm OSN p\u0159edlo\u017e\u00ed dalekos\u00e1hl\u00fd pl\u00e1n na z\u00edsk\u00e1n\u00ed nouzov\u00fdch pravomoc\u00ed, kter\u00e9 by umo\u017enily glob\u00e1ln\u00edmu org\u00e1nu v\u00e9st \u201espole\u010dnou agendu\u201c pro v\u0161echny n\u00e1rody.\u00a0Je to ale zvl\u00e1\u0161t\u011b zaj\u00edmav\u00e9 s ohledem na potenci\u00e1ln\u00ed \u201epandemie\u201c, proto\u017ee WHO chce svou pandemickou dohodou tak\u00e9 z\u00edskat glob\u00e1ln\u00ed mocnosti.<\/span><\/p>\n<p><span>Globalisty pro\u0161pikovan\u00e1 organizace tvrd\u00ed, \u017ee pot\u0159ebuje moc, aby p\u0159ekonala z\u00e1kony suver\u00e9nn\u00edch zem\u00ed v p\u0159\u00edpad\u011b \u201eslo\u017eit\u00fdch glob\u00e1ln\u00edch ot\u0159es\u016f\u201c, jako jsou:\u00a0B. p\u0159i \u201evelk\u00e9 ud\u00e1losti ve vesm\u00edru\u201c nebo \u201evelk\u00e9 klimatick\u00e9 ud\u00e1losti\u201c na zemi.\u00a0Trv\u00e1 tak\u00e9 na tom, \u017ee tyto pravomoci pot\u0159ebuje trvale, pro p\u0159\u00edpad, \u017ee by musela uvalit tyransk\u00e1 omezen\u00ed na ve\u0159ejnost, aby se vypo\u0159\u00e1dala s \u201eglob\u00e1ln\u00edmi ot\u0159esy\u201c.\u00a0N\u011bco podobn\u00e9ho, \u200b\u200bco jsme ji\u017e vid\u011bli v obdob\u00ed Corony \u2013 s\u00a0<\/span><a href=\"https:\/\/report24.news\/grundrechte-sind-abwehrrechte-wenn-der-staat-die-demokratie-gefaehrdet\/\"><span>masivn\u00edm omezov\u00e1n\u00edm z\u00e1kladn\u00edch pr\u00e1v a svobod<\/span><\/a><span>\u00a0po cel\u00e9m sv\u011bt\u011b.<\/span><\/p>\n<p><span>Podle jedn\u00e9\u00a0<\/span><a href=\"https:\/\/thefederalist.com\/2023\/07\/04\/the-u-n-is-planning-to-seize-global-emergency-powers-with-bidens-support\/\"><span>zpr\u00e1vy<\/span><\/a><span>\u00a0uspo\u0159\u00e1d\u00e1 veden\u00ed OSN v z\u00e1\u0159\u00ed 2024 \u201e\u00a0<\/span><a href=\"https:\/\/www.un.org\/en\/common-agenda\/summit-of-the-future\"><span>Summit budoucnosti<\/span><\/a><span>\u00a0\u201c, aby rozhodlo o \u201ePaktu pro budoucnost\u201c.\u00a0Odpov\u00eddaj\u00edc\u00ed opat\u0159en\u00ed ji\u017e byla nast\u00edn\u011bna ve zpr\u00e1v\u011b \u201e\u00a0<\/span><a href=\"https:\/\/www.un.org\/en\/common-agenda\"><span>Na\u0161e spole\u010dn\u00e1 agenda<\/span><\/a><span>\u00a0\u201c globalistick\u00e9 organizace.\u00a0Jedn\u00edm z takov\u00fdch opat\u0159en\u00ed je \u201enouzov\u00e1 platforma\u201c pro v\u0161echny ud\u00e1losti s glob\u00e1ln\u00edmi dopady, kter\u00e1 by dala OSN pravomoc\u00a0<\/span><strong><span>\u201eaktivn\u011b podporovat a prosazovat mezin\u00e1rodn\u00ed reakci, kter\u00e1 stav\u00ed principy spravedlnosti a solidarity do st\u0159edu jej\u00ed pr\u00e1ce<\/span><\/strong><span>\u00a0\u201c .\u00a0Dal\u0161\u00edm opat\u0159en\u00edm je zaveden\u00ed celosv\u011btov\u00e9ho povinn\u00e9ho\u00a0<\/span><a href=\"https:\/\/report24.news\/auf-great-reset-kurs-un-will-mit-bankkonto-verknuepfte-digitale-id-durchsetzen\/\"><span>digit\u00e1ln\u00edho ID pro ve\u0159ejnost<\/span><\/a><span>, kter\u00e1 je propojena s bankovn\u00edmi \u00fa\u010dty ob\u010dan\u016f.<\/span><\/p>\n<p><span>Antonio Guterres, gener\u00e1ln\u00ed tajemn\u00edk OSN, prohl\u00e1sil:\u00a0<\/span><strong><span>\u201eNavrhuji, aby Valn\u00e9 shrom\u00e1\u017ed\u011bn\u00ed ud\u011blilo gener\u00e1ln\u00edmu tajemn\u00edkovi a syst\u00e9mu OSN st\u00e1lou pravomoc automaticky z\u0159\u00eddit nouzovou platformu v p\u0159\u00edpad\u011b budouc\u00edho komplexn\u00edho glob\u00e1ln\u00edho \u0161oku dostate\u010dn\u00e9ho rozsahu. , z\u00e1va\u017enost a rozsah svol\u00e1n\u00ed a uveden\u00ed do provozu.\u201c\u00a0<\/span><\/strong><span>Dokument uv\u00e1d\u00ed n\u011bkolik p\u0159\u00edklad\u016f toho, co by mohla pohotovostn\u00ed agentura spustit, v\u010detn\u011b\u00a0<\/span><strong><span>\u201evelk\u00fdch klimatick\u00fdch ud\u00e1lost\u00ed\u201c, \u201erizika budouc\u00ed pandemie\u201c, \u201eglob\u00e1ln\u00edho naru\u0161en\u00ed digit\u00e1ln\u00ed konektivity\u201c, \u201evelk\u00e9 vesm\u00edrn\u00e9 ud\u00e1losti\u201c a obecn\u00fdch \u201enep\u0159edv\u00eddan\u00fdch rizik\u201c (&#8218; \u010dern\u00e9 labut\u011b&#8216;)\u201c<\/span><\/strong><span>\u00a0.<\/span><\/p>\n<p><span>D\u00e1le se uv\u00e1d\u00ed, \u017ee OSN m\u00e1 pravomoc monitorovat a kontrolovat \u201estakeholdery\u201c sv\u011bta.\u00a0Mezi tyto subjekty pat\u0159\u00ed vl\u00e1dy, akademici, subjekty ze soukrom\u00e9ho sektoru a \u201emezin\u00e1rodn\u00ed finan\u010dn\u00ed instituce\u201c.\u00a0OSN \u0159\u00edk\u00e1, \u017ee mus\u00ed m\u00edt nad t\u011bmito \u201ez\u00fa\u010dastn\u011bn\u00fdmi stranami\u201c neomezenou kontrolu, aby zajistila jednotnou, glob\u00e1ln\u00ed reakci na jakoukoli vyhl\u00e1\u0161enou krizi.\u00a0Je to sv\u011bt, ve kter\u00e9m lid\u00e9 cht\u011bj\u00ed \u017e\u00edt?<\/span><\/p>\n<p><img decoding=\"async\" loading=\"lazy\" class=\"alignnone size-full wp-image-1185\" src=\"http:\/\/www.infokuryr.cz\/n\/wp-content\/uploads\/2021\/04\/kuryr-podpis.png\" alt=\"\" width=\"84\" height=\"24\" \/><\/p>\n<p>&nbsp;<\/p>\n<p><a href=\"https:\/\/stranapro.cz\/\"><img decoding=\"async\" loading=\"lazy\" class=\"wp-image-30218 aligncenter\" src=\"http:\/\/www.infokuryr.cz\/n\/wp-content\/uploads\/2023\/06\/PRO-banner-300x36.png\" alt=\"\" width=\"1350\" height=\"162\" srcset=\"https:\/\/www.infokuryr.cz\/n\/wp-content\/uploads\/2023\/06\/PRO-banner-300x36.png 300w, https:\/\/www.infokuryr.cz\/n\/wp-content\/uploads\/2023\/06\/PRO-banner-768x93.png 768w, https:\/\/www.infokuryr.cz\/n\/wp-content\/uploads\/2023\/06\/PRO-banner.png 849w\" sizes=\"(max-width: 1350px) 100vw, 1350px\" \/><\/a><\/p>\n<p>&nbsp;<\/p>\n<p>&nbsp;<\/p>\n<p>&nbsp;<\/p>\n","protected":false},"excerpt":{"rendered":"<p>Nap\u0159\u00edklad pro boj proti \u201eklimatick\u00fdm ud\u00e1lostem\u201c a \u201epandemi\u00edm\u201c pot\u0159ebuje Organizace spojen\u00fdch n\u00e1rod\u016f trval\u00e9 a komplexn\u00ed&#8230;<\/p>\n","protected":false},"author":2,"featured_media":2754,"comment_status":"closed","ping_status":"closed","sticky":false,"template":"","format":"standard","meta":[],"categories":[7],"tags":[279,186,5427,5187,48],"_links":{"self":[{"href":"https:\/\/www.infokuryr.cz\/n\/wp-json\/wp\/v2\/posts\/31837"}],"collection":[{"href":"https:\/\/www.infokuryr.cz\/n\/wp-json\/wp\/v2\/posts"}],"about":[{"href":"https:\/\/www.infokuryr.cz\/n\/wp-json\/wp\/v2\/types\/post"}],"author":[{"embeddable":true,"href":"https:\/\/www.infokuryr.cz\/n\/wp-json\/wp\/v2\/users\/2"}],"replies":[{"embeddable":true,"href":"https:\/\/www.infokuryr.cz\/n\/wp-json\/wp\/v2\/comments?post=31837"}],"version-history":[{"count":0,"href":"https:\/\/www.infokuryr.cz\/n\/wp-json\/wp\/v2\/posts\/31837\/revisions"}],"wp:featuredmedia":[{"embeddable":true,"href":"https:\/\/www.infokuryr.cz\/n\/wp-json\/wp\/v2\/media\/2754"}],"wp:attachment":[{"href":"https:\/\/www.infokuryr.cz\/n\/wp-json\/wp\/v2\/media?parent=31837"}],"wp:term":[{"taxonomy":"category","embeddable":true,"href":"https:\/\/www.infokuryr.cz\/n\/wp-json\/wp\/v2\/categories?post=31837"},{"taxonomy":"post_tag","embeddable":true,"href":"https:\/\/www.infokuryr.cz\/n\/wp-json\/wp\/v2\/tags?post=31837"}],"curies":[{"name":"wp","href":"https:\/\/api.w.org\/{rel}","templated":true}]}}