{"id":31809,"date":"2023-07-09T01:15:34","date_gmt":"2023-07-08T23:15:34","guid":{"rendered":"http:\/\/www.infokuryr.cz\/n\/?p=31809"},"modified":"2023-07-08T19:42:14","modified_gmt":"2023-07-08T17:42:14","slug":"demilitarizace-nato","status":"publish","type":"post","link":"https:\/\/www.infokuryr.cz\/n\/2023\/07\/09\/demilitarizace-nato\/","title":{"rendered":"Demilitarizace NATO"},"content":{"rendered":"<div id=\"fb-root\"><\/div>\n<p><strong>Sleduji sout\u011b\u017e p\u00edsn\u00ed a tanc\u016f kv\u016fli dod\u00e1vce kazetov\u00e9 munice na Ukrajinu a nech\u00e1pu, pro\u010d se to d\u011bje. Ve skute\u010dnosti toto t\u00e9ma nestoj\u00ed ani \u0161est\u00e1k. Z n\u011bkolika d\u016fvod\u016f.<\/strong><\/p>\n<p>Za prv\u00e9, kazetov\u00e1 munice nen\u00ed superzbra\u0148.\u00a0Za druh\u00e9, Ukrajina ji\u017e kazetovou munici m\u011bla a od roku 2014 ji pou\u017e\u00edv\u00e1.\u00a0Za t\u0159et\u00ed, Ameri\u010dan\u00e9 se rozhodli dodat tuto munici na Ukrajinu, proto\u017ee ta sov\u011btsk\u00e1 stejn\u00e9ho typu u\u017e minula.\u00a0A za \u010dtvrt\u00e9, Ameri\u010dan\u00e9 se rozhodli dodat tuto munici na Ukrajinu, proto\u017ee u\u017e je toho velmi m\u00e1lo, co lze poslat.<\/p>\n<p>To je v\u0161echno.<\/p>\n<p><em>Samoz\u0159ejm\u011b, ka\u017ed\u00e1 zbra\u0148 je nebezpe\u010dn\u00e1.\u00a0Nebezpe\u010dn\u00e1 je i kazetov\u00e1 munice.\u00a0P\u0159edev\u0161\u00edm proto, \u017ee submunice se do bojov\u00e9ho stavu dost\u00e1v\u00e1 p\u0159i rozpt\u00fdlen\u00ed v d\u016fsledku rotace a odst\u0159ediv\u00e9 s\u00edly.\u00a0Po p\u00e1du na zem takov\u00e1 v\u011bc nemus\u00ed explodovat, ale le\u017eet, dokud ji n\u011bkdo nenaru\u0161\u00ed.\u00a0Proto jsou kazety p\u0159edm\u011btem odsouzen\u00ed ze strany OSN a v\u0161ech ostatn\u00edch mezin\u00e1rodn\u00edch organizac\u00ed.\u00a0Ve skute\u010dnosti se ukazuje jako oby\u010dejn\u00e1 protip\u011bchotn\u00ed mina.<\/em><\/p>\n<p>Submunice vzhledem ke sv\u00e9 velikosti nen\u00ed mimo\u0159\u00e1dn\u011b v\u00fdkonn\u00e1 a ochra\u0148uje p\u0159ed n\u00ed i nep\u0159\u00edli\u0161 opevn\u011bn\u00fd \u00fakryt.<\/p>\n<p>Nesni\u017euji smrt\u00edc\u00ed s\u00edlu kazetov\u00e9 munice, jen chci \u0159\u00edci, \u017ee pro boji\u0161t\u011b to nen\u00ed nic nov\u00e9ho.\u00a0Rusk\u00e1 arm\u00e1da j\u00ed u\u017e nejednou \u010delila.\u00a0A \u017e\u00e1dn\u00fd \u201egame chager\u201c, jak r\u00e1di \u0159\u00edkaj\u00ed zahrani\u010dn\u00ed odborn\u00edci, u tohoto typu zbran\u00ed fungovat nebude.<\/p>\n<p><em>Mnohem nebezpe\u010dn\u011bj\u0161\u00ed jsou p\u0159\u00edpadn\u00e9 dod\u00e1vky americk\u00fdch opera\u010dn\u011b-taktick\u00fdch raket, kter\u00e9 mohou dopadnout i na Krymsk\u00fd most, ale to je starost d\u016fstojn\u00edk\u016f protivzdu\u0161n\u00e9 obrany a mus\u00ed se s touto hrozbou vypo\u0159\u00e1dat.<\/em><\/p>\n<p>V ka\u017ed\u00e9m p\u0159\u00edpad\u011b, pokud jde o druhy a mno\u017estv\u00ed zbran\u00ed a munice, Z\u00e1pad posb\u00edral kolos\u00e1ln\u00ed \u010d\u00e1st sv\u00e9ho arzen\u00e1lu.\u00a0Sta\u010d\u00ed spo\u010d\u00edtat po\u010det konven\u010dn\u00edch obrn\u011bn\u00fdch voz\u016f r\u016fzn\u00fdch typ\u016f, kter\u00e9 by vysta\u010dily na nejednu slu\u0161nou arm\u00e1du.\u00a0Ale tohle v\u0161echno nem\u00e1 smysl.\u00a0Ani p\u0159\u00edpadn\u00e9 dod\u00e1vky letadel nebudou m\u00edt smysl.\u00a0A co potom z\u016fstane?\u00a0Jadern\u00e1 zbra\u0148?\u00a0Mo\u017en\u00e1 nakonec dodaj\u00ed Z\u00e1pad\u0148a\u0159i i tu, ale to by byla sebevra\u017eda.<\/p>\n<p><em>Z\u00e1pad nav\u00edc produkci munice a zbran\u00ed zv\u00fd\u0161it nedok\u00e1\u017ee.\u00a0Je tak\u00e9 mo\u017en\u00e9, \u017ee se do zna\u010dn\u00e9 m\u00edry ztratily pr\u016fmyslov\u00e9 kompetence, n\u011bkdy dokonce ty z\u00e1kladn\u00ed, kter\u00e9 byly p\u0159esunuty do \u010c\u00edny, Indie a jin\u00fdch zem\u00ed.\u00a0Nejsou ekologick\u00e9, jsou \u0161pinav\u00e9 a pracovn\u00ed s\u00edla je drah\u00e1.<\/em><\/p>\n<p>Ne, vlastn\u00ed v\u00fdroba zbran\u00ed jim samoz\u0159ejm\u011b z\u016fstala, ale byla dimenzov\u00e1na pro lok\u00e1ln\u00ed agresivn\u00ed v\u00e1lky se slab\u00fdm nep\u0159\u00edtelem a r\u016fzn\u00fdmi rebely.\u00a0A tyto objemy nyn\u00ed zjevn\u011b nesta\u010d\u00ed, ale ot\u00e1zkou je, jak je zv\u00fd\u0161it.<\/p>\n<p>Ukazuje se, \u017ee krom\u011b demilitarizace Ukrajiny prob\u00edh\u00e1 tak\u00e9 skute\u010dn\u00e1 demilitarizace bloku NATO.<\/p>\n<p><img decoding=\"async\" loading=\"lazy\" class=\"alignnone size-full wp-image-1185\" src=\"http:\/\/www.infokuryr.cz\/n\/wp-content\/uploads\/2021\/04\/kuryr-podpis.png\" alt=\"\" width=\"84\" height=\"24\" \/><\/p>\n<p>&nbsp;<\/p>\n<p><a href=\"https:\/\/stranapro.cz\/\"><img decoding=\"async\" loading=\"lazy\" class=\"wp-image-30218 aligncenter\" src=\"http:\/\/www.infokuryr.cz\/n\/wp-content\/uploads\/2023\/06\/PRO-banner-300x36.png\" alt=\"\" width=\"1342\" height=\"161\" srcset=\"https:\/\/www.infokuryr.cz\/n\/wp-content\/uploads\/2023\/06\/PRO-banner-300x36.png 300w, https:\/\/www.infokuryr.cz\/n\/wp-content\/uploads\/2023\/06\/PRO-banner-768x93.png 768w, https:\/\/www.infokuryr.cz\/n\/wp-content\/uploads\/2023\/06\/PRO-banner.png 849w\" sizes=\"(max-width: 1342px) 100vw, 1342px\" \/><\/a><\/p>\n<p>&nbsp;<\/p>\n<p>&nbsp;<\/p>\n<p>&nbsp;<\/p>\n","protected":false},"excerpt":{"rendered":"<p>Sleduji sout\u011b\u017e p\u00edsn\u00ed a tanc\u016f kv\u016fli dod\u00e1vce kazetov\u00e9 munice na Ukrajinu a nech\u00e1pu, pro\u010d se&#8230;<\/p>\n","protected":false},"author":2,"featured_media":31810,"comment_status":"closed","ping_status":"closed","sticky":false,"template":"","format":"standard","meta":[],"categories":[7],"tags":[2535,39,26],"_links":{"self":[{"href":"https:\/\/www.infokuryr.cz\/n\/wp-json\/wp\/v2\/posts\/31809"}],"collection":[{"href":"https:\/\/www.infokuryr.cz\/n\/wp-json\/wp\/v2\/posts"}],"about":[{"href":"https:\/\/www.infokuryr.cz\/n\/wp-json\/wp\/v2\/types\/post"}],"author":[{"embeddable":true,"href":"https:\/\/www.infokuryr.cz\/n\/wp-json\/wp\/v2\/users\/2"}],"replies":[{"embeddable":true,"href":"https:\/\/www.infokuryr.cz\/n\/wp-json\/wp\/v2\/comments?post=31809"}],"version-history":[{"count":0,"href":"https:\/\/www.infokuryr.cz\/n\/wp-json\/wp\/v2\/posts\/31809\/revisions"}],"wp:featuredmedia":[{"embeddable":true,"href":"https:\/\/www.infokuryr.cz\/n\/wp-json\/wp\/v2\/media\/31810"}],"wp:attachment":[{"href":"https:\/\/www.infokuryr.cz\/n\/wp-json\/wp\/v2\/media?parent=31809"}],"wp:term":[{"taxonomy":"category","embeddable":true,"href":"https:\/\/www.infokuryr.cz\/n\/wp-json\/wp\/v2\/categories?post=31809"},{"taxonomy":"post_tag","embeddable":true,"href":"https:\/\/www.infokuryr.cz\/n\/wp-json\/wp\/v2\/tags?post=31809"}],"curies":[{"name":"wp","href":"https:\/\/api.w.org\/{rel}","templated":true}]}}