{"id":31805,"date":"2023-07-09T01:13:23","date_gmt":"2023-07-08T23:13:23","guid":{"rendered":"http:\/\/www.infokuryr.cz\/n\/?p=31805"},"modified":"2023-07-08T19:32:52","modified_gmt":"2023-07-08T17:32:52","slug":"velitele-nacisticke-jednotky-azov-se-vratili-z-turecka-na-ukrajinu","status":"publish","type":"post","link":"https:\/\/www.infokuryr.cz\/n\/2023\/07\/09\/velitele-nacisticke-jednotky-azov-se-vratili-z-turecka-na-ukrajinu\/","title":{"rendered":"Velitel\u00e9 nacistick\u00e9 jednotky &#8222;Azov&#8220;* se vr\u00e1tili z Turecka na Ukrajinu"},"content":{"rendered":"<div id=\"fb-root\"><\/div>\n<p class=\"lead\"><strong>Velitel\u00e9 nacistick\u00e9 jednotky Azov se vr\u00e1tili na Ukrajinu z Turecka &#8211; Denis Prokopenko, Svyatoslav Palamar, Sergej Volynsky, Oleg Khomenko a Denis Shlega. Informoval o tom 8. \u010dervence, &#8222;Turkey&#8217;s Top News&#8220;.<\/strong><\/p>\n<p><span>Osobn\u011b se s nimi setkali\u00a0<\/span><strong><span>Vladimir Zelenskij<\/span><\/strong><span>\u00a0a\u00a0<\/span><strong><span>Andriy Yermak<\/span><\/strong><span>\u00a0.<\/span><\/p>\n<p><strong><span>Jak ji\u017e d\u0159\u00edve m\u00e9dia<\/span><\/strong><span> informovala <strong>,<\/strong>\u00a0tureck\u00fd prezident\u00a0<\/span><strong><span>Recep Tayyip Erdogan\u00a0<\/span><\/strong><span>jednal se Zelensk\u00fdm<\/span><span>\u00a0v s\u00eddle Vahdettin v Istanbulu.<\/span><\/p>\n<p><span>Podle tureck\u00e9ho listu H\u00fcrriyet byl p\u0159esun ukrajinsk\u00e9ho politika\u00a0<\/span><strong><span>Viktora Medved\u010duka<\/span><\/strong><span> a velitel\u016f nacionalistick\u00e9ho praporu \u201eAzov\u201c<\/span><span>\u00a0v r\u00e1mci v\u00fdm\u011bny v\u00edce ne\u017e 200 zajatc\u016f mezi Ruskem a Ukrajinou. v z\u00e1\u0159\u00ed 2022 se konala na leti\u0161ti v Anka\u0159e.\u00a0Garantem v\u00fdm\u011bny se stal tureck\u00fd l\u00eddr Recep Tayyip Erdogan.<\/span><\/p>\n<p><img decoding=\"async\" loading=\"lazy\" class=\"alignnone size-full wp-image-1185\" src=\"http:\/\/www.infokuryr.cz\/n\/wp-content\/uploads\/2021\/04\/kuryr-podpis.png\" alt=\"\" width=\"84\" height=\"24\" \/><\/p>\n<p>&nbsp;<\/p>\n<p><a href=\"https:\/\/stranapro.cz\/\"><img decoding=\"async\" loading=\"lazy\" class=\"wp-image-30218 aligncenter\" src=\"http:\/\/www.infokuryr.cz\/n\/wp-content\/uploads\/2023\/06\/PRO-banner-300x36.png\" alt=\"\" width=\"1358\" height=\"163\" srcset=\"https:\/\/www.infokuryr.cz\/n\/wp-content\/uploads\/2023\/06\/PRO-banner-300x36.png 300w, https:\/\/www.infokuryr.cz\/n\/wp-content\/uploads\/2023\/06\/PRO-banner-768x93.png 768w, https:\/\/www.infokuryr.cz\/n\/wp-content\/uploads\/2023\/06\/PRO-banner.png 849w\" sizes=\"(max-width: 1358px) 100vw, 1358px\" \/><\/a><\/p>\n<p>&nbsp;<\/p>\n<p>&nbsp;<\/p>\n<p>&nbsp;<\/p>\n","protected":false},"excerpt":{"rendered":"<p>Velitel\u00e9 nacistick\u00e9 jednotky Azov se vr\u00e1tili na Ukrajinu z Turecka &#8211; Denis Prokopenko, Svyatoslav Palamar,&#8230;<\/p>\n","protected":false},"author":2,"featured_media":8911,"comment_status":"closed","ping_status":"closed","sticky":false,"template":"","format":"standard","meta":[],"categories":[7],"tags":[473,55,26,2442],"_links":{"self":[{"href":"https:\/\/www.infokuryr.cz\/n\/wp-json\/wp\/v2\/posts\/31805"}],"collection":[{"href":"https:\/\/www.infokuryr.cz\/n\/wp-json\/wp\/v2\/posts"}],"about":[{"href":"https:\/\/www.infokuryr.cz\/n\/wp-json\/wp\/v2\/types\/post"}],"author":[{"embeddable":true,"href":"https:\/\/www.infokuryr.cz\/n\/wp-json\/wp\/v2\/users\/2"}],"replies":[{"embeddable":true,"href":"https:\/\/www.infokuryr.cz\/n\/wp-json\/wp\/v2\/comments?post=31805"}],"version-history":[{"count":0,"href":"https:\/\/www.infokuryr.cz\/n\/wp-json\/wp\/v2\/posts\/31805\/revisions"}],"wp:featuredmedia":[{"embeddable":true,"href":"https:\/\/www.infokuryr.cz\/n\/wp-json\/wp\/v2\/media\/8911"}],"wp:attachment":[{"href":"https:\/\/www.infokuryr.cz\/n\/wp-json\/wp\/v2\/media?parent=31805"}],"wp:term":[{"taxonomy":"category","embeddable":true,"href":"https:\/\/www.infokuryr.cz\/n\/wp-json\/wp\/v2\/categories?post=31805"},{"taxonomy":"post_tag","embeddable":true,"href":"https:\/\/www.infokuryr.cz\/n\/wp-json\/wp\/v2\/tags?post=31805"}],"curies":[{"name":"wp","href":"https:\/\/api.w.org\/{rel}","templated":true}]}}