{"id":31800,"date":"2023-07-09T01:11:47","date_gmt":"2023-07-08T23:11:47","guid":{"rendered":"http:\/\/www.infokuryr.cz\/n\/?p=31800"},"modified":"2023-07-08T19:14:55","modified_gmt":"2023-07-08T17:14:55","slug":"mexiko-chce-ruska-hnojiva-a-ocel","status":"publish","type":"post","link":"https:\/\/www.infokuryr.cz\/n\/2023\/07\/09\/mexiko-chce-ruska-hnojiva-a-ocel\/","title":{"rendered":"Mexiko chce rusk\u00e1 hnojiva a ocel"},"content":{"rendered":"<div id=\"fb-root\"><\/div>\n<p><span style=\"font-size: 18pt;\"><strong>Latinskoamerick\u00e1 zem\u011b je p\u0159ipravena vyv\u00e1\u017eet tequilu, vanilku a kakao, \u0159\u00edk\u00e1 jej\u00ed velvyslanec<\/strong><\/span><\/p>\n<p><span>Mexiko zva\u017euje zp\u016fsoby, jak zv\u00fd\u0161it bilater\u00e1ln\u00ed obchod s Ruskem, \u0159ekl RIA Novosti velvyslanec v Rusku Eduardo Villegas Megias v rozhovoru zve\u0159ejn\u011bn\u00e9m v sobotu.<\/span><\/p>\n<p><span>Mexiko m\u00e1 podle diplomata z\u00e1jem na pos\u00edlen\u00ed dovozu rusk\u00fdch hnojiv, kter\u00e1 prim\u00e1rn\u011b dost\u00e1v\u00e1 p\u0159es t\u0159et\u00ed zem\u011b.<\/span><\/p>\n<p><span>\u201e\u00a0<\/span><em><span>To je nezbytn\u00e1 podm\u00ednka pro rozvoj zem\u011bd\u011blstv\u00ed.\u00a0Vl\u00e1da vy\u010dle\u0148uje nemal\u00e9 \u010d\u00e1stky na hnojiva.<\/span><\/em><\/p>\n<p><em><span>&#8222;V\u00fdvoz t\u00e9to komodity z Ruska se d\u0159\u00edve uskute\u010d\u0148oval prost\u0159ednictv\u00edm ur\u010dit\u00fdch zprost\u0159edkovatel\u016f, soukrom\u00fdch podnikatel\u016f&#8230; ale mexick\u00e1 vl\u00e1da chce za podpory rusk\u00fdch \u00fa\u0159ad\u016f zv\u00e1\u017eit n\u00e1kup velk\u00e9ho mno\u017estv\u00ed hnojiv pro zem\u011bd\u011blstv\u00ed,&#8220; \u0159ekl Megias a dodal, \u017ee jeho zem\u011b<\/span><\/em><span>\u00a0je tak\u00e9 z\u00e1jem o zv\u00fd\u0161en\u00ed dovozu rusk\u00e9 oceli pro rozvoj mexick\u00e9ho v\u00fdrobn\u00edho sektoru.<\/span><\/p>\n<p><span>Mexiko chce zv\u00fd\u0161it v\u00fdvoz tequily do Ruska.<\/span><\/p>\n<p><span>\u201e\u00a0<\/span><em><span>R\u00e1d bych zv\u00fd\u0161il [export tequily] o 200-300 %, proto\u017ee je na trhu velmi dob\u0159e zaveden\u00e1&#8230; Zv\u00fd\u0161en\u00ed exportu tequily do Ruska je nejjednodu\u0161\u0161\u00ed zp\u016fsob, jak podpo\u0159it vz\u00e1jemn\u00fd obchod,<\/span><\/em><span>\u00a0\u201c uvedl Megias.<\/span><\/p>\n<p><span>Poznamenal, \u017ee zat\u00edmco v\u011bt\u0161ina tequily vyr\u00e1b\u011bn\u00e9 velk\u00fdmi v\u00fdrobci je ji\u017e ur\u010dena pro jin\u00e9 trhy, p\u0159edev\u0161\u00edm pro USA, Mexiko tou\u017e\u00ed podporovat men\u0161\u00ed v\u00fdrobce a majitele ag\u00e1vov\u00fdch plant\u00e1\u017e\u00ed p\u0159i prodeji jejich produkt\u016f do Ruska.<\/span><\/p>\n<p><span>Podle diplomata existuj\u00ed i \u200b\u200bdal\u0161\u00ed produkty vyroben\u00e9 v Mexiku, kter\u00e9 jsou v sou\u010dasnosti v rusko-mexick\u00e9m obchodu p\u0159ehl\u00ed\u017eeny, ale mohou tak\u00e9 pomoci podpo\u0159it vz\u00e1jemn\u00fd obchod.\u00a0Mexiko v sou\u010dasn\u00e9 dob\u011b jedn\u00e1 s rusk\u00fdm v\u00fdrobcem lihovin Kristall o dod\u00e1vk\u00e1ch vanilkov\u00e9ho extraktu, kter\u00fd lze pou\u017e\u00edt p\u0159i v\u00fdrob\u011b alkoholu.\u00a0Mexiko tak\u00e9 pl\u00e1nuje dod\u00e1vat vanilku do rusk\u00fdch cukr\u00e1ren a vyjedn\u00e1vat o v\u00fdvozu kakaa do zem\u011b.<\/span><\/p>\n<p><span>Podle rusk\u00e9 feder\u00e1ln\u00ed celn\u00ed slu\u017eby \u010dinil rusko-mexick\u00fd dvoustrann\u00fd obchod v roce 2022 zhruba 3,8 miliardy dolar\u016f.\u00a0Za\u010d\u00e1tkem tohoto roku rusk\u00fd prezident Vladimir Putin prohl\u00e1sil, \u017ee Rusko chce pos\u00edlit obchod s Mexikem a pracovat na spole\u010dn\u00fdch projektech v energetice, farmacii a zem\u011bd\u011blstv\u00ed.<\/span><\/p>\n<p><img decoding=\"async\" loading=\"lazy\" class=\"alignnone size-full wp-image-1185\" src=\"http:\/\/www.infokuryr.cz\/n\/wp-content\/uploads\/2021\/04\/kuryr-podpis.png\" alt=\"\" width=\"84\" height=\"24\" \/><\/p>\n<p>&nbsp;<\/p>\n<p><a href=\"https:\/\/stranapro.cz\/\"><img decoding=\"async\" loading=\"lazy\" class=\"wp-image-30218 aligncenter\" src=\"http:\/\/www.infokuryr.cz\/n\/wp-content\/uploads\/2023\/06\/PRO-banner-300x36.png\" alt=\"\" width=\"1375\" height=\"165\" srcset=\"https:\/\/www.infokuryr.cz\/n\/wp-content\/uploads\/2023\/06\/PRO-banner-300x36.png 300w, https:\/\/www.infokuryr.cz\/n\/wp-content\/uploads\/2023\/06\/PRO-banner-768x93.png 768w, https:\/\/www.infokuryr.cz\/n\/wp-content\/uploads\/2023\/06\/PRO-banner.png 849w\" sizes=\"(max-width: 1375px) 100vw, 1375px\" \/><\/a><\/p>\n<p>&nbsp;<\/p>\n<p>&nbsp;<\/p>\n<p>&nbsp;<\/p>\n","protected":false},"excerpt":{"rendered":"<p>Latinskoamerick\u00e1 zem\u011b je p\u0159ipravena vyv\u00e1\u017eet tequilu, vanilku a kakao, \u0159\u00edk\u00e1 jej\u00ed velvyslanec Mexiko zva\u017euje zp\u016fsoby,&#8230;<\/p>\n","protected":false},"author":2,"featured_media":31801,"comment_status":"closed","ping_status":"closed","sticky":false,"template":"","format":"standard","meta":[],"categories":[7],"tags":[1979,396,350,3190,22],"_links":{"self":[{"href":"https:\/\/www.infokuryr.cz\/n\/wp-json\/wp\/v2\/posts\/31800"}],"collection":[{"href":"https:\/\/www.infokuryr.cz\/n\/wp-json\/wp\/v2\/posts"}],"about":[{"href":"https:\/\/www.infokuryr.cz\/n\/wp-json\/wp\/v2\/types\/post"}],"author":[{"embeddable":true,"href":"https:\/\/www.infokuryr.cz\/n\/wp-json\/wp\/v2\/users\/2"}],"replies":[{"embeddable":true,"href":"https:\/\/www.infokuryr.cz\/n\/wp-json\/wp\/v2\/comments?post=31800"}],"version-history":[{"count":0,"href":"https:\/\/www.infokuryr.cz\/n\/wp-json\/wp\/v2\/posts\/31800\/revisions"}],"wp:featuredmedia":[{"embeddable":true,"href":"https:\/\/www.infokuryr.cz\/n\/wp-json\/wp\/v2\/media\/31801"}],"wp:attachment":[{"href":"https:\/\/www.infokuryr.cz\/n\/wp-json\/wp\/v2\/media?parent=31800"}],"wp:term":[{"taxonomy":"category","embeddable":true,"href":"https:\/\/www.infokuryr.cz\/n\/wp-json\/wp\/v2\/categories?post=31800"},{"taxonomy":"post_tag","embeddable":true,"href":"https:\/\/www.infokuryr.cz\/n\/wp-json\/wp\/v2\/tags?post=31800"}],"curies":[{"name":"wp","href":"https:\/\/api.w.org\/{rel}","templated":true}]}}