{"id":31798,"date":"2023-07-09T01:10:51","date_gmt":"2023-07-08T23:10:51","guid":{"rendered":"http:\/\/www.infokuryr.cz\/n\/?p=31798"},"modified":"2023-07-08T19:11:59","modified_gmt":"2023-07-08T17:11:59","slug":"ukrajina-zabavi-banku-ruskym-miliardarum","status":"publish","type":"post","link":"https:\/\/www.infokuryr.cz\/n\/2023\/07\/09\/ukrajina-zabavi-banku-ruskym-miliardarum\/","title":{"rendered":"Ukrajina zabav\u00ed banku rusk\u00fdm miliard\u00e1\u0159\u016fm"},"content":{"rendered":"<div id=\"fb-root\"><\/div>\n<p><span style=\"font-size: 18pt;\"><strong>Sense Bank, 11. nejv\u011bt\u0161\u00ed ukrajinsk\u00fd v\u011b\u0159itel z hlediska aktiv, pat\u0159\u00ed sankcionovan\u00fdm rusk\u00fdm podnikatel\u016fm Michailu Fridmanovi a Pyotr Avenovi<\/strong><\/span><\/p>\n<p><span>Ukrajina pl\u00e1nuje zabavit Sense Bank, d\u0159\u00edve zn\u00e1mou jako Alfa-Bank Ukraine, od sv\u00fdch rusk\u00fdch vlastn\u00edk\u016f, Michaila Fridmana a Pyotra Avena, uvedla v p\u00e1tek agentura Bloomberg s odvol\u00e1n\u00edm na zdroje.\u00a0Podle zpr\u00e1vy se p\u0159esun o\u010dek\u00e1v\u00e1 v polovin\u011b \u010dervence.<\/span><\/p>\n<p><span>Sense Bank je na Ukrajin\u011b 11. nejv\u011bt\u0161\u00ed z hlediska aktiv a je pova\u017eov\u00e1na za syst\u00e9mov\u011b d\u016fle\u017eit\u00e9ho v\u011b\u0159itele.\u00a0Fridman a Aven vlastn\u00ed banku prost\u0159ednictv\u00edm lucembursk\u00e9 holdingov\u00e9 spole\u010dnosti ABH Holdings, kter\u00e1 ovl\u00e1d\u00e1 mate\u0159skou spole\u010dnost v\u011b\u0159itele se s\u00eddlem na Kypru, ABH Financial Limited.<\/span><\/p>\n<p><span>Kyjev poprv\u00e9 p\u0159edstavil pl\u00e1ny na zn\u00e1rodn\u011bn\u00ed v\u011b\u0159itele v prosinci lo\u0148sk\u00e9ho roku po rebrandingu banky.\u00a0Minul\u00fd m\u011bs\u00edc ukrajinsk\u00fd prezident Vladimir Zelenskyj podepsal z\u00e1kon, kter\u00fd dal vl\u00e1d\u011b pravomoc zn\u00e1rodnit banky vlastn\u00edk\u016fm, kte\u0159\u00ed byli sankcionov\u00e1ni v souvislosti s ruskou vojenskou operac\u00ed v zemi.<\/span><\/p>\n<p><span>Fridman i Aven byli ter\u010dem z\u00e1padn\u00edch \u00fa\u0159ad\u016f kv\u016fli jejich \u00fadajn\u00fdm vazb\u00e1m na ruskou vl\u00e1du a \u010delili sankc\u00edm, v\u010detn\u011b zmrazen\u00ed majetku a z\u00e1kazu cestov\u00e1n\u00ed, ale od t\u00e9 doby tato omezen\u00ed napadli u soudu.<\/span><\/p>\n<p><span>Za\u010d\u00e1tkem tohoto t\u00fddne Kyjev p\u0159idal na sv\u016fj sank\u010dn\u00ed seznam \u0159adu spole\u010dnost\u00ed napojen\u00fdch na Sense bank, v\u010detn\u011b ABH Holdings, ABH Ukraine Limited, Alfa Insurance a Alfa Capital Holdings Limited.\u00a0Podle Forbes Ukraine s odkazem na nejmenovan\u00e9ho ukrajinsk\u00e9ho p\u0159edstavitele opat\u0159en\u00ed \u201e\u00a0<\/span><em><span>odstranilo posledn\u00ed p\u0159ek\u00e1\u017eku zn\u00e1rodn\u011bn\u00ed banky Sense<\/span><\/em><span>\u00a0\u201c.<\/span><\/p>\n<p><span>V\u00a0<\/span><a href=\"https:\/\/www.abhh.lu\/news-insights\/press-releases\/2023\/abh-holdings-s-a-ownership-of-jsc-sense-bank-ukraine\/\" target=\"_blank\" rel=\"noopener noreferrer\"><span>prohl\u00e1\u0161en\u00ed<\/span><\/a><span>\u00a0z minul\u00e9ho m\u011bs\u00edce se ABH Holdings zav\u00e1zala, \u017ee bude proti zn\u00e1rodn\u011bn\u00ed u mezin\u00e1rodn\u00edch soud\u016f \u201e\u00a0<\/span><em><span>za \u00fa\u010delem ochrany sv\u00fdch investic a zm\u00edrn\u011bn\u00ed ztr\u00e1t.\u00a0<\/span><\/em><span>\u201c Spole\u010dnost poznamenala, \u017ee je p\u0159ipravena zm\u011bnit vlastnickou strukturu banky a souhlasila s prodejem 75,6 % Sense Bank \u201e\u00a0<\/span><em><span>evropsk\u00e9mu investorovi<\/span><\/em><span>\u00a0\u201c bez toho, aby\u00a0po transakci \u017e\u00e1dn\u00e9 \u201e\u00a0<\/span><em><span>finan\u010dn\u00ed prost\u0159edky proudily sankcionovan\u00fdm akcion\u00e1\u0159\u016fm \u201c.\u00a0<\/span><\/em><span>Podle agentury Bloomberg prodej zablokovala ukrajinsk\u00e1 centr\u00e1ln\u00ed banka.<\/span><\/p>\n<p><span>Sense Bank byla ukrajinsk\u00e1 pobo\u010dka nejv\u011bt\u0161\u00edho rusk\u00e9ho soukrom\u00e9ho v\u011b\u0159itele Alfa-Bank, na kterou se v \u00fanoru zam\u011b\u0159ily sankce EU v r\u00e1mci sv\u00e9ho des\u00e1t\u00e9ho sank\u010dn\u00edho bal\u00ed\u010dku.\u00a0Za\u010d\u00e1tkem tohoto roku se objevily zpr\u00e1vy, \u017ee Fridman a Aven, kte\u0159\u00ed vlastn\u00ed 45 % Alfa-Bank, dokon\u010duj\u00ed dohodu o prodeji od v\u011b\u0159itele, aby unikli dal\u0161\u00edm sankc\u00edm.<\/span><\/p>\n<p><img decoding=\"async\" loading=\"lazy\" class=\"alignnone size-full wp-image-1185\" src=\"http:\/\/www.infokuryr.cz\/n\/wp-content\/uploads\/2021\/04\/kuryr-podpis.png\" alt=\"\" width=\"84\" height=\"24\" \/><\/p>\n<p>&nbsp;<\/p>\n<p><a href=\"https:\/\/stranapro.cz\/\"><img decoding=\"async\" loading=\"lazy\" class=\"wp-image-30218 aligncenter\" src=\"http:\/\/www.infokuryr.cz\/n\/wp-content\/uploads\/2023\/06\/PRO-banner-300x36.png\" alt=\"\" width=\"1367\" height=\"164\" srcset=\"https:\/\/www.infokuryr.cz\/n\/wp-content\/uploads\/2023\/06\/PRO-banner-300x36.png 300w, https:\/\/www.infokuryr.cz\/n\/wp-content\/uploads\/2023\/06\/PRO-banner-768x93.png 768w, https:\/\/www.infokuryr.cz\/n\/wp-content\/uploads\/2023\/06\/PRO-banner.png 849w\" sizes=\"(max-width: 1367px) 100vw, 1367px\" \/><\/a><\/p>\n<p>&nbsp;<\/p>\n<p>&nbsp;<\/p>\n<p>&nbsp;<\/p>\n","protected":false},"excerpt":{"rendered":"<p>Sense Bank, 11. nejv\u011bt\u0161\u00ed ukrajinsk\u00fd v\u011b\u0159itel z hlediska aktiv, pat\u0159\u00ed sankcionovan\u00fdm rusk\u00fdm podnikatel\u016fm Michailu Fridmanovi&#8230;<\/p>\n","protected":false},"author":2,"featured_media":31799,"comment_status":"closed","ping_status":"closed","sticky":false,"template":"","format":"standard","meta":[],"categories":[7],"tags":[528,26,3760],"_links":{"self":[{"href":"https:\/\/www.infokuryr.cz\/n\/wp-json\/wp\/v2\/posts\/31798"}],"collection":[{"href":"https:\/\/www.infokuryr.cz\/n\/wp-json\/wp\/v2\/posts"}],"about":[{"href":"https:\/\/www.infokuryr.cz\/n\/wp-json\/wp\/v2\/types\/post"}],"author":[{"embeddable":true,"href":"https:\/\/www.infokuryr.cz\/n\/wp-json\/wp\/v2\/users\/2"}],"replies":[{"embeddable":true,"href":"https:\/\/www.infokuryr.cz\/n\/wp-json\/wp\/v2\/comments?post=31798"}],"version-history":[{"count":0,"href":"https:\/\/www.infokuryr.cz\/n\/wp-json\/wp\/v2\/posts\/31798\/revisions"}],"wp:featuredmedia":[{"embeddable":true,"href":"https:\/\/www.infokuryr.cz\/n\/wp-json\/wp\/v2\/media\/31799"}],"wp:attachment":[{"href":"https:\/\/www.infokuryr.cz\/n\/wp-json\/wp\/v2\/media?parent=31798"}],"wp:term":[{"taxonomy":"category","embeddable":true,"href":"https:\/\/www.infokuryr.cz\/n\/wp-json\/wp\/v2\/categories?post=31798"},{"taxonomy":"post_tag","embeddable":true,"href":"https:\/\/www.infokuryr.cz\/n\/wp-json\/wp\/v2\/tags?post=31798"}],"curies":[{"name":"wp","href":"https:\/\/api.w.org\/{rel}","templated":true}]}}