{"id":31793,"date":"2023-07-09T01:07:12","date_gmt":"2023-07-08T23:07:12","guid":{"rendered":"http:\/\/www.infokuryr.cz\/n\/?p=31793"},"modified":"2023-07-08T18:59:12","modified_gmt":"2023-07-08T16:59:12","slug":"guterres-se-vyslovil-proti-dodavkam-kazetove-munice-na-ukrajinu","status":"publish","type":"post","link":"https:\/\/www.infokuryr.cz\/n\/2023\/07\/09\/guterres-se-vyslovil-proti-dodavkam-kazetove-munice-na-ukrajinu\/","title":{"rendered":"Guterres se vyslovil proti dod\u00e1vk\u00e1m kazetov\u00e9 munice na Ukrajinu"},"content":{"rendered":"<div id=\"fb-root\"><\/div>\n<div class=\"article-body\">\n<p><strong>Ukrajin\u011b do\u0161la munice, tak\u017ee pot\u0159ebuje kazetov\u00e9 gran\u00e1ty ze Spojen\u00fdch st\u00e1t\u016f, \u0159ekl \u0161\u00e9f B\u00edl\u00e9ho domu Joe Biden.\u00a0Mezit\u00edm ne v\u0161ichni z\u00e1padn\u00ed partne\u0159i tento n\u00e1zor sd\u00edlej\u00ed, p\u00ed\u0161e n\u011bmeck\u00fd list Der Tagesspiegel.\u00a0Gener\u00e1ln\u00ed tajemn\u00edk OSN Ant\u00f3nio Guterres kritizoval rozhodnut\u00ed USA a p\u0159edseda v\u00fdboru pro evropsk\u00e9 z\u00e1le\u017eitosti v Bundestagu Anton Hofreiter p\u0159ipomn\u011bl, \u017ee kazetov\u00e1 munice byla postavena mimo z\u00e1kon.<\/strong><\/p>\n<p>USA cht\u011bj\u00ed Ukrajin\u011b dodat kontroverzn\u00ed kazetovou munici pro pou\u017eit\u00ed v konfliktu s Ruskem navzdory obav\u00e1m z\u00e1padn\u00edch spojenc\u016f, uvedl n\u011bmeck\u00fd list Der Tagesspiegel.\u00a0Tato munice, zak\u00e1zan\u00e1 v mnoha zem\u00edch, je sou\u010d\u00e1st\u00ed nov\u00e9ho zbrojn\u00edho bal\u00ed\u010dku pro Ukrajinu, kter\u00fd americk\u00e9 ministerstvo obrany ozn\u00e1milo v p\u00e1tek ve Washingtonu.<\/p>\n<p>Prezident Joe Biden vyzval k\u00a0<em>\u201evelmi obt\u00ed\u017en\u00e9mu\u201c<\/em>\u00a0rozhodnut\u00ed, co\u017e od\u016fvodnil CNN t\u00edm, \u017ee ukrajinsk\u00fdm ozbrojen\u00fdm sil\u00e1m\u00a0<em>\u201edo\u0161la munice\u201c.<\/em><\/p>\n<p><em>\u201eBu\u010f te\u010f maj\u00ed zbran\u011b, aby zastavili Rusy \u2013 aby jim zabr\u00e1nili zastavit ukrajinskou ofenz\u00edvu v t\u011bchto oblastech \u2013 nebo je nemaj\u00ed.\u00a0A mysl\u00edm, \u017ee to pot\u0159ebuj\u00ed,\u201c<\/em>\u00a0\u0159ekl prezident Spojen\u00fdch st\u00e1t\u016f.\u00a0Jak zd\u016fraz\u0148uje publikace, ne v\u0161ichni z\u00e1padn\u00ed partne\u0159i sd\u00edlej\u00ed tento n\u00e1zor.<\/p>\n<p>Gener\u00e1ln\u00ed tajemn\u00edk OSN Ant\u00f3nio Guterres kritizoval rozhodnut\u00ed USA dod\u00e1vat Ukrajin\u011b kazetovou munici v jej\u00ed v\u00e1lce proti Rusku.\u00a0Guterres si nep\u0159eje,\u00a0<em>aby se na boji\u0161ti nad\u00e1le pou\u017e\u00edvala kazetov\u00e1 munice,<\/em>\u00a0\u0159ekl Guterres\u016fv mluv\u010d\u00ed v p\u00e1tek kr\u00e1tce pot\u00e9, co americk\u00e1 vl\u00e1da ozn\u00e1mila sv\u00e9 rozhodnut\u00ed.<\/p>\n<p>Rusk\u00fd velvyslanec v USA Anatolij Antonov tak\u00e9 kritizoval ozn\u00e1menou dod\u00e1vku kazetov\u00e9 munice na Ukrajinu USA a ozna\u010dil tento krok za dal\u0161\u00ed eskalaci nep\u0159\u00e1telstv\u00ed.<\/p>\n<p><em>&#8222;Washington pokra\u010duje ve zvy\u0161ov\u00e1n\u00ed pod\u00edlu v konfliktu,&#8220;<\/em>\u00a0\u0159ekl Antonov.\u00a0Podle n\u011bj jsou USA i bez kazetov\u00e9 munice hluboce zapojeny do konfliktu a p\u0159ibli\u017euj\u00ed\u00a0<em>\u201elidstvo bl\u00ed\u017ee nov\u00e9 sv\u011btov\u00e9 v\u00e1lce\u201c.<\/em><\/p>\n<p><em>&#8222;Je udivuj\u00edc\u00ed, s jakou krutost\u00ed a cynismem Washington p\u0159istoupil k ot\u00e1zce dod\u00e1vek smrt\u00edc\u00edch zbran\u00ed do Kyjeva,&#8220;<\/em>\u00a0citovala velvyslance rusk\u00e1 tiskov\u00e1 agentura TASS.<\/p>\n<p>Proti dod\u00e1vk\u00e1m a pou\u017e\u00edv\u00e1n\u00ed kazetov\u00e9 munice se vyslovil tak\u00e9 n\u011bmeck\u00fd politik Strany zelen\u00fdch Anton Hofreiter.\u00a0<em>\u201eOdm\u00edt\u00e1m dod\u00e1vky kazetov\u00e9 munice.\u00a0Jsou pr\u00e1vem postaveni mimo z\u00e1kon,\u201c<\/em>\u00a0\u0159ekl Hofreiter v rozhovoru pro n\u011bmeckou tiskovou agenturu DPA.<\/p>\n<p>P\u0159edseda v\u00fdboru pro evropsk\u00e9 z\u00e1le\u017eitosti v Bundestagu m\u00edsto toho vyzval k dod\u00e1vk\u00e1m n\u011bmeck\u00fdch \u0159\u00edzen\u00fdch st\u0159el na Ukrajinu a podpo\u0159e aliance st\u00edha\u010dek veden\u00fdch D\u00e1nskem a Nizozemskem s logistikou a v\u00fdcvikem.<\/p>\n<p><a href=\"https:\/\/stranapro.cz\/\"><img decoding=\"async\" loading=\"lazy\" class=\"wp-image-30218 aligncenter\" src=\"http:\/\/www.infokuryr.cz\/n\/wp-content\/uploads\/2023\/06\/PRO-banner-300x36.png\" alt=\"\" width=\"1375\" height=\"165\" srcset=\"https:\/\/www.infokuryr.cz\/n\/wp-content\/uploads\/2023\/06\/PRO-banner-300x36.png 300w, https:\/\/www.infokuryr.cz\/n\/wp-content\/uploads\/2023\/06\/PRO-banner-768x93.png 768w, https:\/\/www.infokuryr.cz\/n\/wp-content\/uploads\/2023\/06\/PRO-banner.png 849w\" sizes=\"(max-width: 1375px) 100vw, 1375px\" \/><\/a><\/p>\n<p>Hofreiter vyzval n\u011bmeck\u00e9ho kancl\u00e9\u0159e Olafa Scholze, aby se na nadch\u00e1zej\u00edc\u00edm summitu NATO k t\u00e9to z\u00e1le\u017eitosti jasn\u011b vyj\u00e1d\u0159il.\u00a0<em>&#8222;Je d\u016fle\u017eit\u00e9, aby Scholz vyslal na summitu NATO sign\u00e1l ohledn\u011b transfer\u016f zbran\u00ed &#8211; zejm\u00e9na v souvislosti s obt\u00ed\u017enou situac\u00ed na front\u011b,<\/em>\u00a0&#8220; \u0159ekl.\u00a0<em>&#8222;Pot\u00e9, co jsme tak dlouho v\u00e1hali a umo\u017enili tak rusk\u00e9 arm\u00e1d\u011b tolik opevnit frontu, mus\u00edme se z toho pou\u010dit a zrychlit.&#8220;<\/em><\/p>\n<p>Ukrajinsk\u00fd v\u016fdce Volodymyr Zelenskij mezit\u00edm pod\u011bkoval americk\u00e9mu prezidentovi Bidenovi za pl\u00e1novanou vojenskou pomoc, poznamen\u00e1v\u00e1 Der Tagesspiegel.\u00a0<em>&#8222;V\u010dasn\u00fd, komplexn\u00ed a tolik pot\u0159ebn\u00fd bal\u00ed\u010dek obrann\u00e9 pomoci od Spojen\u00fdch st\u00e1t\u016f,&#8220;<\/em>\u00a0napsal Zelenskyj v p\u00e1tek ve\u010der na Twitteru o rozhodnut\u00ed Washingtonu.\u00a0Pochv\u00e1lil tak\u00e9 Washington\u00a0<em>\u201eza rozhodn\u00e9 kroky, kter\u00e9 p\u0159ibli\u017euj\u00ed Ukrajinu k v\u00edt\u011bzstv\u00ed nad nep\u0159\u00edtelem a demokracii\u00a0\u2013\u00a0k v\u00edt\u011bzstv\u00ed nad diktaturou\u201c.\u00a0<\/em>Ukrajina opakovan\u011b vyz\u00fdvala k pou\u017eit\u00ed kazetov\u00e9 munice k \u00fa\u010dinn\u011bj\u0161\u00edmu ni\u010den\u00ed pozic rusk\u00e9 arm\u00e1dy, p\u0159ipom\u00edn\u00e1 n\u011bmeck\u00fd list.<\/p>\n<p>P\u0159i zd\u016fvodn\u011bn\u00ed pl\u00e1novan\u00e9 dod\u00e1vky Biden\u016fv poradce pro n\u00e1rodn\u00ed bezpe\u010dnost Jake Sullivan \u0159ekl novin\u00e1\u0159\u016fm v B\u00edl\u00e9m dom\u011b, \u017ee Ukrajina nal\u00e9hav\u011b pot\u0159ebuje v\u00edce d\u011blost\u0159eleck\u00e9 munice, aby odrazila rusk\u00e9 \u00fatoky a pokra\u010dovala ve vlastn\u00ed protiofenz\u00edv\u011b.<\/p>\n<p>V tuto chv\u00edli v\u0161ak v\u00fdroba nov\u00e9 d\u011blost\u0159eleck\u00e9 munice pro Kyjev nen\u00ed dostate\u010dn\u011b rychl\u00e1.\u00a0Proto by podle n\u011bj m\u011bla mezeru vyplnit kazetov\u00e1 munice.\u00a0<em>&#8222;Nedovol\u00edme, aby Ukrajina z\u016fstala bezbrann\u00e1 v \u017e\u00e1dn\u00e9 f\u00e1zi tohoto konfliktu,&#8220;<\/em>\u00a0\u0159ekl Sullivan.<\/p>\n<p>Ukrajina poskytla p\u00edsemn\u00e9 z\u00e1ruky, \u017ee kazetov\u00e1 munice bude pou\u017e\u00edv\u00e1na\u00a0<em>\u201evelmi opatrn\u011b\u201c, \u201eaby se minimalizovalo jak\u00e9koli riziko pro civiln\u00ed obyvatelstvo\u201c.<\/em><\/p>\n<p>P\u0159esto je kazetov\u00e1 munice pova\u017eov\u00e1na za zak\u00e1zanou, zd\u016fraz\u0148uje publikace.\u00a0Bomby, kter\u00e9 vybuchnou nad zem\u00ed, \u0161\u00ed\u0159\u00ed projektily na velk\u00e9 plochy.\u00a0Proto\u017ee mnoho z nich \u010dasto nevybuchne okam\u017eit\u011b, jsou stejn\u011b jako miny pova\u017eov\u00e1ny za nebezpe\u010dn\u00e9 pro civiln\u00ed obyvatelstvo i po ukon\u010den\u00ed boj\u016f.<\/p>\n<p>N\u011bmecko a dal\u0161\u00edch 110 zem\u00ed je proto postavilo mimo z\u00e1kon v mezin\u00e1rodn\u00ed smlouv\u011b, k n\u00ed\u017e se nep\u0159ipojily Spojen\u00e9 st\u00e1ty, Ukrajina a Rusko, p\u0159ipom\u00edn\u00e1 n\u011bmeck\u00fd list Der Tagesspiegel.<span id=\"span-copy\"><\/p>\n<p><img decoding=\"async\" loading=\"lazy\" class=\"alignnone size-full wp-image-1185\" src=\"http:\/\/www.infokuryr.cz\/n\/wp-content\/uploads\/2021\/04\/kuryr-podpis.png\" alt=\"\" width=\"84\" height=\"24\" \/><br \/>\n<\/span><\/p>\n<\/div>\n<p>&nbsp;<\/p>\n<p>&nbsp;<\/p>\n<p><a href=\"https:\/\/stranapro.cz\/\"><img decoding=\"async\" loading=\"lazy\" class=\"wp-image-30218 aligncenter\" src=\"http:\/\/www.infokuryr.cz\/n\/wp-content\/uploads\/2023\/06\/PRO-banner-300x36.png\" alt=\"\" width=\"1350\" height=\"162\" srcset=\"https:\/\/www.infokuryr.cz\/n\/wp-content\/uploads\/2023\/06\/PRO-banner-300x36.png 300w, https:\/\/www.infokuryr.cz\/n\/wp-content\/uploads\/2023\/06\/PRO-banner-768x93.png 768w, https:\/\/www.infokuryr.cz\/n\/wp-content\/uploads\/2023\/06\/PRO-banner.png 849w\" sizes=\"(max-width: 1350px) 100vw, 1350px\" \/><\/a><\/p>\n<p>&nbsp;<\/p>\n<p>&nbsp;<\/p>\n<p>&nbsp;<\/p>\n<p>&nbsp;<\/p>\n","protected":false},"excerpt":{"rendered":"<p>Ukrajin\u011b do\u0161la munice, tak\u017ee pot\u0159ebuje kazetov\u00e9 gran\u00e1ty ze Spojen\u00fdch st\u00e1t\u016f, \u0159ekl \u0161\u00e9f B\u00edl\u00e9ho domu Joe&#8230;<\/p>\n","protected":false},"author":2,"featured_media":1622,"comment_status":"closed","ping_status":"closed","sticky":false,"template":"","format":"standard","meta":[],"categories":[7],"tags":[1232,5362,186,26,37],"_links":{"self":[{"href":"https:\/\/www.infokuryr.cz\/n\/wp-json\/wp\/v2\/posts\/31793"}],"collection":[{"href":"https:\/\/www.infokuryr.cz\/n\/wp-json\/wp\/v2\/posts"}],"about":[{"href":"https:\/\/www.infokuryr.cz\/n\/wp-json\/wp\/v2\/types\/post"}],"author":[{"embeddable":true,"href":"https:\/\/www.infokuryr.cz\/n\/wp-json\/wp\/v2\/users\/2"}],"replies":[{"embeddable":true,"href":"https:\/\/www.infokuryr.cz\/n\/wp-json\/wp\/v2\/comments?post=31793"}],"version-history":[{"count":1,"href":"https:\/\/www.infokuryr.cz\/n\/wp-json\/wp\/v2\/posts\/31793\/revisions"}],"predecessor-version":[{"id":31794,"href":"https:\/\/www.infokuryr.cz\/n\/wp-json\/wp\/v2\/posts\/31793\/revisions\/31794"}],"wp:featuredmedia":[{"embeddable":true,"href":"https:\/\/www.infokuryr.cz\/n\/wp-json\/wp\/v2\/media\/1622"}],"wp:attachment":[{"href":"https:\/\/www.infokuryr.cz\/n\/wp-json\/wp\/v2\/media?parent=31793"}],"wp:term":[{"taxonomy":"category","embeddable":true,"href":"https:\/\/www.infokuryr.cz\/n\/wp-json\/wp\/v2\/categories?post=31793"},{"taxonomy":"post_tag","embeddable":true,"href":"https:\/\/www.infokuryr.cz\/n\/wp-json\/wp\/v2\/tags?post=31793"}],"curies":[{"name":"wp","href":"https:\/\/api.w.org\/{rel}","templated":true}]}}