{"id":31745,"date":"2023-07-08T01:13:52","date_gmt":"2023-07-07T23:13:52","guid":{"rendered":"http:\/\/www.infokuryr.cz\/n\/?p=31745"},"modified":"2023-07-07T16:36:52","modified_gmt":"2023-07-07T14:36:52","slug":"v-sofii-rozzureny-duchovni-skocil-do-cesty-kolone-zelenskeho","status":"publish","type":"post","link":"https:\/\/www.infokuryr.cz\/n\/2023\/07\/08\/v-sofii-rozzureny-duchovni-skocil-do-cesty-kolone-zelenskeho\/","title":{"rendered":"V Sofii rozzu\u0159en\u00fd duchovn\u00ed sko\u010dil do cesty kolon\u011b Zelensk\u00e9ho"},"content":{"rendered":"<div id=\"fb-root\"><\/div>\n<p><strong>Bulharsk\u00fd duchovn\u00ed uvalil kletbu na kolonu Volodymyra Zelensk\u00e9ho v dob\u011b jeho n\u00e1v\u0161t\u011bvy Sofie, ozn\u00e1mil port\u00e1l OKDiario.<\/strong><\/p>\n<p>\u201ePravoslavn\u00fd duchovn\u00ed cht\u011bl uvalit kletbu na ukrajinsk\u00e9ho prezidenta Volodymyra Zelensk\u00e9ho, kdy\u017e ten dorazil do Sofie na sch\u016fzku s bulharsk\u00fdm premi\u00e9rem,\u201c uv\u00e1d\u00ed se ve zpr\u00e1v\u011b.<\/p>\n<p>Na zve\u0159ejn\u011bn\u00e9m videoz\u00e1znamu je vid\u011bt, jak \u010dlov\u011bk v h\u00e1bitu a s k\u0159\u00ed\u017eem v ruce vyb\u011bhl na okraj silnice, po n\u00ed\u017e jela kolona. \u201eAnat\u00e9ma, Zelenskyj, fa\u0161istick\u00e1 Ukrajina, satan\u0161t\u00ed z\u00e1pa\u010f\u00e1ci!\u201c vyk\u0159ikl.<\/p>\n<p>Na m\u00edsto ihned dorazili p\u0159\u00edslu\u0161n\u00edci policie, kte\u0159\u00ed duchovn\u00edho od vozovky odt\u00e1hli.<\/p>\n<p>Jak podotkl mluv\u010d\u00ed rusk\u00e9ho prezidenta Dmitrij Peskov, Zelenskyj p\u0159icestoval do Bulharska, aby ho zat\u00e1hl do konfliktu s Ruskem.<\/p>\n<p><img decoding=\"async\" loading=\"lazy\" class=\"alignnone size-full wp-image-1185\" src=\"http:\/\/www.infokuryr.cz\/n\/wp-content\/uploads\/2021\/04\/kuryr-podpis.png\" alt=\"\" width=\"84\" height=\"24\" \/><\/p>\n<p>&nbsp;<\/p>\n<p><a href=\"https:\/\/stranapro.cz\/\"><img decoding=\"async\" loading=\"lazy\" class=\"wp-image-30218 aligncenter\" src=\"http:\/\/www.infokuryr.cz\/n\/wp-content\/uploads\/2023\/06\/PRO-banner-300x36.png\" alt=\"\" width=\"1367\" height=\"164\" srcset=\"https:\/\/www.infokuryr.cz\/n\/wp-content\/uploads\/2023\/06\/PRO-banner-300x36.png 300w, https:\/\/www.infokuryr.cz\/n\/wp-content\/uploads\/2023\/06\/PRO-banner-768x93.png 768w, https:\/\/www.infokuryr.cz\/n\/wp-content\/uploads\/2023\/06\/PRO-banner.png 849w\" sizes=\"(max-width: 1367px) 100vw, 1367px\" \/><\/a><\/p>\n<p>&nbsp;<\/p>\n<p>&nbsp;<\/p>\n<p>&nbsp;<\/p>\n","protected":false},"excerpt":{"rendered":"<p>Bulharsk\u00fd duchovn\u00ed uvalil kletbu na kolonu Volodymyra Zelensk\u00e9ho v dob\u011b jeho n\u00e1v\u0161t\u011bvy Sofie, ozn\u00e1mil port\u00e1l&#8230;<\/p>\n","protected":false},"author":2,"featured_media":31746,"comment_status":"closed","ping_status":"closed","sticky":false,"template":"","format":"standard","meta":[],"categories":[7],"tags":[190,4851,5420,1000],"_links":{"self":[{"href":"https:\/\/www.infokuryr.cz\/n\/wp-json\/wp\/v2\/posts\/31745"}],"collection":[{"href":"https:\/\/www.infokuryr.cz\/n\/wp-json\/wp\/v2\/posts"}],"about":[{"href":"https:\/\/www.infokuryr.cz\/n\/wp-json\/wp\/v2\/types\/post"}],"author":[{"embeddable":true,"href":"https:\/\/www.infokuryr.cz\/n\/wp-json\/wp\/v2\/users\/2"}],"replies":[{"embeddable":true,"href":"https:\/\/www.infokuryr.cz\/n\/wp-json\/wp\/v2\/comments?post=31745"}],"version-history":[{"count":1,"href":"https:\/\/www.infokuryr.cz\/n\/wp-json\/wp\/v2\/posts\/31745\/revisions"}],"predecessor-version":[{"id":31747,"href":"https:\/\/www.infokuryr.cz\/n\/wp-json\/wp\/v2\/posts\/31745\/revisions\/31747"}],"wp:featuredmedia":[{"embeddable":true,"href":"https:\/\/www.infokuryr.cz\/n\/wp-json\/wp\/v2\/media\/31746"}],"wp:attachment":[{"href":"https:\/\/www.infokuryr.cz\/n\/wp-json\/wp\/v2\/media?parent=31745"}],"wp:term":[{"taxonomy":"category","embeddable":true,"href":"https:\/\/www.infokuryr.cz\/n\/wp-json\/wp\/v2\/categories?post=31745"},{"taxonomy":"post_tag","embeddable":true,"href":"https:\/\/www.infokuryr.cz\/n\/wp-json\/wp\/v2\/tags?post=31745"}],"curies":[{"name":"wp","href":"https:\/\/api.w.org\/{rel}","templated":true}]}}