{"id":31733,"date":"2023-07-08T01:08:50","date_gmt":"2023-07-07T23:08:50","guid":{"rendered":"http:\/\/www.infokuryr.cz\/n\/?p=31733"},"modified":"2023-07-07T16:04:46","modified_gmt":"2023-07-07T14:04:46","slug":"esd-dava-kriminalnim-migrantum-volnou-ruku-status-uprchlika-muze-byt-odebran-pouze-v-pripade-vazneho-nebezpeci","status":"publish","type":"post","link":"https:\/\/www.infokuryr.cz\/n\/2023\/07\/08\/esd-dava-kriminalnim-migrantum-volnou-ruku-status-uprchlika-muze-byt-odebran-pouze-v-pripade-vazneho-nebezpeci\/","title":{"rendered":"ESD d\u00e1v\u00e1 krimin\u00e1ln\u00edm migrant\u016fm volnou ruku: Status uprchl\u00edka m\u016f\u017ee b\u00fdt odebr\u00e1n pouze v p\u0159\u00edpad\u011b \u201ev\u00e1\u017en\u00e9ho nebezpe\u010d\u00ed\u201c"},"content":{"rendered":"<div id=\"fb-root\"><\/div>\n<p><strong><span>Kdy \u017eadatel o azyl ztr\u00e1c\u00ed sv\u016fj ochrann\u00fd status?\u00a0Podle Evropsk\u00e9ho soudn\u00edho dvora (ESD) dlouh\u00e1 krimin\u00e1ln\u00ed kari\u00e9ra nesta\u010d\u00ed: podle lucembursk\u00fdch soudc\u016f jsou nutn\u00e9 \u201ezvl\u00e1\u0161\u0165 z\u00e1va\u017en\u00e9\u201c trestn\u00e9 \u010diny, kter\u00e9 p\u0159edstavuj\u00ed \u201ev\u00e1\u017enou hrozbu\u201c pro m\u00edstn\u00ed komunitu.<\/span><\/strong><\/p>\n<p><span>\u00damluva OSN o uprchl\u00edc\u00edch je ve skute\u010dnosti zcela jasn\u00e1 o pr\u00e1vech a povinnostech uprchl\u00edk\u016f.\u00a0Ka\u017ed\u00fd, kdo \u017e\u00e1d\u00e1 o ochranu v jin\u00e9 zemi a je j\u00ed ud\u011blena, se mus\u00ed tak\u00e9 pod\u0159\u00eddit m\u00edstn\u00edm zvyklostem a dodr\u017eovat tamn\u00ed normy a z\u00e1kony.\u00a0Od \u017eadatele o azyl se tedy o\u010dek\u00e1v\u00e1, \u017ee se bude chovat jako dobr\u00fd host.\u00a0Nic v\u00edc a nic m\u00ed\u0148.\u00a0Evropsk\u00fd soudn\u00ed dv\u016fr ale evidentn\u011b vid\u00ed v\u011bci trochu jinak.<\/span><\/p>\n<p><span>Pot\u00e9, co soudy v Belgii, Rakousku a Nizozemsku provedly \u0161et\u0159en\u00ed, aby objasnily, kdy m\u016f\u017ee \u010dlensk\u00fd st\u00e1t odejmout status uprchl\u00edka zahrani\u010dn\u00edm zlo\u010dinc\u016fm,\u00a0<\/span><a href=\"https:\/\/curia.europa.eu\/jcms\/upload\/docs\/application\/pdf\/2023-07\/cp230115en.pdf\"><span>rozhodli nyn\u00ed soudci v Lucembursku<\/span><\/a><span>\u00a0.\u00a0<\/span><strong><span>Podle pr\u00e1va EU mohou \u010dlensk\u00e9 st\u00e1ty odm\u00edtnout nebo odejmout status uprchl\u00edka pouze lidem, kte\u0159\u00ed spl\u0148uj\u00ed dva d\u016fle\u017eit\u00e9 po\u017eadavky, uvedl soud.\u00a0<\/span><\/strong><span>Zaprv\u00e9 mus\u00ed\u00a0<\/span><strong><span>\u201eb\u00fdt odsouzeni za trestn\u00fd \u010din, kter\u00fd p\u0159\u00edslu\u0161n\u00e9 org\u00e1ny pova\u017euj\u00ed za zvl\u00e1\u0161\u0165 z\u00e1va\u017en\u00fd\u201c<\/span><\/strong><span>\u00a0a zadruh\u00e9 mus\u00ed dan\u00e1 osoba p\u0159edstavovat\u00a0<\/span><strong><span>\u201eskute\u010dnou, aktu\u00e1ln\u00ed a dostate\u010dn\u011b z\u00e1va\u017enou hrozbu\u201c<\/span><\/strong><span>\u00a0pro m\u00edstn\u00ed komunitu.<\/span><\/p>\n<p><strong><span>Skute\u010dnost, \u017ee osoba byla odsouzena za z\u00e1va\u017en\u00fd trestn\u00fd \u010din, sama o sob\u011b ke spln\u011bn\u00ed druh\u00e9ho po\u017eadavku nesta\u010d\u00ed, dodal soud.\u00a0<\/span><\/strong><span>A nejen to: \u010dlensk\u00e9 st\u00e1ty by tak\u00e9 musely vz\u00edt v \u00favahu z\u00e1sadu proporcionality a zv\u00e1\u017eit z\u00e1jmy \u017eadatele o azyl se z\u00e1jmy p\u0159ij\u00edmaj\u00edc\u00edho st\u00e1tu.\u00a0\u00da\u0159ady \u010dlensk\u00fdch st\u00e1t\u016f v\u0161ak podle lucembursk\u00fdch soudc\u016f nejsou povinny zohled\u0148ovat d\u016fsledky n\u00e1vratu dot\u010den\u00fdch osob do domovsk\u00e9 zem\u011b.<\/span><\/p>\n<p><span>Co v\u0161ak vyho\u0161t\u011bn\u00ed je\u0161t\u011b zt\u011b\u017euje, je fakt, \u017ee podle soudc\u016f kombinace jednotliv\u00fdch trestn\u00fdch \u010din\u016f nem\u00e1 vliv na m\u00edru z\u00e1va\u017enosti.\u00a0<\/span><strong><span>I kdy\u017e jsou \u017eadatel\u00e9 o azyl n\u00e1padn\u00ed s bezpo\u010dtem \u201emen\u0161\u00edch\u201c trestn\u00fdch \u010din\u016f, jako je fyzick\u00e9 ubli\u017eov\u00e1n\u00ed, vloup\u00e1n\u00ed, kr\u00e1de\u017ee, p\u0159epaden\u00ed, drogov\u00e9 trestn\u00e9 \u010diny a podobn\u011b, na tom nez\u00e1le\u017e\u00ed.\u00a0<\/span><\/strong><span>Podle lucembursk\u00fdch soudc\u016f jednotliv\u00e9 p\u0159estupky samy o sob\u011b ke ztr\u00e1t\u011b statusu uprchl\u00edka nesta\u010d\u00ed.\u00a0Prakticky licence pro krimin\u00e1ln\u00ed migrantsk\u00e9 gangy.\u00a0Jejich pr\u00e1va se v Evrop\u011b zdaj\u00ed b\u00fdt t\u011b\u017e\u0161\u00ed ne\u017e pr\u00e1va ob\u010dan\u016f, kte\u0159\u00ed cht\u011bj\u00ed \u017e\u00edt v bezpe\u010d\u00ed.<\/span><\/p>\n<p><img decoding=\"async\" loading=\"lazy\" class=\"alignnone size-full wp-image-1185\" src=\"http:\/\/www.infokuryr.cz\/n\/wp-content\/uploads\/2021\/04\/kuryr-podpis.png\" alt=\"\" width=\"84\" height=\"24\" \/><\/p>\n<p>&nbsp;<\/p>\n<p><a href=\"https:\/\/stranapro.cz\/\"><img decoding=\"async\" loading=\"lazy\" class=\"wp-image-30218 aligncenter\" src=\"http:\/\/www.infokuryr.cz\/n\/wp-content\/uploads\/2023\/06\/PRO-banner-300x36.png\" alt=\"\" width=\"1367\" height=\"164\" srcset=\"https:\/\/www.infokuryr.cz\/n\/wp-content\/uploads\/2023\/06\/PRO-banner-300x36.png 300w, https:\/\/www.infokuryr.cz\/n\/wp-content\/uploads\/2023\/06\/PRO-banner-768x93.png 768w, https:\/\/www.infokuryr.cz\/n\/wp-content\/uploads\/2023\/06\/PRO-banner.png 849w\" sizes=\"(max-width: 1367px) 100vw, 1367px\" \/><\/a><\/p>\n<p>&nbsp;<\/p>\n<p>&nbsp;<\/p>\n<p>&nbsp;<\/p>\n","protected":false},"excerpt":{"rendered":"<p>Kdy \u017eadatel o azyl ztr\u00e1c\u00ed sv\u016fj ochrann\u00fd status?\u00a0Podle Evropsk\u00e9ho soudn\u00edho dvora (ESD) dlouh\u00e1 krimin\u00e1ln\u00ed kari\u00e9ra&#8230;<\/p>\n","protected":false},"author":2,"featured_media":602,"comment_status":"closed","ping_status":"closed","sticky":false,"template":"","format":"standard","meta":[],"categories":[7],"tags":[277,119,5418,520,5419],"_links":{"self":[{"href":"https:\/\/www.infokuryr.cz\/n\/wp-json\/wp\/v2\/posts\/31733"}],"collection":[{"href":"https:\/\/www.infokuryr.cz\/n\/wp-json\/wp\/v2\/posts"}],"about":[{"href":"https:\/\/www.infokuryr.cz\/n\/wp-json\/wp\/v2\/types\/post"}],"author":[{"embeddable":true,"href":"https:\/\/www.infokuryr.cz\/n\/wp-json\/wp\/v2\/users\/2"}],"replies":[{"embeddable":true,"href":"https:\/\/www.infokuryr.cz\/n\/wp-json\/wp\/v2\/comments?post=31733"}],"version-history":[{"count":1,"href":"https:\/\/www.infokuryr.cz\/n\/wp-json\/wp\/v2\/posts\/31733\/revisions"}],"predecessor-version":[{"id":31734,"href":"https:\/\/www.infokuryr.cz\/n\/wp-json\/wp\/v2\/posts\/31733\/revisions\/31734"}],"wp:featuredmedia":[{"embeddable":true,"href":"https:\/\/www.infokuryr.cz\/n\/wp-json\/wp\/v2\/media\/602"}],"wp:attachment":[{"href":"https:\/\/www.infokuryr.cz\/n\/wp-json\/wp\/v2\/media?parent=31733"}],"wp:term":[{"taxonomy":"category","embeddable":true,"href":"https:\/\/www.infokuryr.cz\/n\/wp-json\/wp\/v2\/categories?post=31733"},{"taxonomy":"post_tag","embeddable":true,"href":"https:\/\/www.infokuryr.cz\/n\/wp-json\/wp\/v2\/tags?post=31733"}],"curies":[{"name":"wp","href":"https:\/\/api.w.org\/{rel}","templated":true}]}}