{"id":3173,"date":"2021-07-09T03:29:41","date_gmt":"2021-07-09T01:29:41","guid":{"rendered":"http:\/\/www.infokuryr.cz\/n\/?p=3173"},"modified":"2021-07-09T03:29:41","modified_gmt":"2021-07-09T01:29:41","slug":"nebezpeci-pro-suverenitu-a-svobodu-ovcacek-vola-k-zastaveni-piratostanu-u-voleb","status":"publish","type":"post","link":"https:\/\/www.infokuryr.cz\/n\/2021\/07\/09\/nebezpeci-pro-suverenitu-a-svobodu-ovcacek-vola-k-zastaveni-piratostanu-u-voleb\/","title":{"rendered":"\u201eNebezpe\u010d\u00ed pro suverenitu a svobodu.\u201c Ov\u010d\u00e1\u010dek vol\u00e1 k zastaven\u00ed Pir\u00e1tost\u00e1nu u voleb"},"content":{"rendered":"<div id=\"fb-root\"><\/div>\n<p><strong>Mluv\u010d\u00ed prezidenta republiky Ji\u0159\u00ed Ov\u010d\u00e1\u010dek uvedl, co je z jeho pohledu c\u00edlem \u0159\u00edjnov\u00fdch parlamentn\u00edch voleb. Lid\u00e9 by se pr\u00fd p\u0159i pohledu na Pir\u00e1ty nem\u011bli nechat zm\u00e1st jejich \u201eobleky a distingovan\u00fdm vzhledem\u201c.<\/strong><\/p>\n<p>\u201eHlavn\u00edm c\u00edlem \u0159\u00edjnov\u00fdch voleb je zastavit Pir\u00e1tost\u00e1n. Nebezpe\u010d\u00ed pro st\u00e1tn\u00ed\u00a0suverenitu\u00a0a svobodu,\u201d uvedl Zeman\u016fv mluv\u010d\u00ed na soci\u00e1ln\u00edch s\u00edt\u00edch.<\/p>\n<p>\u201eNesm\u00edme se nechat zm\u00e1st t\u00edm, \u017ee te\u010f nos\u00ed obleky a tv\u00e1\u0159\u00ed se distingovan\u011b. Totalita se p\u0159i pokusu z\u00edskat moc v\u017edy p\u0159evl\u00e9k\u00e1 do frak\u016f, aby vypadala p\u0159ijateln\u011bji,\u201d dodal Ji\u0159\u00ed Ov\u010d\u00e1\u010dek.<\/p>\n<p><strong>Alena Schillerov\u00e1<\/strong><\/p>\n<p>Na nesrovnalosti v programu Pir\u00e1t\u016f dnes pouk\u00e1zala \u00fa\u0159aduj\u00edc\u00ed ministryn\u011b financ\u00ed Alena Schillerov\u00e1. \u201eNikdo na sv\u011bt\u011b v\u00e1m nem\u016f\u017ee d\u00e1t, co j\u00e1 v\u00e1m dok\u00e1\u017eu sl\u00edbit,\u201c charakterizovala ministryn\u011b pl\u00e1ny na konsolidaci ve\u0159ejn\u00fdch financ\u00ed Pir\u00e1t\u016f.<\/p>\n<p>\u201eNejen, \u017ee jsou nerealistick\u00e9. Zd\u00e1 se, \u017ee postr\u00e1daj\u00ed tak\u00e9 logiku. Tedy pokud se mnou souhlas\u00edte, \u017ee utratit 433 miliard za priority a zv\u00fd\u0161it p\u0159itom celkov\u00e9 v\u00fddaje o m\u00e9n\u011b ne\u017e 200 miliard je rovno z\u00e1zraku,\u201c uvedla ve sv\u00e9m vyj\u00e1d\u0159en\u00ed na videu s t\u00edm, \u017ee takov\u00e9 konsolida\u010dn\u00ed\u00a0pl\u00e1ny\u00a0nen\u00ed mo\u017en\u00e9 br\u00e1t v\u00e1\u017en\u011b ani p\u0159i nejlep\u0161\u00ed v\u016fli.<\/p>\n<p>Sama p\u0159itom Schillerov\u00e1 p\u0159edstavila vlastn\u00ed pl\u00e1n konsolidace ve\u0159ejn\u00fdch financ\u00ed: \u201eP\u0159edlo\u017eila jsem pl\u00e1n konsolidace, kter\u00fd stoj\u00ed na pevn\u00fdch nohou, neslibuje vzdu\u0161n\u00e9 z\u00e1mky a z\u00e1rove\u0148 nezadus\u00ed k\u0159ehk\u00fd hospod\u00e1\u0159sk\u00fd r\u016fst.\u201c<\/p>\n<p>\u201e<em>M\u016fj pl\u00e1n po\u010d\u00edt\u00e1 s t\u00edm, \u017ee nebudou valorizov\u00e1ny provozn\u00ed v\u00fddaje, tedy \u017ee fakticky budou klesat. Po\u010d\u00edt\u00e1m se zmrazen\u00edm objemu plat\u016f \u00fa\u0159edn\u00edk\u016f a st\u00e1tn\u00edch zam\u011bstnanc\u016f a tak\u00e9 \u00fastavn\u00ed \u010dinitel\u016f. Prioritn\u011b chci c\u00edlit kapit\u00e1lov\u00e9 v\u00fddaje ze zdroj\u016f Evropsk\u00e9 unie. D\u00edky tomu budeme sni\u017eovat struktur\u00e1ln\u00ed saldo o minim\u00e1ln\u011b p\u016fl procentn\u00edho bodu HPD ro\u010dn\u011b. Spolehliv\u011b se udr\u017e\u00edme pod hranic\u00ed zadlu\u017een\u00ed 55 % a z\u016fstaneme jednou z nejm\u00e9n\u011b zadlu\u017een\u00fdch zem\u00ed v\u00a0Evrop\u011b,<\/em>\u201c nast\u00ednila sv\u00e9 pl\u00e1ny \u00fa\u0159aduj\u00edc\u00ed ministryn\u011b financ\u00ed Alena Schillerov\u00e1.<\/p>\n<p><strong>Volby<\/strong><\/p>\n<p>Podle p\u0159edvolebn\u00edho\u00a0modelu\u00a0agentury Median pro \u010derven leto\u0161n\u00edho roku by ve volb\u00e1ch vyhr\u00e1lo ANO premi\u00e9ra Andreje Babi\u0161e se ziskem 26 % hlas\u016f, na druh\u00e9m m\u00edst\u011b by se um\u00edstila koalice Pir\u00e1t\u016f a STANu se ziskem 21,5 % volebn\u00edch hlas\u016f. Na t\u0159et\u00edm m\u00edst\u011b by se um\u00edstila koalice Spolu se ziskem 20 %.<\/p>\n<p>D\u00e1le by 5% hranici nutnou pro vstup do sn\u011bmovny p\u0159ekro\u010dila SPD, P\u0159\u00edsaha, KS\u010cM a \u010cSSD.<\/p>\n<p><a href=\"https:\/\/cz.sputniknews.com\/20210708\/nebezpeci-pro-suverenitu-a-svobodu-ovcacek-vola-k-zastaveni-piratostanu-u-voleb-15089382.html\">ZDROJ<\/a><\/p>\n<p>&nbsp;<\/p>\n","protected":false},"excerpt":{"rendered":"<p>Mluv\u010d\u00ed prezidenta republiky Ji\u0159\u00ed Ov\u010d\u00e1\u010dek uvedl, co je z jeho pohledu c\u00edlem \u0159\u00edjnov\u00fdch parlamentn\u00edch voleb&#8230;.<\/p>\n","protected":false},"author":2,"featured_media":627,"comment_status":"closed","ping_status":"closed","sticky":false,"template":"","format":"standard","meta":[],"categories":[6],"tags":[263,137,27],"_links":{"self":[{"href":"https:\/\/www.infokuryr.cz\/n\/wp-json\/wp\/v2\/posts\/3173"}],"collection":[{"href":"https:\/\/www.infokuryr.cz\/n\/wp-json\/wp\/v2\/posts"}],"about":[{"href":"https:\/\/www.infokuryr.cz\/n\/wp-json\/wp\/v2\/types\/post"}],"author":[{"embeddable":true,"href":"https:\/\/www.infokuryr.cz\/n\/wp-json\/wp\/v2\/users\/2"}],"replies":[{"embeddable":true,"href":"https:\/\/www.infokuryr.cz\/n\/wp-json\/wp\/v2\/comments?post=3173"}],"version-history":[{"count":0,"href":"https:\/\/www.infokuryr.cz\/n\/wp-json\/wp\/v2\/posts\/3173\/revisions"}],"wp:featuredmedia":[{"embeddable":true,"href":"https:\/\/www.infokuryr.cz\/n\/wp-json\/wp\/v2\/media\/627"}],"wp:attachment":[{"href":"https:\/\/www.infokuryr.cz\/n\/wp-json\/wp\/v2\/media?parent=3173"}],"wp:term":[{"taxonomy":"category","embeddable":true,"href":"https:\/\/www.infokuryr.cz\/n\/wp-json\/wp\/v2\/categories?post=3173"},{"taxonomy":"post_tag","embeddable":true,"href":"https:\/\/www.infokuryr.cz\/n\/wp-json\/wp\/v2\/tags?post=3173"}],"curies":[{"name":"wp","href":"https:\/\/api.w.org\/{rel}","templated":true}]}}