{"id":31715,"date":"2023-07-08T01:00:57","date_gmt":"2023-07-07T23:00:57","guid":{"rendered":"http:\/\/www.infokuryr.cz\/n\/?p=31715"},"modified":"2023-07-07T14:58:47","modified_gmt":"2023-07-07T12:58:47","slug":"expert-nato-potrebuje-uspech-ukrajinske-ofenzivy-aby-potvrdilo-sve-vojenske-plan","status":"publish","type":"post","link":"https:\/\/www.infokuryr.cz\/n\/2023\/07\/08\/expert-nato-potrebuje-uspech-ukrajinske-ofenzivy-aby-potvrdilo-sve-vojenske-plan\/","title":{"rendered":"Expert: NATO pot\u0159ebuje \u00fasp\u011bch ukrajinsk\u00e9 ofenz\u00edvy, aby potvrdilo sv\u00e9 vojensk\u00e9 pl\u00e1n"},"content":{"rendered":"<div id=\"fb-root\"><\/div>\n<p><strong><span>Z\u00e1stupce vojensk\u00fdch expert\u016f v Bruselu uvedl, \u017ee ukrajinsk\u00e1 protiofenz\u00edva by m\u011bla \u201edemonstrovat vojensk\u00e9 schopnosti a taktiku aliance ve skute\u010dn\u00e9m konfliktu s nejpravd\u011bpodobn\u011bj\u0161\u00edm protivn\u00edkem\u201c.<\/span><\/strong><\/p>\n<p><span>NATO pot\u0159ebuje \u00fasp\u011bch ofenzivy ukrajinsk\u00e9 arm\u00e1dy, aby potvrdilo platnost sv\u00fdch nov\u00fdch vojensk\u00fdch pl\u00e1n\u016f, kter\u00e9 budou p\u0159edstaveny v\u016fdc\u016fm Aliance na summitu ve Vilniusu ve dnech 11. a\u017e 12. \u010dervence, v jeho\u017e r\u00e1mci zem\u011b NATO pl\u00e1nuj\u00ed dal\u0161\u00ed zv\u00fd\u0161en\u00ed vojensk\u00fdch v\u00fddaj\u016f.\u00a0Agentu\u0159e TASS to v p\u00e1tek pod podm\u00ednkou anonymity \u0159ekl vojensk\u00fd expert s\u00eddl\u00edc\u00ed v Bruselu.<\/span><\/p>\n<p><span>\u201eProtiofenz\u00edva ukrajinsk\u00fdch ozbrojen\u00fdch sil pou\u017e\u00edv\u00e1 stejn\u00e9 vybaven\u00ed a taktiku, na kter\u00e9 jsou zalo\u017eeny nov\u00e9 vojensk\u00e9 pl\u00e1ny NATO pro summit NATO.\u00a0Tyto pl\u00e1ny p\u0159ipravuj\u00ed NATO, poprv\u00e9 od studen\u00e9 v\u00e1lky, nikoli na operace projekce s\u00edly ve vzd\u00e1len\u00fdch regionech prost\u0159ednictv\u00edm omezen\u00e9ho prostoru operac\u00ed, ale na rozs\u00e1hl\u00fd vojensk\u00fd konflikt v Evrop\u011b.\u00a0Ukrajinsk\u00e1 protiofenz\u00edva zah\u00e1jen\u00e1 p\u011bt t\u00fddn\u016f p\u0159ed summitem NATO m\u00e1 viditeln\u011b demonstrovat vojensk\u00e9 schopnosti a taktiku aliance ve skute\u010dn\u00e9m konfliktu s jej\u00edm nejpravd\u011bpodobn\u011bj\u0161\u00edm protivn\u00edkem,\u201c uvedl.\u00a0&#8222;Pokud ofenziva sel\u017ee, zpochybn\u00ed to principy nov\u00fdch vojensk\u00fdch pl\u00e1n\u016f, kter\u00e9 byly pr\u00e1v\u011b vypracov\u00e1ny.&#8220;<\/span><\/p>\n<h4><span style=\"font-size: 18pt;\">Vzdu\u0161nou podporou<\/span><\/h4>\n<p><span>Expert uznal, \u017ee Kyjevu \u201echyb\u00ed hlavn\u00ed aktiva NATO \u2013 mocn\u00e9 vzdu\u0161n\u00e9 a n\u00e1mo\u0159n\u00ed s\u00edly, kter\u00e9 hraj\u00ed kl\u00ed\u010dovou roli ve vojensk\u00e9m pl\u00e1nov\u00e1n\u00ed aliance\u201c.\u00a0Paraleln\u011b s ofenzivou ukrajinsk\u00e9 arm\u00e1dy v Evrop\u011b [od 12. do 23. \u010dervna] v\u0161ak prob\u011bhlo Air Defender 2023, nejv\u011bt\u0161\u00ed leteck\u00e9 cvi\u010den\u00ed za posledn\u00edch 30 let, kter\u00e9ho se z\u00fa\u010dastnilo a\u017e 300 r\u016fzn\u00fdch letadel.\u00a0Proti technologicky vysp\u011bl\u00e9mu nep\u0159\u00edteli byly nacvi\u010dov\u00e1ny rozs\u00e1hl\u00e9 leteck\u00e9 operace.\u00a0Tak\u017ee vzdu\u0161nou slo\u017eku nacvi\u010dovala arm\u00e1da NATO synchronn\u011b s protiofenz\u00edvou na Ukrajin\u011b, ale ne v bojov\u00e9m, ale ve v\u00fdcvikov\u00e9m re\u017eimu,\u201c pokra\u010duje expert.<\/span><\/p>\n<p><span>Podle jeho n\u00e1zoru ne\u00fasp\u011bch ofenzivy na Ukrajin\u011b \u201ep\u0159im\u011bje \u00fa\u010dastn\u00edky summitu NATO ve Vilniusu k pochopen\u00ed, \u017ee ned\u00e1vno vypracovan\u00e9 vojensk\u00e9 pl\u00e1ny aliance je je\u0161t\u011b t\u0159eba revidovat, alespo\u0148 v \u010d\u00e1stech pozemn\u00edch sil.\u00a0D\u00e1le &#8222;neexistuje \u017e\u00e1dn\u00e1 z\u00e1ruka, \u017ee vzdu\u0161n\u00e1 sou\u010d\u00e1st, kter\u00e1 je\u0161t\u011b nebyla testov\u00e1na v bojov\u00fdch podm\u00ednk\u00e1ch proti d\u016fstojn\u00e9mu protivn\u00edkovi, nebude stejn\u011b nedokonal\u00e1.&#8220;<\/span><\/p>\n<p><span>Podle experta by to mohlo m\u00edt za n\u00e1sledek \u201enahlod\u00e1n\u00ed d\u016fv\u011bry mezi zem\u011bmi NATO v nov\u00e9 pl\u00e1ny \u201akolektivn\u00ed obrany\u2018 vyv\u00edjen\u00e9 \u00fast\u0159ed\u00edm Aliance\u201c.\u00a0&#8222;Proto je pro USA a NATO tak d\u016fle\u017eit\u00e9, aby ukrajinsk\u00e1 protiofenz\u00edva byla alespo\u0148 nomin\u00e1ln\u011b \u00fasp\u011b\u0161n\u00e1,&#8220; zd\u016fraznil.<\/span><\/p>\n<h4><span style=\"font-size: 18pt;\">Psychologick\u00e9 probl\u00e9my<\/span><\/h4>\n<p><span>\u201eSpojenci [\u010dlensk\u00fdch st\u00e1t\u016f NATO] nyn\u00ed samoz\u0159ejm\u011b nemaj\u00ed \u017e\u00e1dn\u00fd man\u00e9vrovac\u00ed prostor.\u00a0Bez ohledu na sv\u00e9 pochybnosti se na summitu nemohou vyhnout p\u0159ijet\u00ed nov\u00fdch vojensk\u00fdch pl\u00e1n\u016f, proto\u017ee NATO v sou\u010dasnosti nem\u00e1 \u017e\u00e1dn\u00e9 alternativn\u00ed mo\u017enosti vojensk\u00e9ho rozvoje.\u00a0D\u016fsledky ne\u00fasp\u011b\u0161n\u00e9 ukrajinsk\u00e9 protiofenzivy pro NATO proto budou sp\u00ed\u0161e psychologick\u00e9 ne\u017e praktick\u00e9.\u00a0To povede k mnoha drobn\u00fdm nap\u011bt\u00edm v jedn\u00e1n\u00edch o konkr\u00e9tn\u00edch parametrech navy\u0161ov\u00e1n\u00ed obrann\u00fdch v\u00fddaj\u016f, nomenklatu\u0159e a rozsahu n\u00e1kup\u016f zbran\u00ed a m\u00ed\u0159e podpory pro Kyjev a tak\u00e9 konkuren\u010dn\u00edm boji mezi americk\u00fdmi a evropsk\u00fdmi vojensko-pr\u016fmyslov\u00fdmi komplexy o budouc\u00ed Ut\u00e1hn\u011bte st\u00e1tn\u00ed zak\u00e1zky,\u201c uvedl odborn\u00edk.<\/span><\/p>\n<p><img decoding=\"async\" loading=\"lazy\" class=\"alignnone size-full wp-image-1185\" src=\"http:\/\/www.infokuryr.cz\/n\/wp-content\/uploads\/2021\/04\/kuryr-podpis.png\" alt=\"\" width=\"84\" height=\"24\" \/><\/p>\n<p>&nbsp;<\/p>\n<p>&nbsp;<\/p>\n<p><a href=\"https:\/\/stranapro.cz\/\"><img decoding=\"async\" loading=\"lazy\" class=\"wp-image-30218 aligncenter\" src=\"http:\/\/www.infokuryr.cz\/n\/wp-content\/uploads\/2023\/06\/PRO-banner-300x36.png\" alt=\"\" width=\"1358\" height=\"163\" srcset=\"https:\/\/www.infokuryr.cz\/n\/wp-content\/uploads\/2023\/06\/PRO-banner-300x36.png 300w, https:\/\/www.infokuryr.cz\/n\/wp-content\/uploads\/2023\/06\/PRO-banner-768x93.png 768w, https:\/\/www.infokuryr.cz\/n\/wp-content\/uploads\/2023\/06\/PRO-banner.png 849w\" sizes=\"(max-width: 1358px) 100vw, 1358px\" \/><\/a><\/p>\n<p>&nbsp;<\/p>\n<p>&nbsp;<\/p>\n<p>&nbsp;<\/p>\n","protected":false},"excerpt":{"rendered":"<p>Z\u00e1stupce vojensk\u00fdch expert\u016f v Bruselu uvedl, \u017ee ukrajinsk\u00e1 protiofenz\u00edva by m\u011bla \u201edemonstrovat vojensk\u00e9 schopnosti a&#8230;<\/p>\n","protected":false},"author":2,"featured_media":31716,"comment_status":"closed","ping_status":"closed","sticky":false,"template":"","format":"standard","meta":[],"categories":[7],"tags":[1042,2173,39,26],"_links":{"self":[{"href":"https:\/\/www.infokuryr.cz\/n\/wp-json\/wp\/v2\/posts\/31715"}],"collection":[{"href":"https:\/\/www.infokuryr.cz\/n\/wp-json\/wp\/v2\/posts"}],"about":[{"href":"https:\/\/www.infokuryr.cz\/n\/wp-json\/wp\/v2\/types\/post"}],"author":[{"embeddable":true,"href":"https:\/\/www.infokuryr.cz\/n\/wp-json\/wp\/v2\/users\/2"}],"replies":[{"embeddable":true,"href":"https:\/\/www.infokuryr.cz\/n\/wp-json\/wp\/v2\/comments?post=31715"}],"version-history":[{"count":1,"href":"https:\/\/www.infokuryr.cz\/n\/wp-json\/wp\/v2\/posts\/31715\/revisions"}],"predecessor-version":[{"id":31717,"href":"https:\/\/www.infokuryr.cz\/n\/wp-json\/wp\/v2\/posts\/31715\/revisions\/31717"}],"wp:featuredmedia":[{"embeddable":true,"href":"https:\/\/www.infokuryr.cz\/n\/wp-json\/wp\/v2\/media\/31716"}],"wp:attachment":[{"href":"https:\/\/www.infokuryr.cz\/n\/wp-json\/wp\/v2\/media?parent=31715"}],"wp:term":[{"taxonomy":"category","embeddable":true,"href":"https:\/\/www.infokuryr.cz\/n\/wp-json\/wp\/v2\/categories?post=31715"},{"taxonomy":"post_tag","embeddable":true,"href":"https:\/\/www.infokuryr.cz\/n\/wp-json\/wp\/v2\/tags?post=31715"}],"curies":[{"name":"wp","href":"https:\/\/api.w.org\/{rel}","templated":true}]}}