{"id":3167,"date":"2021-07-09T03:14:01","date_gmt":"2021-07-09T01:14:01","guid":{"rendered":"http:\/\/www.infokuryr.cz\/n\/?p=3167"},"modified":"2021-07-09T03:14:01","modified_gmt":"2021-07-09T01:14:01","slug":"prasknuti-piratske-bubliny","status":"publish","type":"post","link":"https:\/\/www.infokuryr.cz\/n\/2021\/07\/09\/prasknuti-piratske-bubliny\/","title":{"rendered":"Prasknut\u00ed pir\u00e1tsk\u00e9 bubliny"},"content":{"rendered":"<div id=\"fb-root\"><\/div>\n<p>Ve finan\u010dnictv\u00ed<strong>\u00a0<\/strong>je spekulativn\u00ed bublina obvykle zp\u016fsobena prudk\u00fdm n\u00e1r\u016fstem ceny aktiva v\u00a0d\u016fsledku p\u0159ehnan\u011b optimistick\u00e9ho chov\u00e1n\u00ed trhu. B\u011bhem bubliny se aktivum obchoduje za cenu, kter\u00e1 v\u00fdrazn\u011b p\u0159evy\u0161uje jeho skute\u010dnou hodnotu, co\u017e se v\u0161ak projev\u00ed a\u017e pot\u00e9, co cena prudce klesne a\u00a0investo\u0159i p\u0159ijdou o\u00a0kalhoty. Ne\u017e k\u00a0tomu dojde, \u010dasto se objev\u00ed tahouni, kte\u0159\u00ed vzestupnou cenovou tendenci bu\u010f \u00famysln\u011b vyvolaj\u00ed, anebo ji v\u010das zpozoruj\u00ed a\u00a0podpo\u0159\u00ed. Koalice Pir\u00e1t\u016f a\u00a0STAN nyn\u00ed za\u017eila prasknut\u00ed svoj\u00ed p\u0159edvolebn\u00ed bubliny. Jej\u00ed preference klesly z\u00a0historick\u00e9ho maxima\u00a0<a href=\"https:\/\/ct24.ceskatelevize.cz\/domaci\/3283040-hnuti-ano-v-unorovem-modelu-vyrazne-ztraci-predbehli-ho-i-samotni-pirati\" target=\"_blank\" rel=\"noopener\">34,0 % v\u00a0\u00fanorov\u00e9m\/b\u0159eznov\u00e9m pr\u016fzkumu agentury Kantar CZ<\/a>\u00a0na minimum\u00a0<a href=\"https:\/\/www.irozhlas.cz\/zpravy-domov\/pruzkum-median-snemovni-volby-2021-ano-prisaha_2107020813_ako?custom=ewAiAGUAcwB0AGkAbQBhAHQAZQAiADoAWwB7ACIAcABhAHIAdAB5ACIAOgAiAEEATgBPACIALAAiAHAAZQByAGMAZQBuAHQAIgA6ADAALgAyADYALAAiAG0AYQBuAGQAYQB0AGUAcwAiADoANgAyACwAIgBjAG8AbAB1AG0AbgBzACIAOgAxADMALAAiAG8AZgBmAHMAZQB0ACIAOgAwAH0ALAB7ACIAcABhAHIAdAB5ACIAOgAiAFAAaQByAOEAdABpACAAYQAgAFMAVABBAE4AIgAsACIAcABlAHIAYwBlAG4AdAAiADoAMAAuADIAMQA1ACwAIgBtAGEAbgBkAGEAdABlAHMAIgA6ADQAOQAsACIAYwBvAGwAdQBtAG4AcwAiADoAMQAxACwAIgBvAGYAZgBzAGUAdAAiADoAMQAzAH0ALAB7ACIAcABhAHIAdAB5ACIAOgAiAFMAUABPAEwAVQAiACwAIgBwAGUAcgBjAGUAbgB0ACIAOgAwAC4AMgAsACIAbQBhAG4AZABhAHQAZQBzACIAOgA0ADYALAAiAGMAbwBsAHUAbQBuAHMAIgA6ADEAMAAsACIAbwBmAGYAcwBlAHQAIgA6ADIAMwB9ACwAewAiAHAAYQByAHQAeQAiADoAIgBTAFAARAAiACwAIgBwAGUAcgBjAGUAbgB0ACIAOgAwAC4AMAA4ACwAIgBtAGEAbgBkAGEAdABlAHMAIgA6ADEANgAsACIAYwBvAGwAdQBtAG4AcwAiADoANAAsACIAbwBmAGYAcwBlAHQAIgA6ADMAMgB9ACwAewAiAHAAYQByAHQAeQAiADoAIgBQAFkB7QBzAGEAaABhACIALAAiAHAAZQByAGMAZQBuAHQAIgA6ADAALgAwADYALAAiAG0AYQBuAGQAYQB0AGUAcwAiADoAMQAwACwAIgBjAG8AbAB1AG0AbgBzACIAOgAzACwAIgBvAGYAZgBzAGUAdAAiADoAMwA1AH0ALAB7ACIAcABhAHIAdAB5ACIAOgAiAEsAUwAMAU0AIgAsACIAcABlAHIAYwBlAG4AdAAiADoAMAAuADAANQA1ACwAIgBtAGEAbgBkAGEAdABlAHMAIgA6ADkALAAiAGMAbwBsAHUAbQBuAHMAIgA6ADMALAAiAG8AZgBmAHMAZQB0ACIAOgAzADcAfQAsAHsAIgBwAGEAcgB0AHkAIgA6ACIADAFTAFMARAAiACwAIgBwAGUAcgBjAGUAbgB0ACIAOgAwAC4AMAA1ACwAIgBtAGEAbgBkAGEAdABlAHMAIgA6ADgALAAiAGMAbwBsAHUAbQBuAHMAIgA6ADIALAAiAG8AZgBmAHMAZQB0ACIAOgAzADkAfQAsAHsAIgBwAGEAcgB0AHkAIgA6ACIASwBvAGEAbABpAGMAZQAgAFQAcgBpAGsAbwBsAPMAcgBhACIALAAiAHAAZQByAGMAZQBuAHQAIgA6ADAALgAwADMANQAsACIAbQBhAG4AZABhAHQAZQBzACIAOgAwACwAIgBjAG8AbAB1AG0AbgBzACIAOgAwACwAIgBvAGYAZgBzAGUAdAAiADoALQAxAH0ALAB7ACIAcABhAHIAdAB5ACIAOgAiAFoAZQBsAGUAbgDtACIALAAiAHAAZQByAGMAZQBuAHQAIgA6ADAALgAwADIALAAiAG0AYQBuAGQAYQB0AGUAcwAiADoAMAAsACIAYwBvAGwAdQBtAG4AcwAiADoAMAAsACIAbwBmAGYAcwBlAHQAIgA6AC0AMQB9AF0ALAAiAHUAcwBlAHIAQwBoAGEAbgBnAGUAcwAiADoAWwBdACwAIgB1AHMAZQByAEMAbwBhAGwAaQB0AGkAbwBuACIAOgBbAF0AfQA%253D\" target=\"_blank\" rel=\"noopener\">21,5 % v\u00a0pr\u016fzkumu Medianu<\/a>\u00a0z\u00a0minul\u00e9ho t\u00fddne. Kdy\u017e se v\u00a0\u00fanoru ujal role tahouna\u00a0<a href=\"https:\/\/www.ceskatelevize.cz\/porady\/1126672097-otazky-vaclava-moravce\/221411030510214-otazky-vaclava-moravce-2-cast\/\" target=\"_blank\" rel=\"noopener\">V\u00e1clav Moravec z\u00a0\u010cesk\u00e9 televize<\/a>, prohl\u00e1sil, \u017ee \u201evl\u00e1dn\u00ed hnut\u00ed ANO by poprv\u00e9 mohlo b\u00fdt pora\u017eeno\u201c. Byl to jeden z\u00a0nejv\u00fdznamn\u011bj\u0161\u00edch moment\u016f \u010desk\u00e9 politiky ned\u00e1vn\u00e9 doby. O\u00a0m\u011bs\u00edc pozd\u011bji narazil nov\u00fd l\u00eddr, koalice Pir\u00e1t\u016f a\u00a0STAN, v\u00a0pr\u016fzkumu Kantaru do stropu ve v\u00fd\u0161i 34,0 %. Od t\u00e9 doby si jeho \u201einvesto\u0159i\u201c jen l\u00ed\u017eou r\u00e1ny.<\/p>\n<p><a href=\"https:\/\/www.fsfinalword.cz\/?page=archive&amp;day=2021-07-08&amp;utm_source=utm_source%3Dnewsletter&amp;utm_medium=utm_medium%3Demail&amp;utm_campaign=utm_campaign%3Dfriday_edition_8.7.2021\">Erik Best<\/a><\/p>\n<p><img decoding=\"async\" loading=\"lazy\" class=\"alignnone  wp-image-1179\" src=\"http:\/\/www.infokuryr.cz\/n\/wp-content\/uploads\/2021\/04\/erik-best.jpg\" alt=\"\" width=\"130\" height=\"146\" \/><\/p>\n<p>&nbsp;<\/p>\n","protected":false},"excerpt":{"rendered":"<p>Ve finan\u010dnictv\u00ed\u00a0je spekulativn\u00ed bublina obvykle zp\u016fsobena prudk\u00fdm n\u00e1r\u016fstem ceny aktiva v\u00a0d\u016fsledku p\u0159ehnan\u011b optimistick\u00e9ho chov\u00e1n\u00ed trhu&#8230;.<\/p>\n","protected":false},"author":2,"featured_media":1297,"comment_status":"closed","ping_status":"closed","sticky":false,"template":"","format":"standard","meta":[],"categories":[6],"tags":[137,620,424,27],"_links":{"self":[{"href":"https:\/\/www.infokuryr.cz\/n\/wp-json\/wp\/v2\/posts\/3167"}],"collection":[{"href":"https:\/\/www.infokuryr.cz\/n\/wp-json\/wp\/v2\/posts"}],"about":[{"href":"https:\/\/www.infokuryr.cz\/n\/wp-json\/wp\/v2\/types\/post"}],"author":[{"embeddable":true,"href":"https:\/\/www.infokuryr.cz\/n\/wp-json\/wp\/v2\/users\/2"}],"replies":[{"embeddable":true,"href":"https:\/\/www.infokuryr.cz\/n\/wp-json\/wp\/v2\/comments?post=3167"}],"version-history":[{"count":0,"href":"https:\/\/www.infokuryr.cz\/n\/wp-json\/wp\/v2\/posts\/3167\/revisions"}],"wp:featuredmedia":[{"embeddable":true,"href":"https:\/\/www.infokuryr.cz\/n\/wp-json\/wp\/v2\/media\/1297"}],"wp:attachment":[{"href":"https:\/\/www.infokuryr.cz\/n\/wp-json\/wp\/v2\/media?parent=3167"}],"wp:term":[{"taxonomy":"category","embeddable":true,"href":"https:\/\/www.infokuryr.cz\/n\/wp-json\/wp\/v2\/categories?post=3167"},{"taxonomy":"post_tag","embeddable":true,"href":"https:\/\/www.infokuryr.cz\/n\/wp-json\/wp\/v2\/tags?post=3167"}],"curies":[{"name":"wp","href":"https:\/\/api.w.org\/{rel}","templated":true}]}}