{"id":3164,"date":"2021-07-08T04:17:23","date_gmt":"2021-07-08T02:17:23","guid":{"rendered":"http:\/\/www.infokuryr.cz\/n\/?p=3164"},"modified":"2021-07-08T04:17:23","modified_gmt":"2021-07-08T02:17:23","slug":"povinna-ockovani-tlak-na-odpurce-ockovani-roste-zde-je-kratky-prehled","status":"publish","type":"post","link":"https:\/\/www.infokuryr.cz\/n\/2021\/07\/08\/povinna-ockovani-tlak-na-odpurce-ockovani-roste-zde-je-kratky-prehled\/","title":{"rendered":"Povinn\u00e1 o\u010dkov\u00e1n\u00ed: tlak na odp\u016frce o\u010dkov\u00e1n\u00ed roste &#8211; zde je kr\u00e1tk\u00fd p\u0159ehled"},"content":{"rendered":"<div id=\"fb-root\"><\/div>\n<p><span>Rostouc\u00ed po\u010det zem\u00ed a oblast\u00ed po cel\u00e9m sv\u011bt\u011b nut\u00ed lidi, \u010dasto v ur\u010dit\u00fdch oblastech, k o\u010dkov\u00e1n\u00ed proti COVID-19.<\/span><\/p>\n<p><span>Zde je p\u0159ehled:<\/span><\/p>\n<p><strong><span>Povinn\u00e9 v T\u00e1d\u017eikist\u00e1nu a Vatik\u00e1nu<\/span><\/strong><\/p>\n<p><span>T\u00e1d\u017eikist\u00e1n a Vatik\u00e1n jsou jedny z m\u00e1la zem\u00ed, kter\u00e9 vy\u017eaduj\u00ed o\u010dkov\u00e1n\u00ed pro v\u0161echny dosp\u011bl\u00e9.<\/span><\/p>\n<p><span>V b\u00fdval\u00e9m sov\u011btsk\u00e9m T\u00e1d\u017eikist\u00e1nu zve\u0159ejnila ofici\u00e1ln\u00ed tiskov\u00e1 agentura vl\u00e1dn\u00ed na\u0159\u00edzen\u00ed, kter\u00e9 ukl\u00e1d\u00e1 o\u010dkov\u00e1n\u00ed v\u0161ech 18let\u00fdch osob bez bli\u017e\u0161\u00edch podrobnost\u00ed.<\/span><\/p>\n<p><span>Ve Vatik\u00e1nu, kter\u00fd je nejmen\u0161\u00edm st\u00e1tem na sv\u011bt\u011b, bylo o\u010dkov\u00e1n\u00ed pro obyvatele a zam\u011bstnance povinn\u00e9 v \u00fanoru, p\u0159i\u010dem\u017e ti, kte\u0159\u00ed odm\u00edtaj\u00ed b\u00fdt propu\u0161t\u011bni ze zam\u011bstn\u00e1n\u00ed!<\/span><\/p>\n<p><strong><span>It\u00e1lie<\/span><\/strong><\/p>\n<p><span>N\u011bkolik zem\u00ed nebo oblast\u00ed na\u0159\u00eddilo o\u010dkov\u00e1n\u00ed pro ur\u010dit\u00e9 skupiny obyvatel.<\/span><\/p>\n<p><span>Ital\u0161t\u00ed l\u00e9ka\u0159i a ve\u0159ejn\u00ed a soukrom\u00ed zdravotn\u00edci mus\u00ed b\u00fdt o\u010dkov\u00e1ni, jinak jim bude zak\u00e1z\u00e1na p\u0159\u00edm\u00e1 pr\u00e1ce s pacienty.<\/span><\/p>\n<p><span>Skupina 300 italsk\u00fdch zdravotnick\u00fdch pracovn\u00edk\u016f se obr\u00e1tila na soud s \u017e\u00e1dost\u00ed o zpro\u0161t\u011bn\u00ed povinnosti;\u00a0sly\u0161en\u00ed je napl\u00e1nov\u00e1no na 14. \u010dervence.<\/span><\/p>\n<p><strong><span>Anglie<\/span><\/strong><\/p>\n<p><span>16. \u010dervna vl\u00e1da Spojen\u00e9ho kr\u00e1lovstv\u00ed ozn\u00e1mila, \u017ee v\u0161ichni pracovn\u00edci pe\u010dovatelsk\u00fdch dom\u016f v Anglii mus\u00ed b\u00fdt pln\u011b o\u010dkov\u00e1ni.<\/span><\/p>\n<p><span>Pokud parlament schv\u00e1l\u00ed, nov\u00e1 legislativa znamen\u00e1, \u017ee ka\u017ed\u00fd, kdo pracuje v pe\u010dovatelsk\u00e9m dom\u011b, bude muset m\u00edt od \u0159\u00edjna dv\u011b d\u00e1vky vakc\u00edny, pokud nebude m\u00edt l\u00e9ka\u0159skou v\u00fdjimku.<\/span><\/p>\n<p><span>Pravidla plat\u00ed pro v\u0161echny zam\u011bstnance, kte\u0159\u00ed jsou p\u0159\u00edmo zam\u011bstn\u00e1ni v pe\u010dovatelsk\u00e9m dom\u011b, stejn\u011b jako pro smluvn\u00ed zam\u011bstnance a dobrovoln\u00edky.<\/span><\/p>\n<p><strong><span>Rusko<\/span><\/strong><\/p>\n<p><span>Prezident Vladimir Putin je proti povinn\u00e9mu celost\u00e1tn\u00edmu o\u010dkov\u00e1n\u00ed.<\/span><\/p>\n<p><span>16. \u010dervna moskevsk\u00fd starosta Sergej Sobyanin na\u0159\u00eddil o\u010dkov\u00e1n\u00ed obyvatel\u016fm rusk\u00e9ho hlavn\u00edho m\u011bsta, kte\u0159\u00ed pracuj\u00ed v odv\u011btv\u00ed slu\u017eeb.<\/span><\/p>\n<p><span>P\u0159ibli\u017en\u011b 60 procent v\u0161ech pracovn\u00edk\u016f v sektoru slu\u017eeb v Moskv\u011b &#8211; jen n\u011bco p\u0159es dva miliony lid\u00ed &#8211; by m\u011blo b\u00fdt pln\u011b o\u010dkov\u00e1no do 15. srpna.<\/span><\/p>\n<p><span>Od t\u00e9 doby p\u0159ijaly podobn\u00e1 opat\u0159en\u00ed i dal\u0161\u00ed m\u011bsta, v\u010detn\u011b t\u011b\u017ece zasa\u017een\u00e9ho Petrohradu.<\/span><\/p>\n<p><strong><span>Kazachst\u00e1n<\/span><\/strong><\/p>\n<p><span>1. \u010dervence Kazachst\u00e1n na\u0159\u00eddil povinn\u00e9 o\u010dkov\u00e1n\u00ed koronaviry pro velk\u00fd po\u010det pracovn\u00edk\u016f, kte\u0159\u00ed p\u0159ich\u00e1zej\u00ed do styku s jin\u00fdmi lidmi.\u00a0Ti, kte\u0159\u00ed odm\u00edtaj\u00ed, jsou omezeni v osobn\u00ed pr\u00e1ci s jin\u00fdmi lidmi.<\/span><\/p>\n<p><strong><span>Spojen\u00e9 st\u00e1ty<\/span><\/strong><\/p>\n<p><span>M\u011bsto San Francisco ozn\u00e1milo, \u017ee v\u0161ichni zam\u011bstnanci m\u011bsta mus\u00ed b\u00fdt o\u010dkov\u00e1ni, jinak hroz\u00ed pokuta nebo v\u00fdpov\u011b\u010f.<\/span><\/p>\n<p><span>Nov\u00e9 pravidlo vstoup\u00ed v platnost a\u017e pot\u00e9, co budou vakc\u00edny pln\u011b schv\u00e1leny americk\u00fdm \u00da\u0159adem pro kontrolu potravin a l\u00e9\u010div (U.S.)<\/span><\/p>\n<p><span>V\u00edce ne\u017e 150 zam\u011bstnanc\u016f Houstonsk\u00e9 metodistick\u00e9 nemocnice v Texasu bylo propu\u0161t\u011bno nebo rezignovalo pot\u00e9, co nebylo o\u010dkov\u00e1no.<\/span><\/p>\n<p><strong><span>Francie<\/span><\/strong><\/p>\n<p><span>Francouzsk\u00fd ministr zdravotnictv\u00ed Olivier Veran uvedl, \u017ee povinn\u00e9 o\u010dkov\u00e1n\u00ed je\u0161t\u011b nen\u00ed pro ka\u017ed\u00e9ho nutn\u00e9.\u00a0Vl\u00e1da v\u0161ak pracuje na n\u00e1vrhu z\u00e1kona, kter\u00fd m\u00e1 zdravotnick\u00e9 pracovn\u00edky p\u0159inutit k o\u010dkov\u00e1n\u00ed.<\/span><\/p>\n<p><strong><span>Saudsk\u00e1\u00a0<\/span><\/strong><b>Ar\u00e1bie<\/b><\/p>\n<p><span>A\u010dkoli na mnoha m\u00edstech neexistuje \u017e\u00e1dn\u00e9 povinn\u00e9 o\u010dkov\u00e1n\u00ed, omezen\u00ed t\u00fdkaj\u00edc\u00ed se neo\u010dkovan\u00fdch znamenaj\u00ed, \u017ee de facto existuje povinnost.<\/span><\/p>\n<p><span>Rij\u00e1d rozhodl, \u017ee ka\u017ed\u00fd, kdo pou\u017e\u00edv\u00e1 ve\u0159ejnou dopravu nebo vstoup\u00ed do vl\u00e1dn\u00edho nebo soukrom\u00e9ho za\u0159\u00edzen\u00ed nebo sportovn\u00edho za\u0159\u00edzen\u00ed, mus\u00ed b\u00fdt o\u010dkov\u00e1n do 1. srpna.<\/span><\/p>\n<p><span>Na sv\u00e1 pracovi\u0161t\u011b mohou vstoupit pouze o\u010dkovan\u00ed zam\u011bstnanci ve\u0159ejn\u00e9ho a soukrom\u00e9ho sektoru.<\/span><\/p>\n<p><strong><span>P\u00e1kist\u00e1n<\/span><\/strong><\/p>\n<p><span>P\u00e1kist\u00e1nsk\u00e1 provincie Bal\u00fa\u010dist\u00e1n ji\u017e 1. \u010dervence zak\u00e1zala o\u010dkovan\u00fdm osob\u00e1m vstup do vl\u00e1dn\u00edch \u00fa\u0159ad\u016f, ve\u0159ejn\u00fdch park\u016f, n\u00e1kupn\u00edch center a ve\u0159ejn\u00e9 dopravy.<\/span><\/p>\n<p><span>Provincie Sindh tvrd\u00ed, \u017ee od \u010dervence odm\u00edtne platit vl\u00e1dn\u00edm zam\u011bstnanc\u016fm, kte\u0159\u00ed nebyli o\u010dkov\u00e1ni a sousedn\u00ed Pa\u0148d\u017e\u00e1b prohl\u00e1sil, \u017ee zablokuje mobiln\u00ed telefony lidem, kte\u0159\u00ed o\u010dkov\u00e1n\u00ed odm\u00edtnou.<\/span><\/p>\n<p><img decoding=\"async\" loading=\"lazy\" class=\"alignnone size-full wp-image-1185\" src=\"http:\/\/www.infokuryr.cz\/n\/wp-content\/uploads\/2021\/04\/kuryr-podpis.png\" alt=\"\" width=\"84\" height=\"24\" \/><\/p>\n<p>&nbsp;<\/p>\n","protected":false},"excerpt":{"rendered":"<p>Rostouc\u00ed po\u010det zem\u00ed a oblast\u00ed po cel\u00e9m sv\u011bt\u011b nut\u00ed lidi, \u010dasto v ur\u010dit\u00fdch oblastech, k&#8230;<\/p>\n","protected":false},"author":2,"featured_media":575,"comment_status":"closed","ping_status":"closed","sticky":false,"template":"","format":"standard","meta":[],"categories":[7],"tags":[23,213,48,651],"_links":{"self":[{"href":"https:\/\/www.infokuryr.cz\/n\/wp-json\/wp\/v2\/posts\/3164"}],"collection":[{"href":"https:\/\/www.infokuryr.cz\/n\/wp-json\/wp\/v2\/posts"}],"about":[{"href":"https:\/\/www.infokuryr.cz\/n\/wp-json\/wp\/v2\/types\/post"}],"author":[{"embeddable":true,"href":"https:\/\/www.infokuryr.cz\/n\/wp-json\/wp\/v2\/users\/2"}],"replies":[{"embeddable":true,"href":"https:\/\/www.infokuryr.cz\/n\/wp-json\/wp\/v2\/comments?post=3164"}],"version-history":[{"count":0,"href":"https:\/\/www.infokuryr.cz\/n\/wp-json\/wp\/v2\/posts\/3164\/revisions"}],"wp:featuredmedia":[{"embeddable":true,"href":"https:\/\/www.infokuryr.cz\/n\/wp-json\/wp\/v2\/media\/575"}],"wp:attachment":[{"href":"https:\/\/www.infokuryr.cz\/n\/wp-json\/wp\/v2\/media?parent=3164"}],"wp:term":[{"taxonomy":"category","embeddable":true,"href":"https:\/\/www.infokuryr.cz\/n\/wp-json\/wp\/v2\/categories?post=3164"},{"taxonomy":"post_tag","embeddable":true,"href":"https:\/\/www.infokuryr.cz\/n\/wp-json\/wp\/v2\/tags?post=3164"}],"curies":[{"name":"wp","href":"https:\/\/api.w.org\/{rel}","templated":true}]}}