{"id":3162,"date":"2021-07-08T03:44:25","date_gmt":"2021-07-08T01:44:25","guid":{"rendered":"http:\/\/www.infokuryr.cz\/n\/?p=3162"},"modified":"2021-07-08T03:44:25","modified_gmt":"2021-07-08T01:44:25","slug":"ruska-pravoslavna-cirkve-odmitat-vakcinu-proti-koronaviru-je-hrich","status":"publish","type":"post","link":"https:\/\/www.infokuryr.cz\/n\/2021\/07\/08\/ruska-pravoslavna-cirkve-odmitat-vakcinu-proti-koronaviru-je-hrich\/","title":{"rendered":"Rusk\u00e1 pravoslavn\u00e1 c\u00edrkve, \u201codm\u00edtat vakc\u00ednu proti koronaviru je h\u0159\u00edch\u201d"},"content":{"rendered":"<div id=\"fb-root\"><\/div>\n<p><strong>Podle mluv\u010d\u00edho rusk\u00e9 pravoslavn\u00e9 c\u00edrkve pro vn\u011bj\u0161\u00ed vztahy metropolity<a href=\"https:\/\/www.youtube.com\/user\/Russia24TV\">\u00a0Hilariona je odm\u00edt\u00e1n\u00ed<\/a>\u00a0vakc\u00edny proti koronaviru h\u0159\u00edch, za kter\u00fd budou muset pykat cel\u00fd \u017eivo<\/strong>t. Rusk\u00e1 pravoslavn\u00e1 c\u00edrkev tak podpo\u0159ila moskevsk\u00e9ho starostu, kter\u00fd navzdory ofici\u00e1ln\u011b deklarovan\u00e9 dobrovolnosti o\u010dkov\u00e1n\u00ed na celon\u00e1rodn\u00ed \u00farovni,\u00a0<strong>na\u0159\u00eddil povinn\u00e9 o\u010dkov\u00e1n\u00ed pro v\u0161echny st\u00e1tn\u00ed\/m\u011bstsk\u00e9 zam\u011bstnance. Prezident Putin nad\u00e1le zast\u00e1v\u00e1 sv\u00e9 p\u016fvodn\u00ed stanovisko, \u017ee o\u010dkov\u00e1n\u00ed m\u00e1 b\u00fdt dobrovoln\u00e9,<\/strong>\u00a0a\u010dkoliv jeho mluv\u010d\u00ed Peskov se rovn\u011b\u017e vyslovil pro povinn\u00e9 o\u010dkov\u00e1n\u00ed. Rusko o\u010dkuje pouze vlastn\u00ed vakc\u00ednou, kter\u00e1 je vyvinuta na dlouhodob\u011b pou\u017e\u00edvan\u00e9m principu.<\/p>\n<p>Rusk\u00e1 pravoslavn\u00e1 c\u00edrkev se tak ofici\u00e1ln\u011b p\u0159idala k podpo\u0159e globalistick\u00e9 o\u010dkovac\u00ed agendy.<\/p>\n<p>V \u010cR<strong>\u00a0je zat\u00edm ofici\u00e1ln\u011b o\u010dkov\u00e1n\u00ed \u201cdobrovoln\u011b povinn\u00e9\u201d asi jako \u00fa\u010dast na prvn\u00edho kv\u011btna za socialismu. Tlak na povinn\u00e9 o\u010dkov\u00e1n\u00ed roste a nav\u00edc v \u010cR se pou\u017e\u00edvaj\u00ed p\u0159edev\u0161\u00edm experiment\u00e1ln\u00ed vakc\u00edny Pfizer a Moderna.<\/strong><\/p>\n<p><a href=\"https:\/\/ceskavec.com\/2021\/07\/ruska-pravoslavna-cirkve-odmitat-vakcinu-proti-koronaviru-je-hrich\">Ivan z Kaza\u0148e<\/a><\/p>\n<p>&nbsp;<\/p>\n","protected":false},"excerpt":{"rendered":"<p>Podle mluv\u010d\u00edho rusk\u00e9 pravoslavn\u00e9 c\u00edrkve pro vn\u011bj\u0161\u00ed vztahy metropolity\u00a0Hilariona je odm\u00edt\u00e1n\u00ed\u00a0vakc\u00edny proti koronaviru h\u0159\u00edch, za&#8230;<\/p>\n","protected":false},"author":2,"featured_media":3163,"comment_status":"closed","ping_status":"closed","sticky":false,"template":"","format":"standard","meta":[],"categories":[7],"tags":[279,219,213,250,22,46],"_links":{"self":[{"href":"https:\/\/www.infokuryr.cz\/n\/wp-json\/wp\/v2\/posts\/3162"}],"collection":[{"href":"https:\/\/www.infokuryr.cz\/n\/wp-json\/wp\/v2\/posts"}],"about":[{"href":"https:\/\/www.infokuryr.cz\/n\/wp-json\/wp\/v2\/types\/post"}],"author":[{"embeddable":true,"href":"https:\/\/www.infokuryr.cz\/n\/wp-json\/wp\/v2\/users\/2"}],"replies":[{"embeddable":true,"href":"https:\/\/www.infokuryr.cz\/n\/wp-json\/wp\/v2\/comments?post=3162"}],"version-history":[{"count":0,"href":"https:\/\/www.infokuryr.cz\/n\/wp-json\/wp\/v2\/posts\/3162\/revisions"}],"wp:featuredmedia":[{"embeddable":true,"href":"https:\/\/www.infokuryr.cz\/n\/wp-json\/wp\/v2\/media\/3163"}],"wp:attachment":[{"href":"https:\/\/www.infokuryr.cz\/n\/wp-json\/wp\/v2\/media?parent=3162"}],"wp:term":[{"taxonomy":"category","embeddable":true,"href":"https:\/\/www.infokuryr.cz\/n\/wp-json\/wp\/v2\/categories?post=3162"},{"taxonomy":"post_tag","embeddable":true,"href":"https:\/\/www.infokuryr.cz\/n\/wp-json\/wp\/v2\/tags?post=3162"}],"curies":[{"name":"wp","href":"https:\/\/api.w.org\/{rel}","templated":true}]}}