{"id":3160,"date":"2021-07-08T03:41:27","date_gmt":"2021-07-08T01:41:27","guid":{"rendered":"http:\/\/www.infokuryr.cz\/n\/?p=3160"},"modified":"2021-07-08T03:41:27","modified_gmt":"2021-07-08T01:41:27","slug":"slovensky-ustavni-soud-odeprel-slovenskemu-lidu-narok-na-referendum-o-zkraceni-volebniho-obdobi-narodni-rady","status":"publish","type":"post","link":"https:\/\/www.infokuryr.cz\/n\/2021\/07\/08\/slovensky-ustavni-soud-odeprel-slovenskemu-lidu-narok-na-referendum-o-zkraceni-volebniho-obdobi-narodni-rady\/","title":{"rendered":"Slovensk\u00fd \u00dastavn\u00ed soud odep\u0159el slovensk\u00e9mu lidu n\u00e1rok na referendum o zkr\u00e1cen\u00ed volebn\u00edho obdob\u00ed N\u00e1rodn\u00ed rady"},"content":{"rendered":"<div id=\"fb-root\"><\/div>\n<h4>Slovensk\u00fd \u00dastavn\u00ed soud odep\u0159el slovensk\u00e9mu lidu n\u00e1rok na referendum o zkr\u00e1cen\u00ed volebn\u00edho obdob\u00ed N\u00e1rodn\u00ed rady, \u010d\u00edm\u017e pop\u0159el status, \u017ee ve\u0161ker\u00e1 moc ve Slovensk\u00e9 republice poch\u00e1z\u00ed z v\u016fle lidu! Od t\u00e9to chv\u00edle ve\u0161ker\u00e1 moc poch\u00e1z\u00ed jen z ciziny a Slov\u00e1ci nemaj\u00ed \u00fastavn\u00ed mo\u017enost N\u00e1rodn\u00ed radu odvolat v referendu, i kdyby rada cel\u00e9 4 roky prov\u00e1d\u011bla sebehor\u0161\u00ed kroky proti lidu! Pr\u00e1vn\u00edk rozebral kl\u00ed\u010dov\u00fd spor parlamentn\u00ed a p\u0159\u00edm\u00e9 demokracie, kdo vlastn\u011b v demokratick\u00e9m st\u00e1t\u011b dr\u017e\u00ed ve\u0161kerou moc? Ve\u0161ker\u00e9 iluze o zastupitelsk\u00e9 demokracii dne\u0161n\u00edm dnem definitivn\u011b padly!<\/h4>\n<p>Globalist\u00e9 dnes za\u017eili na Slovensku mimo\u0159\u00e1dn\u00fd triumf. Slovensk\u00fd \u00dastavn\u00ed soud na podn\u011bt slovensk\u00e9 prezidentky Zuzany \u010caputov\u00e9 rozhodl\u00a0<strong>[<a href=\"https:\/\/href.li\/?https:\/\/www.hlavnespravy.sk\/predmet-referenda-o-predcasnych-volbach-do-nr-sr-nie-je-v-sulade-s-ustavou\/2599636\" target=\"_blank\" rel=\"nofollow noopener\">1<\/a>]<\/strong>, \u017ee na Slovensku se nebude konat referendum, jeho\u017e c\u00edlem m\u011blo b\u00fdt zkr\u00e1cen\u00ed volebn\u00edho mand\u00e1tu N\u00e1rodn\u00ed rady a n\u00e1sledn\u00e9 kon\u00e1n\u00ed nov\u00fdch parlamentn\u00edch voleb do 180 dn\u016f od rozpu\u0161t\u011bn\u00ed \u00fastavod\u00e1rn\u00e9ho sboru.\u00a0<strong>\u00dastavn\u00ed soud Slovenska zd\u016fvodnil sv\u00e9 rozhodnut\u00ed t\u00edm, \u017ee referendum by ohrozilo d\u011blbu moci na Slovensku, co\u017e je ale velmi nebezpe\u010dn\u00e9 a hodn\u011b sv\u00e9r\u00e1zn\u00e9 tvrzen\u00ed, kter\u00e9 jsme dali k rozkladu na\u0161emu kolegovi, pr\u00e1vn\u00edkovi.<\/strong><\/p>\n<p>\u00dastavn\u00ed soud toti\u017e vyj\u00e1d\u0159il obavy, \u017ee kdyby referendum pro\u0161lo, potom by poslanci N\u00e1rodn\u00ed rady byli de facto zav\u00e1z\u00e1ni, aby hlasovali o sv\u00e9m vlastn\u00edm rozpu\u0161t\u011bn\u00ed, a to i t\u0159eba proti sv\u00e9 vlastn\u00ed v\u016fli. A to je samoz\u0159ejm\u011b vylou\u010den\u00e9, proto\u017ee \u00dastava stanovuje v\u00fdkon mand\u00e1tu poslance N\u00e1rodn\u00ed rady na cel\u00e9 4 roky, a toto funk\u010dn\u00ed obdob\u00ed lze zkr\u00e1tit jedin\u011b tak, \u017ee N\u00e1rodn\u00ed rada na sv\u016fj podn\u011bt sama sob\u011b zkr\u00e1t\u00ed volebn\u00ed obdob\u00ed jednor\u00e1zov\u00fdm \u00fastavn\u00edm z\u00e1konem o zkr\u00e1cen\u00ed mand\u00e1tu.<\/p>\n<figure id=\"attachment_47421\" class=\"wp-caption aligncenter\" style=\"width: 606px;\"><a href=\"https:\/\/aeronet.cz\/news\/wp-content\/uploads\/ZuzanaCaputovaHairComb.jpg\"><img decoding=\"async\" loading=\"lazy\" class=\"wp-image-47421 \" src=\"https:\/\/aeronet.cz\/news\/wp-content\/uploads\/ZuzanaCaputovaHairComb-1024x576.jpg\" sizes=\"(max-width: 700px) 100vw, 700px\" srcset=\"https:\/\/aeronet.cz\/news\/wp-content\/uploads\/ZuzanaCaputovaHairComb-1024x576.jpg 1024w, https:\/\/aeronet.cz\/news\/wp-content\/uploads\/ZuzanaCaputovaHairComb-300x169.jpg 300w, https:\/\/aeronet.cz\/news\/wp-content\/uploads\/ZuzanaCaputovaHairComb-768x432.jpg 768w, https:\/\/aeronet.cz\/news\/wp-content\/uploads\/ZuzanaCaputovaHairComb-700x394.jpg 700w, https:\/\/aeronet.cz\/news\/wp-content\/uploads\/ZuzanaCaputovaHairComb-635x357.jpg 635w, https:\/\/aeronet.cz\/news\/wp-content\/uploads\/ZuzanaCaputovaHairComb-859x483.jpg 859w, https:\/\/aeronet.cz\/news\/wp-content\/uploads\/ZuzanaCaputovaHairComb.jpg 1280w\" alt=\"\" width=\"606\" height=\"341\" \/><\/a><figcaption class=\"wp-caption-text\">Prezidentka SR Zuzana \u010caputov\u00e1<\/figcaption><\/figure>\n<p>\u00dastavn\u00ed soud do\u0161el k n\u00e1zoru, \u017ee pokud toto obdob\u00ed by zkr\u00e1tili ob\u010dan\u00e9 z ulice, bylo by to v rozporu s \u00dastavou a s principem \u201czastupitelsk\u00e9\u201d demokracie. Na Slovensku toti\u017e neexistuje \u0161v\u00fdcarsk\u00fd model p\u0159\u00edm\u00e9 demokracie, tak\u017ee lid pouze deleguje ve\u0161kerou moc na sv\u00e9 zastupitele volen\u00e9 do N\u00e1rodn\u00ed rady.\u00a0<strong>Ot\u00e1zkou te\u010f je, co se ale stane ve chv\u00edli, kdy zvolen\u00ed zastupitel\u00e9 za\u010dnou p\u0159ij\u00edmat z\u00e1kony proti sv\u00e9mu lidu a za\u010dnou vlastn\u00ed lid terorizovat p\u0159ij\u00edman\u00fdmi z\u00e1kony, vyhl\u00e1\u0161kami, novelami, na\u0159\u00edzen\u00edmi atd.?<\/strong>\u00a0Ot\u00e1zka tedy byla postavena tak, jestli ob\u010dan\u00e9 mohou sv\u00e9 delegovan\u00e9 zastupitele zkr\u00e1tit na mand\u00e1tu a navolit v nov\u00fdch p\u0159ed\u010dasn\u00fdch volb\u00e1ch nov\u00e9 zastupitele. A dnes \u00dastavn\u00ed soud \u0159ekl, \u017ee nem\u016f\u017eou! Fat\u00e1ln\u00ed d\u016fsledky tohoto rozhodnut\u00ed zhodnocuje n\u00e1\u0161 kolega pr\u00e1vn\u00edk.<\/p>\n<h6><span style=\"font-size: 14pt;\">Slov\u00e1ci nebudou m\u00edt referendum o p\u0159ed\u010dasn\u00fdch volb\u00e1ch, \u00dastavn\u00ed soud jim odep\u0159el pr\u00e1vo na referendum o zkr\u00e1cen\u00ed volebn\u00edho mand\u00e1tu poslanc\u016f<\/span><\/h6>\n<p>Na Slovensku se a\u017e dosud tvrdilo, podobn\u011b jako ve v\u011bt\u0161in\u011b tzv. demokratick\u00fdch zem\u00ed z\u00e1padn\u00edho sv\u011bta, \u017ee ve\u0161ker\u00e1 moc v demokratick\u00e9m st\u00e1t\u011b vych\u00e1z\u00ed z v\u016fle lidu. Probl\u00e9m je v tom, kde je ta hranice v\u016fle lidu, kdy jej\u00ed moc kon\u010d\u00ed a ve\u0161ker\u00e1 moc potom u\u017e jde \u00fapln\u011b mimo lid a jeho v\u016fli. Dnes 7. 7. jsme to zjistili, \u017ee ta hranice je ve chv\u00edli, kdy se lid z ulice opov\u00e1\u017e\u00ed odvolat delegovan\u00e9 zastupitele pomoc\u00ed referenda v p\u0159\u00edpad\u011b, kdy velk\u00e1 \u010d\u00e1st spole\u010dnosti nen\u00ed s prac\u00ed zastupitel\u016f spokojen\u00e1.<\/p>\n<p>A to do takov\u00e9 m\u00edry, \u017ee lid nem\u016f\u017ee a nechce \u010dekat dal\u0161\u00edch n\u011bkolik rok\u016f na dokon\u010den\u00ed mand\u00e1tu zvolen\u00fdch zastupitel\u016f.\u00a0<strong>A pr\u00e1v\u011b \u00dastavn\u00ed soud na Slovensku dnes vzk\u00e1zal ob\u010dan\u016fm, \u017ee kdy\u017e si n\u011bkoho zvol\u00ed, mus\u00ed dr\u017eet hubu a krok po cel\u00e9 volebn\u00ed obdob\u00ed.<\/strong>\u00a0Jedinou v\u00fdjimkou je situace, \u017ee by se sami poslanci rozhodli, \u017ee si zkr\u00e1t\u00ed volebn\u00ed mand\u00e1t a u\u010din\u00ed tak p\u0159ijet\u00edm \u00fastavn\u00edho z\u00e1kona. Toto rozhodnut\u00ed \u00dastavn\u00edho soudu ale znamen\u00e1 velmi nebezpe\u010dn\u00fd precedens.<\/p>\n<figure id=\"attachment_47422\" class=\"wp-caption aligncenter\" style=\"width: 542px;\"><a href=\"https:\/\/aeronet.cz\/news\/wp-content\/uploads\/UstavnySoud.jpg\"><img decoding=\"async\" loading=\"lazy\" class=\"wp-image-47422 \" src=\"https:\/\/aeronet.cz\/news\/wp-content\/uploads\/UstavnySoud-1024x666.jpg\" sizes=\"(max-width: 700px) 100vw, 700px\" srcset=\"https:\/\/aeronet.cz\/news\/wp-content\/uploads\/UstavnySoud-1024x666.jpg 1024w, https:\/\/aeronet.cz\/news\/wp-content\/uploads\/UstavnySoud-300x195.jpg 300w, https:\/\/aeronet.cz\/news\/wp-content\/uploads\/UstavnySoud-768x500.jpg 768w, https:\/\/aeronet.cz\/news\/wp-content\/uploads\/UstavnySoud-700x456.jpg 700w, https:\/\/aeronet.cz\/news\/wp-content\/uploads\/UstavnySoud-100x65.jpg 100w, https:\/\/aeronet.cz\/news\/wp-content\/uploads\/UstavnySoud-549x357.jpg 549w, https:\/\/aeronet.cz\/news\/wp-content\/uploads\/UstavnySoud-742x483.jpg 742w, https:\/\/aeronet.cz\/news\/wp-content\/uploads\/UstavnySoud-745x483.jpg 745w, https:\/\/aeronet.cz\/news\/wp-content\/uploads\/UstavnySoud.jpg 1280w\" alt=\"\" width=\"542\" height=\"353\" \/><\/a><figcaption class=\"wp-caption-text\">\u0160t\u00edt slovensk\u00e9ho \u00dastavn\u00edho soudu v Ko\u0161ic\u00edch<\/figcaption><\/figure>\n<p>\u00dastavn\u00ed soud toti\u017e nezak\u00e1zal rozpu\u0161t\u011bn\u00ed N\u00e1rodn\u00ed rady, ale zak\u00e1zal samotn\u00e9 referendum, kter\u00e9 o p\u0159\u00edpadn\u00e9m zkr\u00e1cen\u00ed funk\u010dn\u00edho obdob\u00ed N\u00e1rodn\u00ed rady m\u011blo rozhodovat. Opozi\u010dn\u00ed strany nasb\u00edraly pro referendum bezm\u00e1la 600 000 podpis\u016f, ale\u00a0<strong>prezidentka Zuzana \u010caputov\u00e1 nam\u00edsto vyps\u00e1n\u00ed referenda se obr\u00e1tila na \u00dastavn\u00ed soud s dotazem, jestli je v souladu s \u00dastavou, \u017ee by ob\u010dan\u00e9 hlasovali o zkr\u00e1cen\u00ed volebn\u00edho obdob\u00ed N\u00e1rodn\u00ed rady.<\/strong>\u00a0Ono by se toti\u017e nakr\u00e1sn\u011b mohlo p\u0159\u00ed\u0161t\u011b st\u00e1t, \u017ee lid\u00e9 vyvolaj\u00ed referendum o zkr\u00e1cen\u00ed volebn\u00edho obdob\u00ed prezidentky.<\/p>\n<p>Ano, p\u0159esn\u011b tak. Nemyslete si, \u017ee Zuzana \u010caputov\u00e1 je naivn\u00ed, m\u00e1 okolo sebe velmi schopn\u00e9 poradce se zku\u0161enostmi z tzv. barevn\u00fdch revoluc\u00ed v Evrop\u011b, k\u00e1drov\u00e9 vyprofilov\u00e1n\u00ed r\u016fzn\u00fdch podivn\u00fdch lid\u00ed z jej\u00edho hnut\u00ed Progres\u00edvne Slovensko sm\u011b\u0159uje velice t\u011bsn\u011b k lidem okolo Open Society George Sorose. Pokud by prezidentka vyhl\u00e1sila referendum k ot\u00e1zce rozpu\u0161t\u011bn\u00ed N\u00e1rodn\u00ed rady, vyrobila by t\u00edm precedens k podobn\u00e9mu referendu o zkr\u00e1cen\u00ed sv\u00e9ho volebn\u00edho mand\u00e1tu prezidentky.<\/p>\n<h6><span style=\"font-size: 14pt;\">Zastupitelsk\u00e1 demokracie o\u010dima \u00dastavn\u00edho soudu byla pr\u00e1v\u011b zredukov\u00e1na na ceremoni\u00e1ln\u00ed \u00falohu u volebn\u00edch uren a potom honem rychle ruce pry\u010d od moci, ob\u010dan\u00e9!<\/span><\/h6>\n<p>\u00dastavn\u00ed soud se na celou v\u011bc pod\u00edval z pohledu zastupitelsk\u00e9 demokracie, co by se stalo, kdyby ob\u010dan\u00e9 z ulice mohli zkracovat mand\u00e1ty sv\u00fdm zastupitel\u016fm, a to nejen \u010dlen\u016fm N\u00e1rodn\u00ed rady, ale komukoliv, kdo vykon\u00e1v\u00e1 zastupitelskou funkci. Slovensk\u00e1 ulice by tak z\u00edskala obrovskou moc a politick\u00fd re\u017eim by se p\u0159eklopil ze zastupitelsk\u00e9 demokracie do p\u0159\u00edm\u00e9 demokracie, kdy lid\u00e9 v referendech ovliv\u0148uj\u00ed zastupitelsk\u00e9 org\u00e1ny.<\/p>\n<p>P\u0159esto\u017ee referendum na Slovensku nem\u00e1 z\u00e1vaznost pro politiky, na rozd\u00edl od \u0160v\u00fdcarska, tak i p\u0159esto \u00dastavn\u00ed soud toto zak\u00e1zal a\u00a0<strong>Slov\u00e1ci tak nemohou na prezidentce vynutit vyps\u00e1n\u00ed referenda, proto\u017ee ta m\u00e1 nyn\u00ed od \u00dastavn\u00edho soudu pap\u00edr, \u017ee polo\u017een\u00e1 ot\u00e1zka referenda je v rozporu s \u00fastavn\u00edm po\u0159\u00e1dkem.<\/strong>\u00a0Slov\u00e1ci tak zjistili, \u017ee ve\u0161ker\u00e1 moc nepoch\u00e1z\u00ed z lidu, proto\u017ee tato moc je od dne\u0161n\u00edho dne delegov\u00e1na na zastupitele, kter\u00e9 nelze odvolat a nelze jim z titulu referenda a lidu zkr\u00e1tit mand\u00e1t.<\/p>\n<figure id=\"attachment_47424\" class=\"wp-caption aligncenter\" style=\"width: 558px;\"><a href=\"https:\/\/aeronet.cz\/news\/wp-content\/uploads\/UstavaSK.jpg\"><img decoding=\"async\" loading=\"lazy\" class=\"wp-image-47424 \" src=\"https:\/\/aeronet.cz\/news\/wp-content\/uploads\/UstavaSK-1024x683.jpg\" sizes=\"(max-width: 700px) 100vw, 700px\" srcset=\"https:\/\/aeronet.cz\/news\/wp-content\/uploads\/UstavaSK-1024x683.jpg 1024w, https:\/\/aeronet.cz\/news\/wp-content\/uploads\/UstavaSK-300x200.jpg 300w, https:\/\/aeronet.cz\/news\/wp-content\/uploads\/UstavaSK-768x512.jpg 768w, https:\/\/aeronet.cz\/news\/wp-content\/uploads\/UstavaSK-700x467.jpg 700w, https:\/\/aeronet.cz\/news\/wp-content\/uploads\/UstavaSK-535x357.jpg 535w, https:\/\/aeronet.cz\/news\/wp-content\/uploads\/UstavaSK-724x483.jpg 724w, https:\/\/aeronet.cz\/news\/wp-content\/uploads\/UstavaSK.jpg 1600w\" alt=\"\" width=\"558\" height=\"372\" \/><\/a><figcaption class=\"wp-caption-text\">Slovensk\u00e1 \u00dastava<\/figcaption><\/figure>\n<p>Kdo tedy dr\u017e\u00ed ve\u0161kerou moc na Slovensku? Tato ot\u00e1zka se p\u0159\u00edmo nab\u00edz\u00ed, zn\u00ed logicky, ale je polo\u017eena \u00fapln\u011b \u0161patn\u011b. Ve\u0161kerou moc dr\u017e\u00ed ten, kdo rozhoduje a povoluje o pou\u017eit\u00ed moci k v\u00fdkonu v\u016fle lidu. A proto\u017ee od dne\u0161n\u00edho dne je jasn\u00e9, \u017ee lid to nen\u00ed, tak ve\u0161kerou moc dr\u017e\u00ed v t\u00e9to chv\u00edli \u00dastavn\u00ed soud, prezidentka a N\u00e1rodn\u00ed rada.\u00a0<strong>Prezidentka m\u011bla pr\u00e1vo uplatnit moc lidu a vypsat pro lid referendum, ale zablokovala to. \u00dastavn\u00ed soud m\u011bl mo\u017enost posv\u011btit moc lidu a povolit referendum, ale zablokoval to.<\/strong><\/p>\n<p>A N\u00e1rodn\u00ed rada m\u00e1 mo\u017enost vyhov\u011bt v\u016fli lidu a p\u0159ijmout \u00fastavn\u00ed z\u00e1kon, kter\u00fd by lidu umo\u017enil po\u0159\u00e1dat referenda o zastupitelsk\u00fdch org\u00e1nech, ale dosud takov\u00fd z\u00e1kon nebyl schv\u00e1len. Tak\u017ee, ve\u0161ker\u00e1 moc lidu je de facto omezena jenom jednou za 4 roky na hlasov\u00e1n\u00ed, kdy\u017e se vol\u00ed parlament, anebo jednou za 5 let, kdy\u017e se vol\u00ed prezident. Moc lidu je omezena na jednor\u00e1zov\u00e9 akty jednou za n\u011bkolik let, ale n\u00e1sledn\u011b ve\u0161ker\u00e1 moc lidu je tomuto lidu pln\u011b a beze zbytku od\u0148ata a odebr\u00e1na.<\/p>\n<h6><span style=\"font-size: 14pt;\">Zastupitelsk\u00e1 demokracie u\u017e v roce 2021 nezastupuje lid, ale globalistick\u00e9 a nadn\u00e1rodn\u00ed z\u00e1jmy ur\u010dovan\u00e9 z ciziny<\/span><\/h6>\n<p>Rozhodnut\u00ed soudu bude v\u0161ak m\u00edt do budoucna na Slovensku velmi nebezpe\u010dn\u00fd rozm\u011br a sign\u00e1l. Koali\u010dn\u00ed strany a vl\u00e1da, kter\u00e1 v N\u00e1rodn\u00ed rad\u011b disponuje v\u011bt\u0161inou, bude m\u00edt od t\u00e9to chv\u00edle garanci, \u017ee m\u016f\u017ee prov\u00e1d\u011bt jakkoliv brut\u00e1ln\u00ed a protilidov\u00e9 kroky, jakkoliv jednat v rozporu s v\u016fl\u00ed a z\u00e1jmy lidu, proto\u017ee lid po dobu 4 let volebn\u00edho mand\u00e1tu N\u00e1rodn\u00ed rady nebude m\u00edt mo\u017enost zastupitelsk\u00e9 t\u011bleso odvolat, rozpustit a vymoci si nov\u00e9 volby a delegovat do mocensk\u00fdch sbor\u016f nov\u00e9 zastupitele.<\/p>\n<p>Kdy\u017e to p\u0159e\u017eeneme do d\u016fsledku, tak\u00a0<strong>pokud by slovensk\u00e1 vl\u00e1dn\u00ed koalice hypoteticky uz\u00e1konila na Slovensku koncentra\u010dn\u00ed t\u00e1bory pro odm\u00edta\u010de vakc\u00edn, pokud by je zbavila podstatn\u00e9 v\u011bt\u0161iny ob\u010dansk\u00fdch pr\u00e1v, tak podle tohoto ustanoven\u00ed \u00dastavn\u00edho soudu ani v takov\u00e9m p\u0159\u00edpad\u011b nemaj\u00ed ob\u010dan\u00e9 pr\u00e1vo na referendum o p\u0159ed\u010dasn\u00fdch volb\u00e1ch.<\/strong>\u00a0Syst\u00e9m zastupitelsk\u00e9 demokracie v roce 2021 m\u00e1 toti\u017e zna\u010dn\u00e9 chyby.<\/p>\n<figure id=\"attachment_31393\" class=\"wp-caption aligncenter\" style=\"width: 715px;\"><a href=\"https:\/\/aeronet.cz\/news\/wp-content\/uploads\/4860867-img-demonstrace-slovensko-kuciak-fico-bratislava-vysetrovani-vrazda-v0.jpg\"><img decoding=\"async\" loading=\"lazy\" class=\"wp-image-31393 \" src=\"https:\/\/aeronet.cz\/news\/wp-content\/uploads\/4860867-img-demonstrace-slovensko-kuciak-fico-bratislava-vysetrovani-vrazda-v0.jpg\" sizes=\"(max-width: 999px) 100vw, 999px\" srcset=\"https:\/\/aeronet.cz\/news\/wp-content\/uploads\/4860867-img-demonstrace-slovensko-kuciak-fico-bratislava-vysetrovani-vrazda-v0.jpg 999w, https:\/\/aeronet.cz\/news\/wp-content\/uploads\/4860867-img-demonstrace-slovensko-kuciak-fico-bratislava-vysetrovani-vrazda-v0-300x199.jpg 300w, https:\/\/aeronet.cz\/news\/wp-content\/uploads\/4860867-img-demonstrace-slovensko-kuciak-fico-bratislava-vysetrovani-vrazda-v0-768x510.jpg 768w, https:\/\/aeronet.cz\/news\/wp-content\/uploads\/4860867-img-demonstrace-slovensko-kuciak-fico-bratislava-vysetrovani-vrazda-v0-700x465.jpg 700w, https:\/\/aeronet.cz\/news\/wp-content\/uploads\/4860867-img-demonstrace-slovensko-kuciak-fico-bratislava-vysetrovani-vrazda-v0-100x65.jpg 100w, https:\/\/aeronet.cz\/news\/wp-content\/uploads\/4860867-img-demonstrace-slovensko-kuciak-fico-bratislava-vysetrovani-vrazda-v0-537x357.jpg 537w, https:\/\/aeronet.cz\/news\/wp-content\/uploads\/4860867-img-demonstrace-slovensko-kuciak-fico-bratislava-vysetrovani-vrazda-v0-727x483.jpg 727w\" alt=\"\" width=\"715\" height=\"475\" \/><\/a><figcaption class=\"wp-caption-text\">Organizovan\u00fd uli\u010dn\u00ed p\u0159evrat na Slovensku v roce 2018 po vra\u017ed\u011b novin\u00e1\u0159e J\u00e1na Kuciaka<\/figcaption><\/figure>\n<p>Jednou z hlavn\u00edch chyb je, \u017ee mnoho voli\u010d\u016f zji\u0161\u0165uje, \u017ee zvolen\u00ed zastupitel\u00e9 po sv\u00e9m zvolen\u00ed nezastupuj\u00ed sv\u016fj elektor\u00e1t, sv\u00e9 voli\u010de, ale zastupuj\u00ed z\u00e1jmy ciz\u00edch organizac\u00ed, zahrani\u010dn\u00ed fond\u016f, z\u00e1jmy americk\u00e9ho ministerstva zahrani\u010dn\u00ed, z\u00e1jmy nadn\u00e1rodn\u00edch neziskov\u00fdch organizac\u00ed, a v neposledn\u00ed \u0159ad\u011b z\u00e1jmy st\u00e1tu Izrael. Zastupitel\u00e9 h\u00e1j\u00ed z\u00e1jmy farmaceutick\u00fdch firem, organizac\u00ed profituj\u00edc\u00edch z pandemie, prost\u011b zastupuj\u00ed z\u00e1jmy kohokoliv jin\u00e9ho, kdo dob\u0159e plat\u00ed, jen ne z\u00e1jmy sv\u00e9ho n\u00e1roda a sv\u00fdch voli\u010d\u016f.<\/p>\n<p><strong>\u00dastavn\u00ed soud na Slovensku tak rozhodl v z\u00e1jmu zachov\u00e1n\u00ed v dne\u0161n\u00ed dob\u011b ji\u017e zkorumpovan\u00e9 zastupitelsk\u00e9 demokracie, kter\u00e1 zastupuje z\u00e1jmy jin\u00fdch organizac\u00ed, struktur a st\u00e1t\u016f, ne\u017e jsou z\u00e1jmy slovensk\u00e9ho lidu.<\/strong>\u00a0Komunist\u00e9 m\u011bli ve Feder\u00e1ln\u00edm shrom\u00e1\u017ed\u011bn\u00ed vyv\u011b\u0161en\u00e9 heslo, \u017ee Ve\u0161ker\u00e1 moc v \u010ceskoslovensk\u00e9 socialistick\u00e9 republice pat\u0159\u00ed do rukou pracuj\u00edc\u00edho lidu. Vzhledem k tomu, \u017ee N\u00e1rodn\u00ed fronta byla ustavena z lidu, se toto heslo alespo\u0148 sna\u017eilo p\u0159ibl\u00ed\u017eit realit\u011b, i kdy\u017e realita to nebyla, ve\u0161kerou moc toti\u017e dr\u017eela strana. V dne\u0161n\u00ed dob\u011b se ale u\u017e ani nehraje na to, \u017ee by lid, bez ohledu na to, je-li pracuj\u00edc\u00ed nebo ne, dr\u017eel n\u011bjakou moc, a u\u017e v\u016fbec ne ve\u0161kerou.<\/p>\n<h6><span style=\"font-size: 14pt;\">V\u0161echny vl\u00e1dy za posledn\u00edch 30 let ml\u010dely na obrovskou infiltraci ze zahrani\u010d\u00ed financovan\u00e9ho neziskov\u00e9ho a medi\u00e1ln\u00edho sektoru na Slovensku\u2026 a te\u010f se politici div\u00ed, jak\u00e9 \u017ee to nese d\u016fsledky<\/span><\/h6>\n<p>V dne\u0161n\u00ed dob\u011b velk\u00e1 \u010d\u00e1st moci byla delegov\u00e1na do Bruselu, mnoho v\u011bc\u00ed spojen\u00fdch s v\u016fli lidu je nyn\u00ed delegov\u00e1no na z\u00e1klad\u011b Lisabonsk\u00e9 smlouvy a p\u0159edchoz\u00ed smlouvy z Nice do rukou nik\u00fdm nevolen\u00e9 Evropsk\u00e9 komise. \u017d\u00e1dn\u00e1 zem\u011b si nem\u016f\u017ee v Evrop\u011b ani svobodn\u011b rozhodovat o sv\u00fdch autech, emis\u00edch, jestli budou auta na benz\u00edn nebo elekt\u0159inu, tyto pravomoci byly delegov\u00e1ny z jednotliv\u00fdch zem\u00ed na Evropskou komisi. To m\u00e1lo, co z\u016fstalo lidu jednotliv\u00fdch n\u00e1rod\u016f k v\u00fdkonu moci, to jsou pr\u00e1v\u011b pouze ta pr\u00e1va ohledn\u011b dom\u00e1c\u00edch ot\u00e1zek, ohledn\u011b voleb, kter\u00e9 se sna\u017e\u00ed tv\u00e1\u0159it jako demokratick\u00e9.<\/p>\n<p><strong>Ale zkuste se zamyslet, kdy naposledy za posledn\u00edch 30 let jste po volb\u00e1ch poc\u00edtili radik\u00e1ln\u00ed a r\u00e1znou zm\u011bnu? Kdy naposledy po zm\u011bn\u011b vl\u00e1dy do\u0161lo ke zm\u011bn\u011b politiky? A co v\u00e1m najednou dojde?<\/strong>\u00a0No p\u0159ece to, \u017ee bez ohledu na zm\u011bnu vl\u00e1d, se za posledn\u00edch 30 let politika nezm\u011bnila. V\u0161echny vl\u00e1dy p\u0159esunovaly v\u00edce a v\u00edce pravomoc\u00ed do Bruselu, v\u0161echny vl\u00e1dy v\u00edce a v\u00edce podporovaly a financovaly neziskovky, kter\u00e9 jako 5. kolona rozvracely republiku.<\/p>\n<figure id=\"attachment_31394\" class=\"wp-caption aligncenter\" style=\"width: 652px;\"><a href=\"https:\/\/aeronet.cz\/news\/wp-content\/uploads\/4698378_bratislava-slovensko-happening-shromazdeni-demonstrace-jan-kuciak-v0.jpg\"><img decoding=\"async\" loading=\"lazy\" class=\"wp-image-31394 \" src=\"https:\/\/aeronet.cz\/news\/wp-content\/uploads\/4698378_bratislava-slovensko-happening-shromazdeni-demonstrace-jan-kuciak-v0-1024x576.jpg\" sizes=\"(max-width: 700px) 100vw, 700px\" srcset=\"https:\/\/aeronet.cz\/news\/wp-content\/uploads\/4698378_bratislava-slovensko-happening-shromazdeni-demonstrace-jan-kuciak-v0-1024x576.jpg 1024w, https:\/\/aeronet.cz\/news\/wp-content\/uploads\/4698378_bratislava-slovensko-happening-shromazdeni-demonstrace-jan-kuciak-v0-300x169.jpg 300w, https:\/\/aeronet.cz\/news\/wp-content\/uploads\/4698378_bratislava-slovensko-happening-shromazdeni-demonstrace-jan-kuciak-v0-768x432.jpg 768w, https:\/\/aeronet.cz\/news\/wp-content\/uploads\/4698378_bratislava-slovensko-happening-shromazdeni-demonstrace-jan-kuciak-v0-700x394.jpg 700w, https:\/\/aeronet.cz\/news\/wp-content\/uploads\/4698378_bratislava-slovensko-happening-shromazdeni-demonstrace-jan-kuciak-v0-634x357.jpg 634w, https:\/\/aeronet.cz\/news\/wp-content\/uploads\/4698378_bratislava-slovensko-happening-shromazdeni-demonstrace-jan-kuciak-v0-858x483.jpg 858w, https:\/\/aeronet.cz\/news\/wp-content\/uploads\/4698378_bratislava-slovensko-happening-shromazdeni-demonstrace-jan-kuciak-v0.jpg 1050w\" alt=\"\" width=\"652\" height=\"367\" \/><\/a><figcaption class=\"wp-caption-text\">Anglojazy\u010dn\u00e9 transparenty ve slovensk\u00fdch ulic\u00edch v roce 2018<\/figcaption><\/figure>\n<p>A kdy\u017e jedna takov\u00e1 neziskovka dostane svoji \u010dlenku dokonce do funkce prezidentky, tak se Slov\u00e1ci potom div\u00ed tomu, \u017ee jim prezidentka odep\u0159e referendum? Kter\u00e1 z minul\u00fdch vl\u00e1d na Slovensku tvrd\u011b zakro\u010dila proti neziskov\u00e9mu organizovan\u00e9mu zlo\u010dinu financovan\u00e9ho a \u0159\u00edzen\u00e9ho z ciziny? \u017d\u00e1dn\u00e1! Tak\u017ee dnes pouze Slovensko skl\u00edz\u00ed plody laxnosti a ne\u010dinnosti, kdy se nechalo infiltrovat z ciziny maskovan\u00fdm neziskov\u00fdm nep\u0159\u00edtelem, kter\u00fd razil politiku na dosazen\u00ed sv\u00fdch marionet do \u010del nejvy\u0161\u0161\u00edch zastupitelsk\u00fdch org\u00e1n\u016f v zemi.<\/p>\n<p><strong>A nep\u0159\u00edtel usp\u011bl. Ovl\u00e1d\u00e1 te\u010f slovenskou vl\u00e1du, post prezidentky a tiskov\u00e1 korpor\u00e1tn\u00ed m\u00e9dia.<\/strong>\u00a0Nen\u00ed divu, \u017ee globalist\u00e9 po uchopen\u00ed moci na Slovensku ud\u011blali ze zem\u011b pokusnou covidovou laborato\u0159 a ze Slov\u00e1k\u016f pokusn\u00e9 laboratorn\u00ed my\u0161i na testov\u00e1n\u00ed \u0161pejl\u00ed, antigen\u016f, vakc\u00edn, omezen\u00ed, lockdown\u016f, restrikc\u00ed, rou\u0161ek, respir\u00e1tor\u016f, omezen\u00ed pohyb\u016f, vych\u00e1zen\u00ed atd. Co ud\u011bl\u00e1 nep\u0159\u00edtel se zem\u00ed, kterou obsad\u00ed? No, zkuste h\u00e1dat. Ano, za\u010dne tu zemi vyu\u017e\u00edvat k v\u011bcem, kter\u00e9 pot\u0159ebuje vyzkou\u0161et. Za\u010dne v zemi testovat jednotliv\u00e9 prvky Total Control.<\/p>\n<h6><span style=\"font-size: 14pt;\">Globalistick\u00fd nep\u0159\u00edtel po politick\u00e9m ovl\u00e1dnut\u00ed zem\u011b za\u010d\u00edn\u00e1 prov\u00e1d\u011bt medic\u00ednsk\u00e9 a soci\u00e1ln\u00ed pokusy na obyvatelstvu stejn\u011b, jako by to d\u011blal v\u00e1le\u010dn\u00fd nep\u0159\u00edtel po zah\u00e1jen\u00ed okupace<\/span><\/h6>\n<p>Nemus\u00edme chodit daleko do historie. Kdy\u017e Hitlerovo N\u011bmecko rozpoutalo v\u00e1lku, kde prov\u00e1d\u011blo sv\u00e9 experimenty a pokusy na vybudov\u00e1n\u00ed \u010dist\u00e9 \u00e1rijsk\u00e9 rasy? No, doma to nebylo. Projekt Lebensborn byl spu\u0161t\u011bn v okupovan\u00e9m Norsku, kde prob\u00edhaly spole\u010densk\u00e9 pokusy a testy se zm\u011bnou spole\u010densk\u00e9ho \u0159\u00edzen\u00ed. Kde se prov\u00e1d\u011bly pokusy a testy s nov\u00fdmi l\u00e9ky a vakc\u00ednami ve 3. \u0158\u00ed\u0161i? Bylo to v okupovan\u00e9m Polsku, v koncentra\u010dn\u00edm t\u00e1bo\u0159e Auschwitz \u2013 Birkenau. N\u011bmeck\u00fd l\u00e9ka\u0159 Dr. Joseph Mengele zkou\u0161el nov\u00e9 vakc\u00edny na v\u011bzn\u00edch v t\u00e1bo\u0159e.\u00a0<strong>Jin\u00fdmi slovy, pokud nep\u0159\u00edtel obsad\u00ed a z\u00edsk\u00e1 kontrolu nad ciz\u00edmi zem\u011bmi, v\u017edycky je pou\u017eije bu\u010f jako zdroje materi\u00e1lu \u010di pracovn\u00ed s\u00edly, anebo v t\u011bch zem\u00edch spust\u00ed pokusy a experimenty na m\u00edstn\u00edch lidech.<\/strong><\/p>\n<figure id=\"attachment_16596\" class=\"wp-caption aligncenter\" style=\"width: 654px;\"><a href=\"https:\/\/aeronet.cz\/news\/wp-content\/uploads\/soros-foundations.jpg\"><img decoding=\"async\" loading=\"lazy\" class=\"wp-image-16596 \" src=\"https:\/\/aeronet.cz\/news\/wp-content\/uploads\/soros-foundations-1024x490.jpg\" sizes=\"(max-width: 700px) 100vw, 700px\" srcset=\"https:\/\/aeronet.cz\/news\/wp-content\/uploads\/soros-foundations-1024x490.jpg 1024w, https:\/\/aeronet.cz\/news\/wp-content\/uploads\/soros-foundations-300x144.jpg 300w, https:\/\/aeronet.cz\/news\/wp-content\/uploads\/soros-foundations-768x368.jpg 768w, https:\/\/aeronet.cz\/news\/wp-content\/uploads\/soros-foundations-700x335.jpg 700w, https:\/\/aeronet.cz\/news\/wp-content\/uploads\/soros-foundations-746x357.jpg 746w, https:\/\/aeronet.cz\/news\/wp-content\/uploads\/soros-foundations-1009x483.jpg 1009w, https:\/\/aeronet.cz\/news\/wp-content\/uploads\/soros-foundations.jpg 1078w\" alt=\"\" width=\"654\" height=\"313\" \/><\/a><figcaption class=\"wp-caption-text\">Skute\u010dn\u00fd dr\u017eitel ve\u0161ker\u00e9 moci v t\u00e9to chv\u00edli na Slovensku. George Soros a jeho organizace.<\/figcaption><\/figure>\n<p>Snad si nemysl\u00edte, \u017ee neoliber\u00e1ln\u00ed progresivismus je dobro\u010dinn\u00fdm projektem George Sorose? Kdy\u017e jeho Antifa zapaluje americk\u00e9 ulice, o dobro\u010dinnosti nem\u016f\u017ee b\u00fdt ani \u0159e\u010di.\u00a0<strong>A kdy\u017e Soros d\u00edky uli\u010dn\u00edmu p\u0159evratu v roce 2018 dostal na Slovensku skrze financovan\u00e9 tiskoviny a neziskov\u00fd sektor k moci nejprve svoji prezidentku a potom i novou vl\u00e1du, nem\u016f\u017eete rovn\u011b\u017e o\u010dek\u00e1vat \u017e\u00e1dnou dobro\u010dinnost<\/strong>. Nam\u00edsto toho vid\u00edte teror, lockdowny, \u0161pejle, z\u00e1kazy vych\u00e1zen\u00ed, zablokovan\u00e9 hranice, zm\u011bny \u00fastavn\u00edch z\u00e1kon\u016f, a kdy\u017e se lid\u00e9 ozvou, prezidentka spolu s \u00dastavn\u00edm soudem je zablokuje.<\/p>\n<p>Tomuto j\u00e1 \u0159\u00edk\u00e1m triumf globalistick\u00e9ho nep\u0159\u00edtele v zemi pod Tatrami. P\u0159edchoz\u00ed vl\u00e1dy na Slovensku toti\u017e nejen \u00fapln\u011b rezignovaly na boj s vnit\u0159n\u00edm neziskov\u00fdm nep\u0159\u00edtelem financovan\u00fdm globalisty z ciziny, ale dokonce ho \u0161t\u011bd\u0159e subvencovaly st\u00e1tn\u00edmi granty a dotacemi. Dodnes se to d\u011bje v \u010cR, kde Andrej Babi\u0161 bojuje proti neziskovk\u00e1m, kter\u00e9 ho ud\u00e1vaj\u00ed v Bruselu kv\u016fli dotac\u00edm Agrofertu a st\u0159etu z\u00e1jm\u016f, ale ta sam\u00e1 Babi\u0161ova vl\u00e1da ka\u017ed\u00fd rok t\u011bmto neziskovk\u00e1m p\u0159isp\u00edv\u00e1 granty a dotacemi na provoz. Ano, takov\u00e9 chucpe! Jedou v tom v\u0161ichni spole\u010dn\u011b, pouze navenek se tv\u00e1\u0159\u00ed, \u017ee nejsou pod kuratelou globalist\u016f. Nev\u011b\u0159te tomu, globalist\u00e9 jsou ti, kte\u0159\u00ed dr\u017e\u00ed od roku 1989 ve\u0161kerou moc v zem\u00edch b\u00fdval\u00e9ho V\u00fdchodn\u00edho bloku.<\/p>\n<p>-VK- \u0160\u00e9fredaktor AE News<\/p>\n<p><a href=\"https:\/\/aeronet.cz\/news\/slovensky-ustavni-soud-odeprel-slovenskemu-lidu-narok-na-referendum-o-zkraceni-volebniho-obdobi-narodni-rady-cimz-poprel-status-ze-veskera-moc-ve-slovenske-republice-pochazi-z-vule-lidu\/\">ZDROJ<\/a><\/p>\n<p>&nbsp;<\/p>\n","protected":false},"excerpt":{"rendered":"<p>Slovensk\u00fd \u00dastavn\u00ed soud odep\u0159el slovensk\u00e9mu lidu n\u00e1rok na referendum o zkr\u00e1cen\u00ed volebn\u00edho obdob\u00ed N\u00e1rodn\u00ed rady,&#8230;<\/p>\n","protected":false},"author":2,"featured_media":3161,"comment_status":"closed","ping_status":"closed","sticky":false,"template":"","format":"standard","meta":[],"categories":[7],"tags":[33,203,410,335],"_links":{"self":[{"href":"https:\/\/www.infokuryr.cz\/n\/wp-json\/wp\/v2\/posts\/3160"}],"collection":[{"href":"https:\/\/www.infokuryr.cz\/n\/wp-json\/wp\/v2\/posts"}],"about":[{"href":"https:\/\/www.infokuryr.cz\/n\/wp-json\/wp\/v2\/types\/post"}],"author":[{"embeddable":true,"href":"https:\/\/www.infokuryr.cz\/n\/wp-json\/wp\/v2\/users\/2"}],"replies":[{"embeddable":true,"href":"https:\/\/www.infokuryr.cz\/n\/wp-json\/wp\/v2\/comments?post=3160"}],"version-history":[{"count":0,"href":"https:\/\/www.infokuryr.cz\/n\/wp-json\/wp\/v2\/posts\/3160\/revisions"}],"wp:featuredmedia":[{"embeddable":true,"href":"https:\/\/www.infokuryr.cz\/n\/wp-json\/wp\/v2\/media\/3161"}],"wp:attachment":[{"href":"https:\/\/www.infokuryr.cz\/n\/wp-json\/wp\/v2\/media?parent=3160"}],"wp:term":[{"taxonomy":"category","embeddable":true,"href":"https:\/\/www.infokuryr.cz\/n\/wp-json\/wp\/v2\/categories?post=3160"},{"taxonomy":"post_tag","embeddable":true,"href":"https:\/\/www.infokuryr.cz\/n\/wp-json\/wp\/v2\/tags?post=3160"}],"curies":[{"name":"wp","href":"https:\/\/api.w.org\/{rel}","templated":true}]}}