{"id":31596,"date":"2023-07-05T10:00:16","date_gmt":"2023-07-05T08:00:16","guid":{"rendered":"http:\/\/www.infokuryr.cz\/n\/?p=31596"},"modified":"2023-07-05T10:00:16","modified_gmt":"2023-07-05T08:00:16","slug":"zacharovova-o-zelenskem-planovanem-teroristickem-utoku-na-znpp-ovlivni-vsechny-kouty-planety","status":"publish","type":"post","link":"https:\/\/www.infokuryr.cz\/n\/2023\/07\/05\/zacharovova-o-zelenskem-planovanem-teroristickem-utoku-na-znpp-ovlivni-vsechny-kouty-planety\/","title":{"rendered":"Zacharovov\u00e1 o Zelensk\u00e9m pl\u00e1novan\u00e9m teroristick\u00e9m \u00fatoku na ZNPP: ovlivn\u00ed v\u0161echny kouty planety"},"content":{"rendered":"<div id=\"fb-root\"><\/div>\n<p class=\"lead\"><strong>Kyjevsk\u00fd re\u017eim pl\u00e1nuje prov\u00e9st teroristick\u00fd \u00fatok na jadernou elektr\u00e1rnu Z\u00e1poro\u017e\u00ed, pokud se tak stane, d\u016fsledky se projev\u00ed ve v\u0161ech koutech sv\u011bta.\u00a0Uvedla to dnes 5. \u010dervence, ofici\u00e1ln\u00ed z\u00e1stupkyn\u011b rusk\u00e9ho ministerstva zahrani\u010d\u00ed Maria Zacharovov\u00e1.\u00a0<\/strong><\/p>\n<p><em>Zelenskyj\u00a0<strong>se<\/strong>\u00a0chyst\u00e1 sp\u00e1chat teroristick\u00fd \u00fatok na jadernou elektr\u00e1rnu v Z\u00e1poro\u017e\u00ed.<span class=\"after-quote\"> poznamenala diplomatka.<\/span><\/em><\/p>\n<p><span>Americk\u00e9 a britsk\u00e9 \u00fa\u0159ady to podle n\u00ed nevid\u00ed jako p\u0159\u00edm\u00e9 nebezpe\u010d\u00ed pro sebe.<\/span><\/p>\n<p><em>\u201eNeexistuje \u017e\u00e1dn\u00fd kout planety, kter\u00fd by to neovlivnilo.\u00a0Proto\u017ee existuje n\u011bco jako atmosf\u00e9ra, Sv\u011btov\u00fd oce\u00e1n, jako stejn\u00e9 zem\u011bd\u011blsk\u00e9 produkty.\u00a0Pokud se n\u011bco stane, ovlivn\u00ed to v\u0161echno: vzduch, vodu i j\u00eddlo. \u00a0Zelensk\u00e9ho touha vyu\u017e\u00edt tento faktor pro sv\u00e9 extremistick\u00e9 teroristick\u00e9 \u00fa\u010dely je z\u0159ejm\u00e1,\u201c<span class=\"after-quote\">\u00a0 \u0159ekla diplomat, kterou citovala agentura TASS.<\/span><\/em><\/p>\n<p><span>Den p\u0159edt\u00edm, 4. \u010dervence, poradce gener\u00e1ln\u00edho \u0159editele koncernu Rosenergoatom\u00a0<\/span><strong><span>Renat Karchaa<\/span><\/strong><span> s odkazem na j\u00edm obdr\u017een\u00e9 informace \u0159ekl, \u017ee ozbrojen\u00e9 s\u00edly Ukrajiny se v noci na 5. \u010dervence pokus\u00ed za\u00fato\u010dit na jadernou elektr\u00e1rnu v Z\u00e1poro\u017e\u00ed, <span style=\"color: #ff0000;\"><strong>konkr\u00e9tn\u011b na ni shazovat munici s radioaktivn\u00edm odpadem dovezenou 3. \u010dervence z jihoukrajinsk\u00e9 JE.<\/strong><\/span><\/span><\/p>\n<p><span>Zelenskyj u\u017e d\u0159\u00edve obvinil Rusko z \u00fadajn\u00e9 p\u0159\u00edpravy teroristick\u00e9ho \u00fatoku v jadern\u00e9 elektr\u00e1rn\u011b Z\u00e1poro\u017e\u00ed.\u00a0Bez p\u0159edlo\u017een\u00ed jak\u00fdchkoli d\u016fkaz\u016f informoval Braz\u00edlii, Indii, \u010c\u00ednu, Spojen\u00e9 st\u00e1ty a tak\u00e9 zem\u011b v Africe, na St\u0159edn\u00edm v\u00fdchod\u011b a v Evrop\u011b.\u00a0\u0160\u00e9f ukrajinsk\u00e9ho ministerstva vnitra\u00a0<\/span><strong><span>Igor Klymenko<\/span><\/strong><span>\u00a0\u0159ekl, \u017ee \u201ev p\u0159\u00edpad\u011b mo\u017en\u00e9ho \u00faniku radiace v ZNPP\u201c se na Ukrajin\u011b uskute\u010dn\u00ed cvi\u010den\u00ed a velitelstv\u00ed bude rozm\u00edst\u011bno v p\u0159\u00edpad\u011b mo\u017en\u00e9 nouze.<\/span><\/p>\n<p><span>Tiskov\u00fd tajemn\u00edk rusk\u00e9ho prezidenta Dmitrij Peskov ozna\u010dil Zelensk\u00e9ho prohl\u00e1\u0161en\u00ed za dal\u0161\u00ed le\u017e. V\u00a0koment\u00e1\u0159i k Zelensk\u00e9ho obvin\u011bn\u00ed, \u017ee Rusk\u00e1 federace \u00fadajn\u011b p\u0159ipravovala teroristick\u00fd \u00fatok v jadern\u00e9 elektr\u00e1rn\u011b Z\u00e1poro\u017e\u00ed, vyj\u00e1d\u0159il n\u00e1zor, \u017ee prohl\u00e1\u0161en\u00ed ukrajinsk\u00e9ho v\u016fdce by mohla b\u00fdt zn\u00e1mkou toho, \u017ee Kyjev p\u0159ipravuje teroristick\u00fd \u00fatok nebo \u00fader na ZNPP, aby p\u0159it\u00e1hl NATO do ukrajinsk\u00e9ho konfliktu.<\/span><\/p>\n<p><img decoding=\"async\" loading=\"lazy\" class=\"alignnone size-full wp-image-1185\" src=\"http:\/\/www.infokuryr.cz\/n\/wp-content\/uploads\/2021\/04\/kuryr-podpis.png\" alt=\"\" width=\"84\" height=\"24\" \/><\/p>\n<p>&nbsp;<\/p>\n<p><a href=\"https:\/\/stranapro.cz\/\"><img decoding=\"async\" loading=\"lazy\" class=\" wp-image-30218 aligncenter\" src=\"http:\/\/www.infokuryr.cz\/n\/wp-content\/uploads\/2023\/06\/PRO-banner-300x36.png\" alt=\"\" width=\"1367\" height=\"164\" srcset=\"https:\/\/www.infokuryr.cz\/n\/wp-content\/uploads\/2023\/06\/PRO-banner-300x36.png 300w, https:\/\/www.infokuryr.cz\/n\/wp-content\/uploads\/2023\/06\/PRO-banner-768x93.png 768w, https:\/\/www.infokuryr.cz\/n\/wp-content\/uploads\/2023\/06\/PRO-banner.png 849w\" sizes=\"(max-width: 1367px) 100vw, 1367px\" \/><\/a><\/p>\n<p>&nbsp;<\/p>\n<p>&nbsp;<\/p>\n<p>&nbsp;<\/p>\n","protected":false},"excerpt":{"rendered":"<p>Kyjevsk\u00fd re\u017eim pl\u00e1nuje prov\u00e9st teroristick\u00fd \u00fatok na jadernou elektr\u00e1rnu Z\u00e1poro\u017e\u00ed, pokud se tak stane, d\u016fsledky&#8230;<\/p>\n","protected":false},"author":2,"featured_media":13485,"comment_status":"closed","ping_status":"closed","sticky":false,"template":"","format":"standard","meta":[],"categories":[7],"tags":[5402,3128,3023,1000],"_links":{"self":[{"href":"https:\/\/www.infokuryr.cz\/n\/wp-json\/wp\/v2\/posts\/31596"}],"collection":[{"href":"https:\/\/www.infokuryr.cz\/n\/wp-json\/wp\/v2\/posts"}],"about":[{"href":"https:\/\/www.infokuryr.cz\/n\/wp-json\/wp\/v2\/types\/post"}],"author":[{"embeddable":true,"href":"https:\/\/www.infokuryr.cz\/n\/wp-json\/wp\/v2\/users\/2"}],"replies":[{"embeddable":true,"href":"https:\/\/www.infokuryr.cz\/n\/wp-json\/wp\/v2\/comments?post=31596"}],"version-history":[{"count":0,"href":"https:\/\/www.infokuryr.cz\/n\/wp-json\/wp\/v2\/posts\/31596\/revisions"}],"wp:featuredmedia":[{"embeddable":true,"href":"https:\/\/www.infokuryr.cz\/n\/wp-json\/wp\/v2\/media\/13485"}],"wp:attachment":[{"href":"https:\/\/www.infokuryr.cz\/n\/wp-json\/wp\/v2\/media?parent=31596"}],"wp:term":[{"taxonomy":"category","embeddable":true,"href":"https:\/\/www.infokuryr.cz\/n\/wp-json\/wp\/v2\/categories?post=31596"},{"taxonomy":"post_tag","embeddable":true,"href":"https:\/\/www.infokuryr.cz\/n\/wp-json\/wp\/v2\/tags?post=31596"}],"curies":[{"name":"wp","href":"https:\/\/api.w.org\/{rel}","templated":true}]}}