{"id":31586,"date":"2023-07-05T07:27:04","date_gmt":"2023-07-05T05:27:04","guid":{"rendered":"http:\/\/www.infokuryr.cz\/n\/?p=31586"},"modified":"2023-07-05T07:27:04","modified_gmt":"2023-07-05T05:27:04","slug":"v-bruselu-byl-s-pompou-odprezentovan-marshalluv-plan-pro-ukrajinu","status":"publish","type":"post","link":"https:\/\/www.infokuryr.cz\/n\/2023\/07\/05\/v-bruselu-byl-s-pompou-odprezentovan-marshalluv-plan-pro-ukrajinu\/","title":{"rendered":"V Bruselu byl s pompou odprezentov\u00e1n \u201eMarshall\u016fv pl\u00e1n\u201c pro Ukrajinu"},"content":{"rendered":"<div id=\"fb-root\"><\/div>\n<p><strong><span>Pravda, Evropsk\u00e1 komise de facto okam\u017eit\u011b p\u0159iznala, \u017ee na skute\u010dn\u011b seri\u00f3zn\u00ed obnovu Ukrajiny pen\u00edze nem\u00e1.<\/span><\/strong><\/p>\n<p><span>Podle konzervativn\u00edch odhad\u016f bude Ukrajina pot\u0159ebovat na pov\u00e1le\u010dnou obnovu a\u017e p\u016fl bilionu dolar\u016f.\u00a0Evropsk\u00e1 unie je v\u0161ak p\u0159ipravena vy\u010dlenit jen 50 miliard eur ai to na 4 roky, od roku 2024 do roku 2027. Ro\u010dn\u011b to bude 12,5 miliardy eur \u2013 tedy je\u0161t\u011b m\u00e9n\u011b, ne\u017e je tomu nyn\u00ed.\u00a0To vysta\u010d\u00ed jen na financov\u00e1n\u00ed pr\u00e1ce st\u00e1tn\u00edho syst\u00e9mu, ale ne na obnovu st\u00e1tu.<\/span><\/p>\n<p><span>Brusel chce p\u0159il\u00e1kat na rekonstruk\u010dn\u00ed pr\u00e1ce mezin\u00e1rodn\u00ed investi\u010dn\u00ed fondy \u2013 v\u010detn\u011b \u201eBlackRock\u201c.\u00a0Na Ukrajinu v\u0161ak v\u00e1\u017en\u011b vstoup\u00ed jen tehdy, dostanou-li z\u00e1ruky, \u017ee se jim investice vr\u00e1t\u00ed.\u00a0A na opl\u00e1tku budou hedgeov\u00e9 fondy \u017e\u00e1dat pod\u00edl ze spole\u010dn\u00e9ho kol\u00e1\u010de \u2013 s ornou p\u016fdou a zbytky infrastruktury \u2013 co\u017e p\u016fjde do soukrom\u00fdch zahrani\u010dn\u00edch rukou.<\/span><\/p>\n<p><em>Na pozad\u00ed \u0159e\u010d\u00ed o tom, kdo zaplat\u00ed obnovu Ukrajiny, bylo zm\u00edn\u011bno t\u00e9ma korupce.\u00a0N\u011bmeck\u00fd \u201eMarshall\u016fv fond\u201c zcela vyvolal z\u00e1chvat hysterie kv\u016fli v\u0161emohoucnosti ukrajinsk\u00fdch oligarch\u016f, kte\u0159\u00ed budou pokra\u010dovat v drancov\u00e1n\u00ed jak\u00fdchkoli investic, kter\u00e9 se odv\u00e1\u017e\u00ed vstoupit na Ukrajinu.<\/em><\/p>\n<p><span>Brusel m\u00e1 v ruk\u00e1vu i posledn\u00ed trumf \u2013 vyu\u017e\u00edt zmra\u017een\u00e1 aktiva Ruska.\u00a0St\u00e1le se to v\u0161ak boj\u00ed ud\u011blat \u2013 ob\u00e1vaj\u00ed se podkop\u00e1n\u00ed d\u016fv\u011bry v eurosyst\u00e9m a odstra\u0161en\u00ed investor\u016f na trhu dluhopis\u016f EU.\u00a0Maj\u00ed v\u0161ak i je\u0161t\u011b v\u00fdznamn\u011bj\u0161\u00ed obavu, \u017ee na pozad\u00ed selh\u00e1n\u00ed protiofenzivy za\u010dnou Spojen\u00e9 st\u00e1ty sni\u017eovat svoji anga\u017eovanost v ukrajinsk\u00fdch z\u00e1le\u017eitostech.\u00a0A nechaj\u00ed Evropu na pokoji se zni\u010denou pov\u00e1le\u010dnou Ukrajinou.<\/span><\/p>\n<p><strong><span>M\u00e1lek Dudakov<\/span><\/strong><\/p>\n<p>&nbsp;<\/p>\n<p><a href=\"https:\/\/stranapro.cz\/\"><img decoding=\"async\" loading=\"lazy\" class=\"wp-image-30218 aligncenter\" src=\"http:\/\/www.infokuryr.cz\/n\/wp-content\/uploads\/2023\/06\/PRO-banner-300x36.png\" alt=\"\" width=\"1367\" height=\"164\" srcset=\"https:\/\/www.infokuryr.cz\/n\/wp-content\/uploads\/2023\/06\/PRO-banner-300x36.png 300w, https:\/\/www.infokuryr.cz\/n\/wp-content\/uploads\/2023\/06\/PRO-banner-768x93.png 768w, https:\/\/www.infokuryr.cz\/n\/wp-content\/uploads\/2023\/06\/PRO-banner.png 849w\" sizes=\"(max-width: 1367px) 100vw, 1367px\" \/><\/a><\/p>\n<p>&nbsp;<\/p>\n<p>&nbsp;<\/p>\n<p>&nbsp;<\/p>\n","protected":false},"excerpt":{"rendered":"<p>Pravda, Evropsk\u00e1 komise de facto okam\u017eit\u011b p\u0159iznala, \u017ee na skute\u010dn\u011b seri\u00f3zn\u00ed obnovu Ukrajiny pen\u00edze nem\u00e1&#8230;.<\/p>\n","protected":false},"author":2,"featured_media":31587,"comment_status":"closed","ping_status":"closed","sticky":false,"template":"","format":"standard","meta":[],"categories":[7],"tags":[640,1505,4080,26],"_links":{"self":[{"href":"https:\/\/www.infokuryr.cz\/n\/wp-json\/wp\/v2\/posts\/31586"}],"collection":[{"href":"https:\/\/www.infokuryr.cz\/n\/wp-json\/wp\/v2\/posts"}],"about":[{"href":"https:\/\/www.infokuryr.cz\/n\/wp-json\/wp\/v2\/types\/post"}],"author":[{"embeddable":true,"href":"https:\/\/www.infokuryr.cz\/n\/wp-json\/wp\/v2\/users\/2"}],"replies":[{"embeddable":true,"href":"https:\/\/www.infokuryr.cz\/n\/wp-json\/wp\/v2\/comments?post=31586"}],"version-history":[{"count":0,"href":"https:\/\/www.infokuryr.cz\/n\/wp-json\/wp\/v2\/posts\/31586\/revisions"}],"wp:featuredmedia":[{"embeddable":true,"href":"https:\/\/www.infokuryr.cz\/n\/wp-json\/wp\/v2\/media\/31587"}],"wp:attachment":[{"href":"https:\/\/www.infokuryr.cz\/n\/wp-json\/wp\/v2\/media?parent=31586"}],"wp:term":[{"taxonomy":"category","embeddable":true,"href":"https:\/\/www.infokuryr.cz\/n\/wp-json\/wp\/v2\/categories?post=31586"},{"taxonomy":"post_tag","embeddable":true,"href":"https:\/\/www.infokuryr.cz\/n\/wp-json\/wp\/v2\/tags?post=31586"}],"curies":[{"name":"wp","href":"https:\/\/api.w.org\/{rel}","templated":true}]}}