{"id":31581,"date":"2023-07-05T06:59:34","date_gmt":"2023-07-05T04:59:34","guid":{"rendered":"http:\/\/www.infokuryr.cz\/n\/?p=31581"},"modified":"2023-07-05T06:59:34","modified_gmt":"2023-07-05T04:59:34","slug":"a-j-tuma-zlinsky-lgbt-filmovy-festival","status":"publish","type":"post","link":"https:\/\/www.infokuryr.cz\/n\/2023\/07\/05\/a-j-tuma-zlinsky-lgbt-filmovy-festival\/","title":{"rendered":"A. J. T\u016fma: Zl\u00ednsk\u00fd LGBT+ filmov\u00fd festival"},"content":{"rendered":"<div id=\"fb-root\"><\/div>\n<p>Ofici\u00e1ln\u011b se ta akce jmenovala\u00a0<b>Zl\u00edn Film Festival 2023<\/b>\u00a0\u2013 mezin\u00e1rodn\u00ed festival pro d\u011bti a ml\u00e1de\u017e, a prob\u011bhla jako ka\u017edoro\u010dn\u011b na za\u010d\u00e1tku \u010dervna v Ba\u0165ov\u011b m\u011bst\u011b. Podle organiz\u00e1tor\u016f se jedn\u00e1 o nejstar\u0161\u00ed, nejv\u011bt\u0161\u00ed a nejv\u00fdznamn\u011bj\u0161\u00ed filmovou p\u0159ehl\u00eddkou sv\u00e9ho druhu na sv\u011bt\u011b, jej\u00edm\u017e posl\u00e1n\u00edm je nejen bavit, ale tak\u00e9 prost\u0159ednictv\u00edm filmu vzd\u011bl\u00e1vat, roz\u0161i\u0159ovat pov\u011bdom\u00ed o okoln\u00edm sv\u011bt\u011b, rozv\u00edjet estetick\u00e9, soci\u00e1ln\u00ed a mor\u00e1ln\u00ed c\u00edt\u011bn\u00ed.<\/p>\n<p>Partnery festivalu jsou nap\u0159. Ministerstvo kultury, \u010cesk\u00e1 televize, Zl\u00ednsk\u00fd kraj a jin\u00e9 instituce i soukrom\u00e9 firmy.<\/p>\n<p><strong>Typick\u00fd film, uv\u00e1d\u011bn\u00fd letos na tomto festivalu, m\u00e1 asi takovouto anotaci:<\/strong><\/p>\n<p><em>Charlie \u017eije fotbalem, s m\u00ed\u010dem um\u00ed divy a te\u010f se mu dost\u00e1v\u00e1 \u017eivotn\u00ed \u0161ance hr\u00e1t fotbal profesion\u00e1ln\u011b. Zd\u00e1 se, \u017ee by mohl usp\u011bt v tom, v \u010dem jeho otec nemohl. Ale Charlie m\u00e1 hluboko ve sv\u00e9m srdci ukryt\u00e9 tajemstv\u00ed a nyn\u00ed, kdy\u017e je jeho budoucnost jasn\u011b ur\u010den\u00e1, u\u017e nem\u016f\u017ee sv\u00e9 tajemstv\u00ed dr\u017eet pod pokli\u010dkou. Jeho rozhodnut\u00ed j\u00edt s pravdou ven doslova rozmet\u00e1 kdysi jednotnou rodinu na kusy a p\u0159inese zmatek i do jeho vztah\u016f s kamar\u00e1dy. Jistota, kterou ka\u017ed\u00fd z nich c\u00edtil k sob\u011b sam\u00e9mu i ke sv\u00e9mu okol\u00ed, je ot\u0159esena a cesta k op\u011btovn\u00e9 harmonii je dl\u00e1\u017ed\u011bna p\u0159ek\u00e1\u017ekami, p\u0159edsudky a rozpaky.<\/em><\/p>\n<p>Za t\u00edmto slovn\u00edm balastem se skr\u00fdv\u00e1 jednoduch\u00e1 z\u00e1pletka. Charlie se prost\u011b c\u00edt\u00ed b\u00fdt d\u00edvkou. Jak p\u0159ekvapuj\u00edc\u00ed! V tomto p\u0159\u00edpad\u011b jde o britsk\u00fd film\u00a0<b>Jsem Charlie<\/b>, re\u017eie Rebecah Fortune.<\/p>\n<p>Napo\u010d\u00edtal jsem jen p\u0159i letm\u00e9m prolistov\u00e1n\u00ed programov\u00e9ho pr\u016fvodce asi dvac\u00edtku film\u016f, jejich\u017e hrdiny jsou homosexu\u00e1lov\u00e9 \u010di d\u011bti a mladistv\u00ed s poruchou pohlavn\u00ed identity. Je t\u011b\u017ek\u00e9 odhadnout, kolik prezentovan\u00fdch film\u016f obsahuje\u00a0<b>LGBT t\u00e9matiku<\/b>. Ne v\u017edy se to z anotace pozn\u00e1. Nav\u00edc jsou tyto filmy rozprost\u0159eny v r\u016fzn\u00fdch \u017e\u00e1nrov\u00fdch kategori\u00edch, nikoli za\u0159azeny v n\u011bjak\u00e9 samostatn\u00e9 LGBT sekci, tak\u017ee se\u00a0<b>homosexualita<\/b>\u00a0a\u00a0<b>transgenderismus<\/b>\u00a0prol\u00ednaj\u00ed cel\u00fdm festivalem jako \u010derven\u00e1 nit. Zl\u00ednsk\u00e1 filmov\u00e1 p\u0159ehl\u00eddka tak skute\u010dn\u011b p\u0159ipom\u00ednala sp\u00ed\u0161e oslavu LGBT hnut\u00ed, kter\u00e9mu\u017eto st\u011b\u017eejn\u00edmu t\u00e9matu ostatn\u00ed n\u00e1m\u011bty jen sekundovaly.<\/p>\n<p>Jak\u00e9 byly ostatn\u00ed n\u00e1m\u011bty? Op\u011bt bez p\u0159ekvapen\u00ed. Men\u0161iny, men\u0161iny, men\u0161iny. Trochu\u00a0<b>Ukrajiny<\/b>. D\u011bti posti\u017een\u00e9 nejr\u016fzn\u011bj\u0161\u00edmi syndromy. T\u011b\u017ek\u00fd \u017eivot imigrant\u016f. A jist\u011b\u017ee toxick\u00e1 b\u00edl\u00e1 rodina a xenofobn\u00ed b\u00edl\u00e1 Evropa. To je v kostce asi tak v\u0161e.<\/p>\n<p><a href=\"https:\/\/stranapro.cz\/\"><img decoding=\"async\" loading=\"lazy\" class=\"wp-image-30218 aligncenter\" src=\"http:\/\/www.infokuryr.cz\/n\/wp-content\/uploads\/2023\/06\/PRO-banner-300x36.png\" alt=\"\" width=\"1375\" height=\"165\" srcset=\"https:\/\/www.infokuryr.cz\/n\/wp-content\/uploads\/2023\/06\/PRO-banner-300x36.png 300w, https:\/\/www.infokuryr.cz\/n\/wp-content\/uploads\/2023\/06\/PRO-banner-768x93.png 768w, https:\/\/www.infokuryr.cz\/n\/wp-content\/uploads\/2023\/06\/PRO-banner.png 849w\" sizes=\"(max-width: 1375px) 100vw, 1375px\" \/><\/a><\/p>\n<p>Zar\u00e1\u017eej\u00edc\u00ed je, \u017ee jde o akci zam\u011b\u0159enou p\u0159edev\u0161\u00edm na d\u011bti a ml\u00e1de\u017e. Vid\u011bl jsem nekone\u010dn\u00e9 z\u00e1stupy d\u011bt\u00ed, nav\u0161t\u011bvuj\u00edc\u00ed v\u011bt\u0161inou organizovan\u011b, hlavn\u011b v r\u00e1mci \u0161kol, jedno p\u0159edstaven\u00ed za druh\u00fdm. K tomu samoz\u0159ejm\u011b v\u0161udyp\u0159\u00edtomn\u00fd doprovodn\u00fd program, na st\u00e1nc\u00edch zv\u00edc\u00edch pou\u0165ov\u00fdch atrakc\u00ed byla aktivn\u00ed zejm\u00e9na \u010cesk\u00e1 televize.\u00a0<b>Rozj\u00e1san\u00e1 a tak\u0159ka komsomolsky rozezp\u00edvan\u00e1 atmosf\u00e9ra rozprost\u0159ela nad p\u0159edletn\u00edm Zl\u00ednem barevn\u00fd h\u00e1v, kter\u00fd m\u011bl povrchn\u00edmu pozorovateli zast\u0159\u00edt skute\u010dn\u00fd z\u00e1m\u011br akce: indoktrinaci d\u011bt\u00ed ve jm\u00e9nu absolutn\u00ed normalizace homosexuality a vytvo\u0159en\u00ed dojmu, \u017ee nejpal\u010div\u011bj\u0161\u00edm probl\u00e9mem dne\u0161n\u00ed mlad\u00e9 generace je t\u00e1p\u00e1n\u00ed v genderov\u00e9 identit\u011b.\u00a0<\/b>A navozov\u00e1n\u00ed pocitu, \u017ee \u00fanik z vlastn\u00edho pohlav\u00ed do jin\u00e9 genderov\u00e9 identity je z\u00e1kladn\u00edm p\u0159edpokladem pro vy\u0159e\u0161en\u00ed ve\u0161ker\u00fdch psychick\u00fdch, vztahov\u00fdch, rodinn\u00fdch a dal\u0161\u00edch probl\u00e9m\u016f, v nich\u017e se mlad\u00ed lid\u00e9 pot\u00e1cej\u00ed.<\/p>\n<p>O d\u00e1nsk\u00e9m filmu\u00a0<b>V\u0161echen ten b\u00e1je\u010dnej \u017eivot<\/b>\u00a0se dozv\u00edd\u00e1me n\u00e1sleduj\u00edc\u00ed:<\/p>\n<p><em>\u0160estn\u00e1ctilet\u00e1 Helga si napl\u00e1novala dokonalou sebevra\u017edu. Pot\u0159ebuje k n\u00ed pilulky s n\u00e1zvem Zlat\u00e1 jablka, po kter\u00fdch usne jako Sn\u011bhurka. Na trhu nejsou, ale mohla by je sehnat spolu\u017ea\u010dka Ingrid, kter\u00e1 souhlas\u00ed pod podm\u00ednkou, \u017ee j\u00ed Helga spln\u00ed n\u011bkolik p\u0159\u00e1n\u00ed. Helga si ale z\u00e1hy uv\u011bdom\u00ed, \u017ee j\u00ed s milou a kr\u00e1snou Ingrid napad\u00e1 nespo\u010det p\u0159\u00e1n\u00ed, kter\u00e9 by si cht\u011bla splnit. D\u00e1nsk\u00fd seri\u00e1lov\u00fd fenom\u00e9n o k\u0159ehkosti du\u0161evn\u00edho zdrav\u00ed, l\u00e1sce a v\u0161em, co n\u00e1s dr\u017e\u00ed nad vodou.<\/em><\/p>\n<p>Helga je celkem ztracen\u00e1 bytost, dokud se neupne na silnou a kr\u00e1snou osobnost, kter\u00e1 j\u00ed p\u0159inese spasen\u00ed. T\u00edmto nov\u00fdm objevem je samoz\u0159ejm\u011b \u010derno\u0161ka. Krom\u011b toho, \u017ee skoro v\u0161ichni mlad\u00ed hrdinov\u00e9 pokrokov\u00e9 evropsk\u00e9 kinematografie jsou tak \u010di onak zral\u00ed na sebevra\u017edu, typick\u00fdm znakem je zobrazov\u00e1n\u00ed b\u00edl\u00fdch jako nedostate\u010dn\u00fdch, rozkl\u00ed\u017een\u00fdch a nejist\u00fdch, a naopak barevn\u00fdch lid\u00ed z jin\u00fdch kultur jako siln\u00fdch, sebev\u011bdom\u00fdch a inspirativn\u00edch. Mimo jin\u00e9 ti druz\u00ed na rozd\u00edl od prvn\u00edch maj\u00ed svoji jasnou identitu, co\u017e je skute\u010dn\u011b odrazem reality, poh\u0159\u00edchu t\u00e9 reality, kterou vym\u00fdv\u00e1n\u00edm mozk\u016f nov\u00fdm a nov\u00fdm generac\u00edm uhn\u011btl pr\u00e1v\u011b tento druh \u201ekultury\u201c.<\/p>\n<div class=\"karta\" style=\"text-align: center;\">\n<figure><img decoding=\"async\" loading=\"lazy\" class=\"aligncenter\" src=\"https:\/\/zvedavec.news\/images\/23\/zlinsky-festival-Helga-a-Ingrid.jpg\" alt=\"[Helga a In...]\" width=\"580\" height=\"326\" \/><figcaption>Helga a Ingrid<\/figcaption><\/figure>\n<\/div>\n<p>Nen\u00ed t\u011b\u017ek\u00e9 vysledovat vzorov\u00e9 posuny Overtonov\u00fdch oken. Ji\u017e nejde o kritiku\u00a0<b>rasismu<\/b>\u00a0nebo homofobie. Ve v\u011bt\u0161in\u011b film\u016f konflikty a l\u00e1sky mezi vrstevn\u00edky zcela ignoruj\u00ed etnickou linii, neexistuje \u017e\u00e1dn\u00fd kolektiv, parta, kter\u00e1 by nebyla rasov\u011b sm\u00ed\u0161en\u00e1 a barva pleti ve vz\u00e1jemn\u00fdch vztaz\u00edch nehraje sebemen\u0161\u00ed roli, jako by byla vpravd\u011b neviditeln\u00e1. Tot\u00e9\u017e lze \u0159\u00edci o homosexualit\u011b. Filmy zobrazuj\u00ed t\u00e1p\u00e1n\u00ed, rozpaky a v\u00e1\u0161n\u011b mlad\u00fdch l\u00e1sek a je p\u0159itom demonstrov\u00e1no, jak moc je lhostejn\u00e9, zda jde o hetero nebo homosexu\u00e1ln\u00ed vztah. Homo vztahy jsou ov\u0161em ukazov\u00e1ny jako mnohem zaj\u00edmav\u011bj\u0161\u00ed, z\u00e1bavn\u011bj\u0161\u00ed a p\u0159\u00ednosn\u011bj\u0161\u00ed.<\/p>\n<p>Jsou samoz\u0159ejm\u011b v\u00fdjimky, kter\u00e9 zobrazuj\u00ed nepochopen\u00ed okol\u00ed, proti n\u011bmu\u017e je je\u0161t\u011b st\u00e1le pot\u0159eba bojovat. Zaj\u00edmav\u00e9 je, \u017ee tento narativ je p\u0159\u00edtomen t\u0159eba v \u010desk\u00fdch filmech, signalizuje tedy nedostate\u010dnou vysp\u011blost \u201ezaostal\u00e9 \u010d\u00e1sti Evropy\u201c. Naopak zejm\u00e9na skandin\u00e1vsk\u00e9 filmy vynikaj\u00ed tot\u00e1ln\u011b progresivistick\u00fdm pohledem, kter\u00fdm, trouf\u00e1m si tvrdit, p\u0159ekon\u00e1vaj\u00ed i d\u011bsivou severskou realitu. Ve sporu, zda byla d\u0159\u00edve slepice nebo vejce, je zde jasno:\u00a0<b>tato \u201ekultura\u201c nereflektuje realitu, ale je setrvale jej\u00edm p\u0159edvojem.<\/b>\u00a0To je d\u00e1no zejm\u00e9na syst\u00e9mem financov\u00e1n\u00ed, kdy nato\u010dit film, dostat ho na festival a obdr\u017eet pochvaln\u00e9 recenze lze jedin\u011b za p\u0159edpokladu, \u017ee d\u00edlo m\u00e1 propagandistick\u00fd potenci\u00e1l a p\u0159\u00edslu\u0161n\u00fdm sm\u011brem nav\u00e1d\u00ed my\u0161len\u00ed adolescent\u016f. Tato d\u00edlka jsou pak oslavov\u00e1na, p\u0159epos\u00edl\u00e1na z festivalu na festival, st\u00e1vaj\u00ed se z nich \u201eoce\u0148ovan\u00e9 filmy\u201c, kter\u00e9 \u00fadajn\u011b um\u011blecky zpracov\u00e1vaj\u00ed trendy, a\u010dkoli\u00a0<b>ve skute\u010dnosti jsou sou\u010d\u00e1st\u00ed rozs\u00e1hl\u00e9 medi\u00e1ln\u00ed agendy, kter\u00e1 trendy promy\u0161len\u011b nastoluje<\/b>.<\/p>\n<p>O dal\u0161\u00edm d\u00e1nsk\u00e9m filmu\u00a0<b>V\u017edycky jsem to byl j\u00e1<\/b>\u00a0se dozv\u00edd\u00e1me:<\/p>\n<p><em>Max a Bastian jsou d\u00e1n\u0161t\u00ed teenage\u0159i. Max se narodil jako d\u00edvka, ale c\u00edt\u00ed se jako transgender chlapec. A Bastian, narozen\u00fd jako chlapec, se c\u00edt\u00ed sp\u00ed\u0161e jako d\u00edvka. Oba stoj\u00ed p\u0159ed volbou, zda za\u010d\u00edt, \u010di neza\u010d\u00edt s vysazov\u00e1n\u00edm hormon\u016f a zastavit tak svou pubertu. Ale m\u016f\u017eete si v\u011b\u0159it, kdy\u017e se v pubert\u011b v\u0161echno neust\u00e1le m\u011bn\u00ed? Bude tak z\u00e1sadn\u00ed rozhodnut\u00ed spr\u00e1vn\u00e9? Oba jsou obklopeni p\u0159\u00e1teli a miluj\u00edc\u00ed rodinou, kte\u0159\u00ed d\u011blaj\u00ed v\u0161e, co je v jejich sil\u00e1ch, aby je pochopili a pomohli jim s jak\u00fdmkoliv rozhodnut\u00edm. Empatick\u00fd a aktu\u00e1ln\u00ed dokument o dvou mlad\u00fdch lidech, kte\u0159\u00ed se nec\u00edt\u00ed b\u00fdt t\u011bmi, kter\u00fdmi se narodili, a o d\u016fle\u017eitosti ch\u00e1paj\u00edc\u00ed rodiny p\u0159i rozhodov\u00e1n\u00ed, je\u017e zm\u011bn\u00ed zbytek va\u0161eho \u017eivota.<\/em><\/p>\n<p>Film\u00a0<b>Bl\u00edzko<\/b>\u00a0Lukase Dhonta je pro zm\u011bnu belgicko-holandsk\u00fd:<\/p>\n<p><em>L\u00e9o a R\u00e9mi jsou si bl\u00edzc\u00ed. Pro\u017e\u00edvaj\u00ed chlapeck\u00e1 dobrodru\u017estv\u00ed, sd\u00edlej\u00ed spolu cel\u00fd sv\u011bt a t\u00e9m\u011b\u0159 ka\u017ed\u00fd moment. Dost\u00e1vaj\u00ed se ale do v\u011bku, kdy se v\u011bcem za\u010d\u00ednaj\u00ed d\u00e1vat jm\u00e9na. Co mezi nimi je? Hlubok\u00e9 p\u0159\u00e1telstv\u00ed, nebo l\u00e1ska? Po bezstarostn\u00fdch pr\u00e1zdnin\u00e1ch p\u0159ich\u00e1zej\u00ed \u0161koln\u00ed dny a s nimi i v\u0161ete\u010dn\u00e9 ot\u00e1zky a ironick\u00e9 pozn\u00e1mky spolu\u017e\u00e1k\u016f. D\u011btstv\u00ed kon\u010d\u00ed, do d\u0159\u00edve bezstarostn\u00e9ho sv\u011bta obou kamar\u00e1d\u016f vtrhne ne\u00faprosn\u011b dosp\u011blost.<\/em><\/p>\n<p>D\u011bti jsou zkr\u00e1tka neust\u00e1le pob\u00edzeny ke zpochyb\u0148ov\u00e1n\u00ed sexu\u00e1ln\u00ed i genderov\u00e9 identity, jej jim podsouv\u00e1no, \u017ee neexistuje \u010dist\u00e9 p\u0159\u00e1telstv\u00ed, homosexualita jako by st\u00e1le visela ve vzduchu.<\/p>\n<div class=\"karta\" style=\"text-align: center;\">\n<figure><img decoding=\"async\" loading=\"lazy\" class=\"aligncenter\" src=\"https:\/\/zvedavec.news\/images\/23\/zlinsky-fietival-Blizko.jpg\" alt=\"[Bl\u00edzko...]\" width=\"580\" height=\"367\" \/><figcaption>Bl\u00edzko<\/figcaption><\/figure>\n<\/div>\n<p>Americk\u00fd film Corey Shermana s n\u00e1zvem\u00a0<b>Big Boys<\/b>\u00a0m\u011bl sv\u011btovou premi\u00e9ru na festivalu BFI Flare v Lond\u00fdn\u011b:<\/p>\n<p><em>\u010ctrn\u00e1ctilet\u00fd Jamie se p\u0159ipravuje na v\u00fdlet se sv\u00fdm star\u0161\u00edm bratrem Lukem a obl\u00edbenou sest\u0159enic\u00ed Allie. Jak\u00e9 ho v\u0161ak \u010dek\u00e1 p\u0159ekvapen\u00ed, kdy\u017e se dozv\u00edd\u00e1 o ne\u010dekan\u00e9 p\u0159\u00edtomnosti Alliina p\u0159\u00edtele Dana. P\u0159es prvotn\u00ed obavy se z naru\u0161itele rodinn\u00e9 akce d\u00edky jeho smyslu pro humor, sd\u00edlen\u00fdm z\u00e1jm\u016fm a sebev\u011bdom\u00ed stane Jamieho objekt z\u00e1jmu. Nav\u00edc zde Dan vystupuje v roli Jamieho zast\u00e1nce v\u016f\u010di Lukovi, kter\u00fd si sv\u00e9ho bratra dob\u00edr\u00e1 kv\u016fli nedostatku mu\u017enosti a zku\u0161enost\u00ed v sexu\u00e1ln\u00edm \u017eivot\u011b. To jeho okouzlen\u00ed je\u0161t\u011b pos\u00edl\u00ed a Jamie d\u011bl\u00e1 v\u0161e proto, aby se Danovi p\u0159ibl\u00ed\u017eil, z\u00e1rove\u0148 ale mus\u00ed skr\u00fdvat sv\u00e9 opravdov\u00e9 city. Re\u017eis\u00e9r se rozhodl p\u0159ev\u00e9st na pl\u00e1tno sv\u016fj vlastn\u00ed queer p\u0159\u00edb\u011bh o dosp\u00edv\u00e1n\u00ed s d\u016frazem na dne\u0161n\u00ed pojem maskulinity a pozitivn\u00edho p\u0159ijet\u00ed vlastn\u00ed fyzick\u00e9 i du\u0161evn\u00ed identity. Mal\u00fd film s velk\u00fdm srdcem vynik\u00e1 v\u00fdte\u010dn\u00fdm sc\u00e9n\u00e1\u0159em a hereck\u00fdm v\u00fdkonem hlavn\u00edho p\u0159edstavitele Isaaca Krasnera.<\/em><\/p>\n<p>BFI Flare je vyhl\u00e1\u0161en\u00fd LGBTQIA+ festival.\u00a0<b>Ide\u00e1ln\u00ed spolupr\u00e1ce mezi d\u011btsk\u00fdm festivalem na Morav\u011b a p\u0159ehl\u00eddkou t\u011bch nejabsurdn\u011bj\u0161\u00edch figur v kosmopolitn\u00edm rejdi\u0161ti celebrit. Filmy tohoto typu, kter\u00e9 byly p\u0159evzaty p\u0159\u00edmo z LGBT f\u00e9rie, mohly b\u00fdt ve Zl\u00edn\u011b prom\u00edt\u00e1ny d\u00edky laskav\u00e9 p\u00e9\u010di sponzor\u016f jako \u010cesk\u00e1 televize, \u010cesk\u00fd rozhlas \u010di Ministerstvo kultury. Nen\u00ed nad touhu po sv\u011btovosti a nad ambici kone\u010dn\u011b dohnat Z\u00e1pad\u2026<\/b>\u00a0Kdy\u017e u\u017e ve Zl\u00edn\u011b po\u0159\u00e1daj\u00ed ten nejv\u011bt\u0161\u00ed a nejb\u00e1je\u010dn\u011bj\u0161\u00ed festival d\u011btsk\u00e9ho filmu, pt\u00e1m se, kdy naposledy n\u011bkdo nato\u010dil n\u011bco o oby\u010dejn\u00fdch dobrodru\u017estv\u00edch norm\u00e1ln\u00edch moravsk\u00fdch kluk\u016f? Tipuji, \u017ee to bylo tak n\u011bkdy v osmdes\u00e1t\u00fdch letech minul\u00e9ho stolet\u00ed.<\/p>\n<p>Sou\u010dasn\u00e9 doporu\u010dovan\u00e9 a vychvalovan\u00e9 filmy pro d\u011bti a ml\u00e1de\u017e napl\u0148uj\u00ed zpravidla tyto znaky:<\/p>\n<ul>\n<li>Zaj\u00edmav\u00fdm hrdinou je p\u0159\u00edslu\u0161n\u00edk men\u0161iny, a\u0165 u\u017e sexu\u00e1ln\u00ed nebo etnick\u00e9, ide\u00e1ln\u011b oboj\u00ed.<\/li>\n<li>Samo o sob\u011b b\u00fdt b\u00edl\u00fdm je nuda, je pot\u0159eba k tomu m\u00edt zaj\u00edmavou poruchu \u010di psychick\u00fd probl\u00e9m. Jedin\u011b pak je tu jist\u00e1 \u0161ance b\u00fdt tak zaj\u00edmav\u00fd jako potomek asijsk\u00fdch \u010di africk\u00fdch imigrant\u016f.<\/li>\n<li>Oporou a posilou t\u00e1paj\u00edc\u00edmu b\u00edl\u00e9mu d\u00edt\u011bti je kamar\u00e1d jin\u00e9 rasy a z jin\u00e9 kultury, sebejist\u00fd, moudr\u00fd a s jasnou identitou.<\/li>\n<li>Zku\u0161enost nep\u0159ed\u00e1vaj\u00ed star\u0161\u00ed mlad\u0161\u00edm, ale mlad\u00ed inspiruj\u00ed star\u0161\u00ed, kte\u0159\u00ed nem\u011bli \u0161t\u011bst\u00ed na tak kvalitn\u00ed vzd\u011bl\u00e1n\u00ed, a nejsou proto odoln\u00ed proti p\u0159edsudk\u016fm a soci\u00e1ln\u00edm konstrukt\u016fm.<\/li>\n<li>Hrdinou nen\u00ed nikdy b\u00edl\u00fd heterosexu\u00e1ln\u00ed mu\u017e, ani James Bond \u010di major Zeman, ani oby\u010dejn\u00fd ob\u011btav\u00fd t\u00e1ta od rodiny \u2013 kdy\u017e u\u017e je n\u011bkter\u00fd rodi\u010d aspo\u0148 snesiteln\u00fd, pak u\u017e je to matka, kter\u00e1 ov\u0161em b\u00fdv\u00e1 utla\u010dov\u00e1na jako \u017eena.<\/li>\n<li>B\u00edl\u00ed mu\u017ei nejsou zaj\u00edmav\u00ed ani jako otec Kondel\u00edk, \u0160vejk nebo \u00fa\u010detn\u00ed Fantozzi, tedy nejsou u\u017e ani legra\u010dn\u00ed, ba ani oby\u010dejn\u011b sm\u011b\u0161n\u00ed, nen\u00ed \u017e\u00e1dn\u00e9ho laskav\u00e9ho nadhledu nad odch\u00e1zej\u00edc\u00ed entitou, jsou vy\u010dp\u011bl\u00ed jako cel\u00e1 \u201ejejich\u201c civilizace.<\/li>\n<li>Neexistuje v Evrop\u011b parta \u010di jin\u00fd kolektiv, kter\u00fd by byl \u010dist\u011b b\u011blo\u0161sk\u00fd. Multirasov\u00e1 diverzita v kamar\u00e1dsk\u00fdch vztaz\u00edch je v\u0161udyp\u0159\u00edtomn\u00e1, a to v rozporu s realitou.<\/li>\n<li>Pokud je oslavov\u00e1na nebo alespo\u0148 br\u00e1na na z\u0159etel n\u011bjak\u00e1 skupinov\u00e1 identita, pak v\u00fdhradn\u011b neevropsk\u00e1.<\/li>\n<li>Nejnebezpe\u010dn\u011bj\u0161\u00edm m\u00edstem na sv\u011bt\u011b je zd\u00e1nliv\u011b poklidn\u00fd skandin\u00e1vsk\u00fd venkov.<\/li>\n<\/ul>\n<p><a href=\"https:\/\/stranapro.cz\/\"><img decoding=\"async\" loading=\"lazy\" class=\"wp-image-30218 aligncenter\" src=\"http:\/\/www.infokuryr.cz\/n\/wp-content\/uploads\/2023\/06\/PRO-banner-300x36.png\" alt=\"\" width=\"1367\" height=\"164\" srcset=\"https:\/\/www.infokuryr.cz\/n\/wp-content\/uploads\/2023\/06\/PRO-banner-300x36.png 300w, https:\/\/www.infokuryr.cz\/n\/wp-content\/uploads\/2023\/06\/PRO-banner-768x93.png 768w, https:\/\/www.infokuryr.cz\/n\/wp-content\/uploads\/2023\/06\/PRO-banner.png 849w\" sizes=\"(max-width: 1367px) 100vw, 1367px\" \/><\/a><\/p>\n<p>Posledn\u00ed pravidlo ilustruje d\u00e1nsk\u00fd film Kaspera Raska\u00a0<b>Zapad\u00e1kov\u00b499<\/b>. V anotaci \u010dteme:<\/p>\n<p><em>Dosp\u00edv\u00e1n\u00ed v d\u00e1nsk\u00e9m zapad\u00e1kov\u011b na konci devades\u00e1tek nen\u00ed zrovna duha a jednoro\u017eci. Nuda se tu d\u00e1 p\u0159ekonat leda kalen\u00edm s kamar\u00e1dy, ale Alex po jednom z mejdan\u016f z\u00e1hadn\u011b zmiz\u00ed. Policie nic ned\u011bl\u00e1, a tak se jeho sestra Emma a dva k\u00e1mo\u0161i rozhodnou p\u00e1trat na vlastn\u00ed p\u011bst. Na sv\u011btlo se vyno\u0159uj\u00ed d\u011bsiv\u00e1 tajemstv\u00ed ospal\u00e9 d\u00edry, kter\u00e1 se st\u00e1v\u00e1 velmi nebezpe\u010dn\u00fdm m\u00edstem k \u017eivotu. Stylov\u011b vyt\u0159\u00edben\u00fd nordic noir pat\u0159\u00ed k nejambici\u00f3zn\u011bj\u0161\u00edm d\u00e1nsk\u00fdm young adult titul\u016fm roku.<\/em><\/p>\n<p><em>K d\u011bsiv\u00e9mu venkovu zde p\u0159ibyl je\u0161t\u011b fenom\u00e9n devades\u00e1tek, asi v podobn\u00e9m vn\u00edm\u00e1n\u00ed, jak ho raz\u00ed na\u0161i havlist\u00e9: stra\u0161n\u00e1 doba, kdy je\u0161t\u011b pokrok nedorazil do lecjak\u00e9ho ospal\u00e9ho koutu Evropy a toxicita p\u0159\u00edmo tekla ulicemi, dosud nedostate\u010dn\u011b obohacen\u00fdmi rasovou diverzitou.<\/em><\/p>\n<p>Kulturn\u00ed bojovn\u00edci se mus\u00ed pou\u0161t\u011bt do sofistikovan\u00e9ho \u201eodkr\u00fdv\u00e1n\u00ed vrstev\u201c, aby ukojili sebemrska\u010dsk\u00fd cht\u00ed\u010d. Na prvn\u00ed pohled toti\u017e obraz sou\u017eit\u00ed Evropan\u016f a imigrant\u016f nevypad\u00e1 tak, jak by to odpov\u00eddalo ideologick\u00e9mu zad\u00e1n\u00ed. A tak je pot\u0159eba slo\u017eit\u011b odhalit podstatu probl\u00e9mu. Imigranti toti\u017e vypadaj\u00ed ob\u010das nebezpe\u010dn\u011b, divoce, zd\u00e1 se dokonce, jako by d\u011blali nepo\u0159\u00e1dek, nerespektovali z\u00e1kony \u010di kulturn\u00ed a civiliza\u010dn\u00ed standardy hostitelsk\u00e9 zem\u011b, ale to je v\u0161echno jen povrchn\u00ed zd\u00e1n\u00ed. Kdy\u017e tv\u016frce p\u0159ivede div\u00e1ka k podstat\u011b v\u011bci, zjist\u00edme, \u017ee takov\u00fd imigrant je v podstat\u011b laskav\u00fd, pracovit\u00fd a obohacuj\u00edc\u00ed tvor. Ve\u0161ker\u00fd probl\u00e9m le\u017e\u00ed v n\u00e1s, v na\u0161em nepochopen\u00ed a p\u0159edsudc\u00edch. A naopak, n\u011bkter\u00e9 b\u00edl\u00e9 rodiny, \u010dtvrti, vesnice vypadaj\u00ed spo\u0159\u00e1dan\u011b a bezpe\u010dn\u011b, ale to je omyl, kter\u00fd lze op\u011bt nahl\u00e9dnout a\u017e po pe\u010dliv\u00e9m odstran\u011bn\u00ed vrchn\u00ed slupky. Pak pod citliv\u00fdm veden\u00edm progresivn\u00edho tv\u016frce div\u00e1k pochop\u00ed, \u017ee ve skute\u010dnosti jde o toxick\u00e9 prost\u0159ed\u00ed, pln\u00e9 zakomplexovan\u00fdch, nebezpe\u010dn\u00fdch n\u00e1siln\u00edk\u016f a temn\u00e9 minulosti.<\/p>\n<p>A stejn\u011b tak je prezentov\u00e1n vztah m\u011bsto-venkov. Klidn\u011b a bezpe\u010dn\u011b vyhl\u00ed\u017eej\u00edc\u00ed vesnice je pln\u00e1 jedinc\u016f, kte\u0159\u00ed maj\u00ed sice kytky v oknech, ale pravd\u011bpodobn\u011b bij\u00ed svou \u017eenu, utla\u010duj\u00ed fantazii sv\u00fdch d\u011bt\u00ed, maj\u00ed nacistickou minulost nebo aspo\u0148 choutky a n\u011bkte\u0159\u00ed z nich ve sklep\u011b mu\u010d\u00ed cizince, \u017eeny nebo levi\u010d\u00e1cky. Viz v\u0161echny ty seversk\u00e9 krimin\u00e1lky posledn\u00edch dek\u00e1d. Kde\u017eto m\u011bsto, p\u0159es n\u011bjak\u00e9 to n\u00e1sil\u00ed, \u0161p\u00ednu a drogy je p\u0159ece jen kosmopolitn\u011b \u0161\u0165astn\u00e9, pln\u00e9 diverzity, intelektu\u00e1l\u016f a barevn\u00e9ho obohacen\u00ed. Hlavn\u011b s dostatkem halal a ko\u0161er a jin\u00fdch exotick\u00fdch a zdrav\u00fdch pochutin, kde\u017eto zaostal\u00e1 ch\u00e1tra na venkov\u011b se cpe po\u0159\u00e1d jenom vep\u0159ov\u00fdm.<\/p>\n<p>Z jin\u00e9ho soudku je \u0161v\u00e9dsk\u00fd film\u00a0<b>Z\u00e1kon gangu<\/b>, k n\u011bmu\u017e je tato anotace:<\/p>\n<p><em>Talentovan\u00fd a slu\u0161n\u011b vychovan\u00fd dvan\u00e1ctilet\u00fd Abdel \u017eije se svou matkou na neut\u011b\u0161en\u00e9m p\u0159edm\u011bst\u00ed pro soci\u00e1ln\u011b slab\u00e9. Kdy\u017e jeho nejlep\u0161\u00ed kamar\u00e1d za\u010dne prod\u00e1vat drogy pro m\u00edstn\u00ed gang, Abdi se ve snaze pomoci mu z nesn\u00e1z\u00ed nech\u00e1 zat\u00e1hnout do krimin\u00e1ln\u00edch aktivit. T\u00edm riskuje, \u017ee zm\u011bn\u00ed b\u011bh sv\u00e9ho \u017eivota a nech\u00e1 se strhnout na cestu, kterou si s\u00e1m nevybral. Po nevyda\u0159en\u00e9 akci ne\u00famysln\u011b prozrad\u00ed, kde se nach\u00e1z\u00ed \u00fakryt gangu, kter\u00fd je vz\u00e1p\u011bt\u00ed napaden konkurenc\u00ed. Abdel se dost\u00e1v\u00e1 pod tlak gangu a je nucen svou chybu od\u010dinit. P\u016fsobiv\u00e9 drama s brilantn\u00edmi hereck\u00fdmi v\u00fdkony poukazuje na to, \u017ee i kdy\u017e m\u00e1te dobr\u00fd domov, rodi\u010de a sny, st\u00e1le m\u016f\u017eete skon\u010dit ve \u0161patn\u00e9 spole\u010dnosti kv\u016fli tlaku vrstevn\u00edk\u016f. Realistick\u00fd sn\u00edmek, pat\u0159\u00edc\u00ed k t\u011bm, kter\u00e9 by dosp\u00edvaj\u00edc\u00ed div\u00e1k nem\u011bl minout, z\u00edskal Cenu mlad\u00e9 poroty a Cenu \u0160v\u00e9dsk\u00e9 c\u00edrkve na leto\u0161n\u00edm mezin\u00e1rodn\u00edm filmov\u00e9m festivalu BUFF ve \u0161v\u00e9dsk\u00e9m Malm\u00f6.<\/em><\/p>\n<p>Tato momentka z filmu Z\u00e1kony gangu sugestivn\u011b vyjad\u0159uje v\u0161e, co pot\u0159ebujete v\u011bd\u011bt o budoucnosti Evropy. Aby bylo jasno, mil\u00ed mlad\u00ed div\u00e1ci: Imigranti jsou z gruntu hodn\u00ed lid\u00e9, v\u011bt\u0161ina z nich chce \u017e\u00edt slu\u0161n\u011b, jsou zpravidla talentovan\u00ed, za v\u0161echno nep\u011bkn\u00e9 m\u016f\u017ee \u0161v\u00e9dsk\u00e1 spole\u010dnost, kv\u016fli n\u00ed\u017e se ocitli kdesi v divn\u00e9 \u010dtvrti, nikdo je nech\u00e1pe, a hlavn\u011b ne zl\u00ed b\u00edl\u00ed policist\u00e9, kte\u0159\u00ed je neust\u00e1le t\u00fdraj\u00ed svou brutalitou. Kdyby bylo jen trochu v\u00edce pochopen\u00ed a jen trochu m\u00e9n\u011b fa\u0161istick\u00fdch policajt\u016f, byla by \u0161v\u00e9dsk\u00e1 p\u0159edm\u011bst\u00ed o\u00e1zami klidu, m\u00edru a prosperity. Skandin\u00e1v\u0161t\u00ed policist\u00e9 jsou vlastn\u011b vd\u011b\u010dn\u00ed za imigraci a no go z\u00f3ny, proto\u017ee se kone\u010dn\u011b mohou v pr\u00e1ci trochu pobavit, kdy\u017e bezd\u016fvodn\u011b \u0161ikanuj\u00ed nevinn\u00e9 bezmocn\u00e9 imigranty. Kone\u010dn\u011b mohou projevit latentn\u00ed skryt\u00fd rasismus, xenofobii a sadistick\u00e9 choutky, kter\u00e9 si v nudn\u011b bezpe\u010dn\u00e9m star\u00e9m \u0160v\u00e9dsku nemohli dostate\u010dn\u011b vyb\u00edt.<\/p>\n<div class=\"karta\">\n<figure><img decoding=\"async\" loading=\"lazy\" class=\"aligncenter\" src=\"https:\/\/zvedavec.news\/images\/23\/zlinsky-festival-zakon-gangu.jpg\" alt=\"[Zl\u00ed b\u00edl\u00ed p...]\" width=\"580\" height=\"326\" \/><figcaption>Zl\u00ed b\u00edl\u00ed policist\u00e9 pacifikuj\u00ed talentovan\u00e9ho a slu\u0161n\u011b vychovan\u00e9ho dvan\u00e1ctilet\u00e9ho Abdela, kter\u00fd se jak\u00fdmsi z\u00e1hadn\u00fdm \u0159\u00edzen\u00edm osudu zapojil do krimin\u00e1ln\u00edch aktivit gangu dal\u0161\u00edch Abdel\u016f<\/figcaption><\/figure>\n<\/div>\n<p><b>Tato pakultura, prezentovan\u00e1 na zl\u00ednsk\u00e9m \u201ed\u011btsk\u00e9m\u201c filmov\u00e9m festivalu, zkr\u00e1tka existuje jen proto, aby postupn\u011b utvrzovala dal\u0161\u00ed a dal\u0161\u00ed generace v tom, \u017ee z\u00e1padn\u00ed civilizace je zr\u016fdnost a m\u011bla by i se sv\u00fdmi nositeli zmizet ze sv\u011bta, co\u017e p\u0159inese kone\u010dn\u011b k\u00fd\u017een\u00fd m\u00edr, v\u0161eobecn\u00e9 sbrat\u0159en\u00ed a samoz\u0159ejm\u011b i z\u00e1chranu planety<\/b>. Pro d\u011bti je pop kultura n\u011bco jako zpr\u00e1vy pro dosp\u011bl\u00e9, ur\u010duje my\u0161len\u00ed, vn\u00edm\u00e1n\u00ed normality, hodnotov\u00e9 preference. Nastoluje o\u010dek\u00e1v\u00e1n\u00ed, ukazuje sm\u011br sna\u017eiv\u00fdm a p\u0159izp\u016fsobiv\u00fdm, jak b\u00fdt \u00fasp\u011b\u0161n\u00fdm ob\u010danem, a ty ostatn\u00ed nen\u00e1padn\u011b manipuluje do p\u0159ipraven\u00fdch cesti\u010dek, kudy \u201erebelovat\u201c, umo\u017e\u0148uje jim \u201evzbou\u0159it se\u201c proti spole\u010dnosti \u2013 tak, aby to neohro\u017eovalo Syst\u00e9m v jeho podstat\u011b.<\/p>\n<p>Tv\u016frc\u016fm norsk\u00e9ho filmu\u00a0<b>Lajkni m\u011b<\/b>\u00a0\u0161lo o demonstraci faktu, \u017ee pro nastupuj\u00edc\u00ed seversk\u00e9 generace je p\u0159edstava zahrnov\u00e1n\u00ed rasov\u00fdch charakteristik do vztahov\u00fdch preferenc\u00ed n\u011bco zcela nep\u0159edstaviteln\u00e9ho (alespo\u0148 ofici\u00e1ln\u011b). Ze dvou kamar\u00e1dek je na oslavu pozv\u00e1na jen jedna a druh\u00e1 se c\u00edt\u00ed b\u00fdt vy\u0159azena z kolektivu. P\u0159itom pozvanou kamar\u00e1dkou je d\u00edvka s imigra\u010dn\u00edmi ko\u0159eny, kde\u017eto nepozvanou je typick\u00e1 seve\u0159anka. Je jasn\u00e9, \u017ee sympatie a antipatie norsk\u00e9ho d\u011btsk\u00e9ho kolektivu ji\u017e zcela ignoruj\u00ed faktum etnicity. Je\u0161t\u011b p\u0159ed deseti lety by z\u0159ejm\u011b byla onou vy\u0159azenou z kolektivu cizinka a byla by to dr\u00e1sav\u00e1 um\u011bleck\u00e1 reflexe rasistick\u00e9 podstaty skandin\u00e1vsk\u00e9 spole\u010dnosti. Nyn\u00ed u\u017e panuje rasov\u00e1 slepota. To je hlavn\u00ed poselstv\u00ed p\u0159\u00edb\u011bhu, v n\u011bm\u017e pseudoprobl\u00e9my d\u011btsk\u00e9 psychiky tvo\u0159\u00ed jen om\u00e1\u010dku ke zjemn\u011bn\u00ed celkov\u00e9 chuti.<\/p>\n<div class=\"karta\" style=\"text-align: center;\">\n<figure><img decoding=\"async\" loading=\"lazy\" class=\"aligncenter\" src=\"https:\/\/zvedavec.news\/images\/23\/zlinsky-fietival-laikni-me.jpg\" alt=\"[Arin pozva...]\" width=\"580\" height=\"326\" \/><figcaption>Arin pozvali do skupiny cool holek na \u0161kole. Jej\u00ed nejlep\u0161\u00ed kamar\u00e1dku Odu ale ne<\/figcaption><\/figure>\n<\/div>\n<p><b>Moje drah\u00e1 Zoe<\/b>\u00a0je film americk\u00fd:<\/p>\n<p><em>Drama z obdob\u00ed dosp\u00edv\u00e1n\u00ed, v n\u011bm\u017e siln\u00fd p\u0159\u00edb\u011bh o smutku a odolnosti vypr\u00e1v\u00ed \u0161estn\u00e1ctilet\u00e1 Tess. Vyrovnat se se smrt\u00ed mal\u00e9 sest\u0159i\u010dky j\u00ed ne\u010dekan\u011b pom\u016f\u017ee jej\u00ed biologick\u00fd otec \u2013 sympatick\u00fd \u201efl\u00e1ka\u010d\u201c z probl\u00e9mov\u00e9 \u010d\u00e1sti m\u011bsta \u2013 a tak\u00e9 okouzluj\u00edc\u00ed mlad\u00edk od vedle, kter\u00fd m\u00e1 v\u0161ak za sebou st\u0159ety se z\u00e1konem.<\/em><\/p>\n<div class=\"karta\" style=\"text-align: center;\">\n<figure><img decoding=\"async\" loading=\"lazy\" class=\"aligncenter\" src=\"https:\/\/zvedavec.news\/images\/23\/zlinsky-festival-mode-draha-zoe.jpg\" alt=\"[Sympatick\u00fd...]\" width=\"580\" height=\"293\" \/><figcaption>Sympatick\u00fd \u201efl\u00e1ka\u010d\u201c z probl\u00e9mov\u00e9 \u010d\u00e1sti m\u011bsta nezapom\u00edn\u00e1 na kultivaci demograficky upadaj\u00edc\u00edch b\u011blo\u0161ek<\/figcaption><\/figure>\n<\/div>\n<p>Net\u0159eba snad dod\u00e1vat, \u017ee onen sympatick\u00fd fl\u00e1ka\u010d je \u010dernoch. Hrdiny jsou \u010dasto lid\u00e9 z okraje spole\u010dnosti, co\u017e je \u0161lecht\u00ed, nebo\u0165 v\u00edme, \u017ee jde o spole\u010dnost zka\u017eenou a toxickou.\u00a0<b>V \u0159ad\u011b film\u016f jde o oslavu cik\u00e1nsk\u00e9ho zp\u016fsobu \u017eivota, ko\u010dovn\u00e9 n\u00e1tury, oslavuje se \u010dlov\u011bk \u017eij\u00edc\u00ed mimo pravidla z\u00e1padn\u00ed spole\u010dnosti nebo p\u0159\u00edmo v opozici v\u016f\u010di nim. Sp\u00e1su do \u017eivota dezintegrovan\u00fdch, zmaten\u00fdch evropsk\u00fdch malom\u011b\u0161\u0165\u00e1k\u016f, zm\u00edtaj\u00edc\u00edch ve v\u0161ech mo\u017en\u00fdch poruch\u00e1ch identit, jsou za\u010dast\u00e9 oni interesantn\u00ed vyd\u011bd\u011bnci \u010di imigranti, kte\u0159\u00ed uk\u00e1\u017e\u00ed b\u00edl\u00e9mu d\u00edt\u011bti, jemu\u017e u\u017e jeho vlastn\u00ed kultura neposkytuje \u017e\u00e1dn\u00e9 inicia\u010dn\u00ed podn\u011bty, nov\u00e9 cesty, nov\u00e9 obzory, zcela jin\u00fd zp\u016fsob \u017eivota a my\u0161len\u00ed, uvoln\u011bn\u00ed od konvenc\u00ed a p\u0159edsudk\u016f.<\/b>\u00a0Jde o ment\u00e1ln\u00ed proces doprov\u00e1zej\u00edc\u00ed\u00a0<b>Velkou v\u00fdm\u011bnu<\/b>\u00a0\u2013 proces p\u0159etahov\u00e1n\u00ed d\u011bt\u00ed na \u201edruh\u00fd b\u0159eh\u201c.<\/p>\n<p>\u010cesk\u00fd film Michala Bla\u0161ka nato\u010den\u00fd v koprodukci se Slovenskem a N\u011bmeckem, s n\u00e1zvem\u00a0<b>Ob\u011b\u0165<\/b>, obsahuje v\u0161echno, co m\u00e1 sou\u010dasn\u00fd festivalov\u00fd hit m\u00edt:<\/p>\n<p><em>Irina je svobodn\u00e1 matka z Ukrajiny, kter\u00e1 \u017eije v mal\u00e9m \u010desk\u00e9m m\u011bst\u011b. Kdy\u017e je jej\u00ed syn napaden, cel\u00e9 m\u011bsto se spoj\u00ed v solidarit\u011b s jej\u00ed rodinou a v odsouzen\u00ed romsk\u00fdch soused\u016f, kte\u0159\u00ed \u00fadajn\u011b zlo\u010din sp\u00e1chali. Pot\u00e9, co se Irinin syn probud\u00ed v nemocnici, za\u010d\u00edn\u00e1 b\u00fdt t\u011b\u017ek\u00e9 rozli\u0161it pravdu a le\u017e\u2026 P\u0159\u00edb\u011bh emotivn\u00ed cesty \u017eeny, kter\u00e1 hled\u00e1 spravedlnost v rasistick\u00e9 spole\u010dnosti a navzdory v\u0161em stereotyp\u016fm se sna\u017e\u00ed z\u016fstat v\u011brn\u00e1 sama sob\u011b.<\/em><\/p>\n<p>Kv\u00edzov\u00e1 ot\u00e1zka: Napadli neboh\u00e9ho ukrajinsk\u00e9ho b\u011b\u017eence Romov\u00e9, na kter\u00e9 se v\u017edycky v\u0161echno svede, nebo sp\u00ed\u0161e n\u011bkter\u00fd z on\u011bch zd\u00e1nliv\u011b spo\u0159\u00e1dan\u00fdch malom\u011b\u0161\u0165\u00e1k\u016f? Nev\u00edm, film jsem na\u0161t\u011bst\u00ed nevid\u011bl, ale zn\u00e1me pravidla. Ot\u00e1zka, v jak\u00e9m sv\u011bt\u011b vlastn\u011b tv\u016frci obdobn\u00fdch v\u00fdplod\u016f \u017eij\u00ed, nab\u00fdv\u00e1 na pikantnosti v kontextu s ned\u00e1vnou vra\u017edou v Brn\u011b, kde se v souladu s realitou v\u0161echno ud\u00e1lo \u00fapln\u011b naruby oproti tomu, jak n\u00e1m cht\u011bj\u00ed malovat sv\u011bt progresivn\u00ed trubad\u00fa\u0159i.<\/p>\n<p><b>Film je geni\u00e1ln\u00ed kompilac\u00ed v\u0161ech mo\u017en\u00fdch \u017e\u00e1dan\u00fdch a \u201eoce\u0148ovan\u00fdch\u201c narativ\u016f: Je tady pozitivn\u00ed siln\u00e1 \u017eensk\u00e1 osobnost, ukrajinsk\u00e9 t\u00e9ma, primitivn\u00ed xenofobn\u00ed p\u0159edsudky, a samoz\u0159ejm\u011b prohnil\u00e9 a rasistick\u00e9 \u010desk\u00e9 malom\u011bsto<\/b>. Nezb\u00fdv\u00e1 ne\u017e obdivovat pohotovost t\u011bchto vy\u017e\u00edra\u010d\u016f unijn\u00edch kultur-grant\u016f, s jakou jsou v\u017edy p\u0159ipraveni vysko\u010dit a za\u0161t\u011bkat nikoli podle toho, co si p\u00e1n\u00ed\u010dek \u017e\u00e1d\u00e1, ale jen podle toho, jak\u00e9 p\u0159\u00e1n\u00ed mu vid\u00ed na o\u010d\u00edch. V\u0161ak cuk\u0159\u00ed\u010dek je za to v\u017edycky.<\/p>\n<p><a href=\"https:\/\/stranapro.cz\/\"><img decoding=\"async\" loading=\"lazy\" class=\"wp-image-30218 aligncenter\" src=\"http:\/\/www.infokuryr.cz\/n\/wp-content\/uploads\/2023\/06\/PRO-banner-300x36.png\" alt=\"\" width=\"1375\" height=\"165\" srcset=\"https:\/\/www.infokuryr.cz\/n\/wp-content\/uploads\/2023\/06\/PRO-banner-300x36.png 300w, https:\/\/www.infokuryr.cz\/n\/wp-content\/uploads\/2023\/06\/PRO-banner-768x93.png 768w, https:\/\/www.infokuryr.cz\/n\/wp-content\/uploads\/2023\/06\/PRO-banner.png 849w\" sizes=\"(max-width: 1375px) 100vw, 1375px\" \/><\/a><\/p>\n<p>\u0160v\u00e9dsk\u00fd film\u00a0<b>Exodus<\/b>\u00a0(a dal\u0161\u00ed podobn\u00e9) je tu proto, abychom v z\u00e1plav\u011b (homo)sexu\u00e1ln\u00edho uvoln\u011bn\u00ed nezapom\u00ednali na neboh\u00e9 imigranty:<\/p>\n<p><em>Sledujeme osudy dvan\u00e1ctilet\u00e9 syrsk\u00e9 uprchlice Amal na cest\u011b do Rumunska, kde se m\u00e1 v tamn\u00edm uprchlick\u00e9m t\u00e1bo\u0159e shledat se svou rodinou. Nejd\u0159\u00edve ji v\u0161ak \u010dek\u00e1 riskantn\u00ed cesta p\u0159es Turecko. Po p\u0159\u00edjezdu v p\u0159epln\u011bn\u00e9m p\u0159epravn\u00edm kontejneru do Istanbulu se j\u00ed jen tak tak poda\u0159\u00ed ut\u00e9ct p\u0159ed razi\u00ed tureck\u00fdch imigra\u010dn\u00edch \u00fa\u0159ad\u016f. Dostat se zp\u00e1tky k rodin\u011b j\u00ed na cest\u011b po Evrop\u011b ne\u010dekan\u011b pom\u016f\u017ee pa\u0161er\u00e1k Sam.<\/em><\/p>\n<p>Autorem p\u0159\u00edb\u011bhu je \u0161v\u00e9dsk\u00fd sc\u00e9n\u00e1rista s typick\u00fdm jm\u00e9nem Abbe Hassan. Skoro v\u0161ichni tv\u016frci ze z\u00e1padu a severu Evropy jsou neevropsk\u00e9ho p\u016fvodu, pokud jsou autochtonn\u00ed, maj\u00ed nev\u00fdhodu, kterou mus\u00ed doh\u00e1n\u011bt siln\u011b progresivn\u00edmi t\u00e9maty.\u00a0<b>A tak zat\u00edmco nov\u00ed Belgi\u010dan\u00e9, \u0160v\u00e9di, Holan\u010fan\u00e9 nebo Francouzi mohou ve filmech \u0159e\u0161it svou identitu nebo oslavovat sv\u00e9 p\u0159edky, p\u016fvodn\u00ed Evropan\u00e9 mus\u00ed vyniknout p\u0159\u00edb\u011bhy o homosexu\u00e1lech, transsexu\u00e1lech, drog\u00e1ch \u010di b\u011blo\u0161sk\u00e9m rasismu a toxick\u00fdch \u0161ovinistick\u00fdch rodin\u00e1ch.<\/b><\/p>\n<p>Velmi \u010dast\u00e9 jsou ov\u0161em mezin\u00e1rodn\u00ed filmov\u00e9 projekty. Nadn\u00e1rodn\u00ed (mezikontinent\u00e1ln\u00ed, mezirasov\u00e1, vpravd\u011b\u00a0<b>multikulturn\u00ed<\/b>) koprodukce zbavuje p\u0159\u00edb\u011bhy autentick\u00e9 identity, atmosf\u00e9ry, typick\u00e9ho prost\u0159ed\u00ed, kter\u00e9 by p\u0159ipom\u00ednalo kulturu n\u011bkter\u00e9ho evropsk\u00e9ho n\u00e1roda nebo st\u00e1tu. Lze jen vzpom\u00ednat na nezam\u011bnitelnou v\u016fni star\u00fdch francouzsk\u00fdch, italsk\u00fdch \u010di anglick\u00fdch film\u016f.\u00a0<b>Pokud je u\u017e d\u016fraz polo\u017een na n\u011bjakou identitu, ko\u0159eny a vz\u00e1jemnost, pak jedin\u011b v r\u00e1mci n\u011bkter\u00e9ho neevropsk\u00e9ho n\u00e1roda, kmene, kultury. V\u011bt\u0161inou jde o univerzalistick\u00e1, tenden\u010dn\u00ed a vypr\u00e1zdn\u011bn\u00e1 slohov\u00e1 cvi\u010den\u00ed na o\u010dek\u00e1van\u00e1 progresivn\u00ed t\u00e9mata<\/b>.<\/p>\n<p>M\u00e1me zde dva druhy d\u011bl: globalistickou koprodukci zpravidla evropsk\u00fdch a neevropsk\u00fdch zem\u00ed, a potom \u201eevropsk\u00e9 filmy\u201c, mezi jejich\u017e tv\u016frci p\u0159eva\u017euj\u00ed lid\u00e9 asijsk\u00e9ho a africk\u00e9ho p\u016fvodu.\u00a0<b>Samotn\u00e1 Evropa u\u017e nen\u00ed zaj\u00edmav\u00e1, nehraje \u017e\u00e1dnou roli, nen\u00ed divu, \u017ee o skute\u010dn\u00e9 probl\u00e9my evropsk\u00fdch d\u011bt\u00ed a mlad\u00fdch, o skute\u010dn\u00fdch trablech, nejistot\u00e1ch a ohro\u017een\u00ed, o skute\u010dn\u00fdch nespravedlnostech, o skute\u010dn\u00fdch temnot\u00e1ch, o velikosti evropsk\u00e9 kultury a jej\u00edm ohro\u017een\u00ed, o zab\u00edr\u00e1n\u00ed evropsk\u00e9ho prostoru v\u010detn\u011b \u0161kol a ulic cizinci, se \u017e\u00e1dn\u00fd z autor\u016f t\u011bchto b\u00e1je\u010dn\u00fdch film\u016f nezaj\u00edm\u00e1.<\/b>\u00a0Zat\u00edmco v neevropsk\u00fdch a evropsk\u00fdch barevn\u00fdch rodin\u00e1ch existuje cit, vz\u00e1jemnost, moudrost star\u0161\u00edch, b\u00edl\u00e9 rodiny jsou v\u011bt\u0161inou zobrazov\u00e1ny jako toxick\u00e9, rozkl\u00ed\u017een\u00e9, jako n\u00e1silnick\u00e9 a nech\u00e1paj\u00edc\u00ed prost\u0159ed\u00ed, sv\u00fdmi p\u0159edsudky, \u0161ovinismem a zp\u00e1te\u010dnictv\u00edm br\u00e1n\u00edc\u00ed d\u00edt\u011bti v osobnostn\u00edm rozvoji.<\/p>\n<p>Filmy jako\u00a0<b>Matka zem\u011b<\/b>\u00a0jsou pln\u00e9 pochopen\u00ed, respektu a obdivu k jin\u00fdm kultur\u00e1m, tradic\u00edm, k d\u016fle\u017eitosti nalezen\u00ed vlastn\u00ed kmenov\u00e9 identity, tedy v\u0161eho, co je v b\u011blo\u0161sk\u00e9m kontextu vn\u00edm\u00e1no jako rasistick\u00e9 a p\u0159ekonan\u00e9:<\/p>\n<p><em>Hrdinka Krisha je dcerou Yates\u016f, nom\u00e1dsk\u00e9ho kmene z tundry. Kdy\u017e jej\u00ed matka v\u00e1\u017en\u011b onemocn\u00ed, Krisha uposlechne radu \u0161amana a vyd\u00e1 se na cestu za rudou medv\u011bdic\u00ed \u2013 posv\u00e1tn\u00fdm duchem a vlastn\u00edkem zem\u011b, kter\u00fd j\u00ed m\u016f\u017ee pomoci.<\/em><\/p>\n<p>\u017d\u00e1dn\u00e9 konkr\u00e9tn\u00ed evropsk\u00e9 n\u00e1rodn\u00ed \u010di region\u00e1ln\u00ed tradice \u010di kulturn\u00ed odkazy v tomto duchu nejsou v \u017e\u00e1dn\u00e9m filmu reflektov\u00e1ny, p\u0159\u00edpadn\u011b je na n\u011b odkazov\u00e1no v siln\u011b negativn\u00edch konotac\u00edch.<\/p>\n<p>Film\u00a0<b>Shabu<\/b>. Re\u017eie: Shamira Rapha\u00ebla. Koprodukce Nizozemsko-Belgie:<\/p>\n<p><em>\u010ctrn\u00e1ctilet\u00fd Shabu \u017eije v dynamick\u00e9m l\u00e1skypln\u00e9m prost\u0159ed\u00ed, kde se v\u0161ichni znaj\u00ed a navz\u00e1jem se podporuj\u00ed. A letos v l\u00e9t\u011b bude podporu rozhodn\u011b pot\u0159ebovat. Nahn\u011bval si toti\u017e svou babi\u010dku \u2013 nejd\u016fle\u017eit\u011bj\u0161\u00ed \u017eenu jeho \u017eivota \u2013 kter\u00e9 v dob\u011b, kdy byla na dovolen\u00e9 v Surinamu, bez dovolen\u00ed vzal jej\u00ed auto a naboural jej. M\u00edsto hudebn\u00ed kari\u00e9ry si tak mus\u00ed vyd\u011blat na zaplacen\u00ed \u0161kody.<\/em><\/p>\n<p>Zdrav\u00e9 rodinn\u00e9 vztahy, norm\u00e1ln\u00ed prost\u0159ed\u00ed vid\u00edme pouze u rodin p\u0159ist\u011bhovalc\u016f. Pro zaj\u00edmavost Shamira Rapha\u00ebla je nizozemsk\u00e1 dokument\u00e1rn\u00ed re\u017eis\u00e9rka p\u016fvodem z karibsk\u00e9ho ostrova Aruba.<\/p>\n<p>Film\u00a0<b>Ona je tak zatracen\u011b fajn<\/b>. Re\u017eie: Christoffer Sandler. Koprodukce \u0160v\u00e9dsko-Norsko:<\/p>\n<p><em>Joannina mysl je jako blikaj\u00edc\u00ed z\u00e1bavn\u00ed park v hlavn\u00ed sez\u00f3n\u011b. Osmnn\u00e1ctilet\u00e1 d\u00edvka pot\u0159ebuje l\u00e9ky, aby ADHD a sv\u016fj mozek udr\u017eela na uzd\u011b. Jej\u00ed otec se l\u00e9\u010d\u00ed z depres\u00ed a jeho nemocensk\u00e1 sotva pokryje n\u00e1klady na bydlen\u00ed. Joanna si tak l\u00e9ky nem\u016f\u017ee dovolit. Obej\u00edt se bez l\u00e9k\u016f v\u0161ak znamen\u00e1 hodn\u011b zneklid\u0148uj\u00edc\u00ed a syrovou verzi sebe sama, a tak d\u00edvka mus\u00ed b\u00fdt v z\u00edsk\u00e1n\u00ed pen\u011bz hodn\u011b kreativn\u00ed. Do tohoto chaosu vstoup\u00ed okouzluj\u00edc\u00ed a sebev\u011bdom\u00e1 Audrey.<\/em><\/p>\n<p>Ide\u00e1ln\u00ed hrdinka zkr\u00e1tka trp\u00ed ADHD a je\u0161t\u011b je lesba. Respektive asi. Zkou\u0161\u00ed toti\u017e sex s chlapci, ale je to nuda, a tak na sc\u00e9nu vstupuje kr\u00e1sn\u00e1 d\u00edvka Audrey a Joanna n\u00e1hle zji\u0161\u0165uje, co je vlastn\u011b fajn. Aby to bylo dokonal\u00e9, charismatick\u00e1 Audrey m\u00e1 asiatsk\u00e9 rysy, z\u0159ejm\u011b je to m\u00ed\u0161enka. Lesbick\u00fd a mezirasov\u00fd vztah, jistota festivalov\u00e9ho \u00fasp\u011bchu. \u00c1 propos, co ty miliony mlad\u00fdch v Evrop\u011b, kter\u00e9 je\u0161t\u011b \u017eij\u00ed norm\u00e1ln\u00edmi probl\u00e9my? Kter\u00fd filma\u0159 hodl\u00e1 oslovit a pot\u011b\u0161it tak\u00e9 je? A kter\u00fd fond EU je na to vyhrazen?<\/p>\n<p><b>Neneh Superstar<\/b>\u00a0francouzsk\u00e9ho re\u017eis\u00e9ra Ramzi Ben Slimana vypr\u00e1v\u00ed o dvan\u00e1ctilet\u00e9 Neneh:<\/p>\n<p><em>Jej\u00edm snem je studovat na \u0161kole baletu pa\u0159\u00ed\u017esk\u00e9 opery. I p\u0159es svou obrovskou snahu v\u0161ak mus\u00ed vynalo\u017eit dvojn\u00e1sobn\u00e9 \u00fasil\u00ed k tomu, aby se dok\u00e1zala postavit p\u0159ek\u00e1\u017ek\u00e1m, kter\u00e9 jej\u00ed p\u016fvod p\u0159edstavuje, a byla p\u0159ijata \u0159editelkou \u0161koly Mariannou Belage. Ta dr\u017e\u00ed pevn\u011b v rukou nejen tradici \u0161koly, ale tak\u00e9 tajemstv\u00ed, kter\u00e9 ji s mladi\u010dkou baletkou spojuje.<\/em><\/p>\n<p>Centr\u00e1ln\u00ed postavou je mlad\u00e1 \u010derno\u0161ka, mnohem zaj\u00edmav\u011bj\u0161\u00ed a talentovan\u011bj\u0161\u00ed ne\u017e jej\u00ed b\u011blo\u0161sk\u00e9 okol\u00ed, kter\u00e9 ji tvo\u0159\u00ed de facto jen staf\u00e1\u017e. Jej\u00ed protihr\u00e1\u010dkou je \u0159editelka tane\u010dn\u00ed \u0161koly. Dal\u0161\u00ed z film\u016f, kde se\u00a0<b>feministky<\/b>\u00a0mst\u00ed za star\u00e9 filmy, v nich\u017e \u017eeny figurovaly coby pouh\u00e9 ozdoby. Nyn\u00ed je nastolen trend siln\u00fdch \u017eensk\u00fdch figur, v jejich\u017e vz\u00e1jemn\u00fdch vztaz\u00edch se klene cel\u00fd d\u011bjov\u00fd oblouk. Mu\u017ei tu nejsou u\u017e ani ozdobami, sp\u00ed\u0161e trapn\u00fdmi p\u0159\u00edv\u011bsky, snad jen pro zasm\u00e1n\u00ed, nebo snad aby vedle t\u011bch sm\u011b\u0161n\u00fdch slaboch\u016f l\u00e9pe vynikly siln\u00e9 \u017eensk\u00e9 charaktery. Nereflektuje zde op\u011bt \u201ekultura\u201c v obraze mizej\u00edc\u00ed maskulinity situaci, kterou sama usilovn\u011b vytv\u00e1\u0159\u00ed a podporuje?<\/p>\n<div class=\"karta\" style=\"text-align: center;\">\n<figure><img decoding=\"async\" loading=\"lazy\" class=\"aligncenter\" src=\"https:\/\/zvedavec.news\/images\/23\/zlinsky-festival-neneh-super.jpg\" alt=\"[Neneh je S...]\" width=\"580\" height=\"326\" \/><figcaption>Neneh je Superstar a star\u00e1 Evropa u\u017e jen vzhl\u00ed\u017e\u00ed k nadan\u011bj\u0161\u00ed Evrop\u011b nov\u00e9. Nemo nostrum sine culpa est.<\/figcaption><\/figure>\n<\/div>\n<p>O tom, jak\u00e9 tajemstv\u00ed spojuje mladi\u010dkou baletku a \u0159editelku \u0161koly, pot\u00e9, co jsem vid\u011bl a za\u017eil ve Zl\u00edn\u011b, rad\u011bji ani nespekuluji\u2026<\/p>\n<p><em>\u00davodn\u00ed fotografie: \u201eHv\u011bzdy\u201c BFI Flare, Lond\u00fdn. Za jak dlouho to bude podobn\u011b vypadat ve Zl\u00edn\u011b? Nakro\u010deno je slu\u0161n\u011b.<\/em><\/p>\n<div class=\"podcarou\">\n<p><a href=\"https:\/\/deliandiver.org\/\" target=\"_blank\" rel=\"external noopener\">Zdroj<\/a><\/p>\n<\/div>\n<p>&nbsp;<\/p>\n<p><a href=\"https:\/\/stranapro.cz\/\"><img decoding=\"async\" loading=\"lazy\" class=\"wp-image-30218 aligncenter\" src=\"http:\/\/www.infokuryr.cz\/n\/wp-content\/uploads\/2023\/06\/PRO-banner-300x36.png\" alt=\"\" width=\"1367\" height=\"164\" srcset=\"https:\/\/www.infokuryr.cz\/n\/wp-content\/uploads\/2023\/06\/PRO-banner-300x36.png 300w, https:\/\/www.infokuryr.cz\/n\/wp-content\/uploads\/2023\/06\/PRO-banner-768x93.png 768w, https:\/\/www.infokuryr.cz\/n\/wp-content\/uploads\/2023\/06\/PRO-banner.png 849w\" sizes=\"(max-width: 1367px) 100vw, 1367px\" \/><\/a><\/p>\n<p>&nbsp;<\/p>\n<p>&nbsp;<\/p>\n<p>&nbsp;<\/p>\n<p>&nbsp;<\/p>\n","protected":false},"excerpt":{"rendered":"<p>Ofici\u00e1ln\u011b se ta akce jmenovala\u00a0Zl\u00edn Film Festival 2023\u00a0\u2013 mezin\u00e1rodn\u00ed festival pro d\u011bti a ml\u00e1de\u017e, a&#8230;<\/p>\n","protected":false},"author":2,"featured_media":31582,"comment_status":"closed","ping_status":"closed","sticky":false,"template":"","format":"standard","meta":[],"categories":[6],"tags":[1077,206,5400],"_links":{"self":[{"href":"https:\/\/www.infokuryr.cz\/n\/wp-json\/wp\/v2\/posts\/31581"}],"collection":[{"href":"https:\/\/www.infokuryr.cz\/n\/wp-json\/wp\/v2\/posts"}],"about":[{"href":"https:\/\/www.infokuryr.cz\/n\/wp-json\/wp\/v2\/types\/post"}],"author":[{"embeddable":true,"href":"https:\/\/www.infokuryr.cz\/n\/wp-json\/wp\/v2\/users\/2"}],"replies":[{"embeddable":true,"href":"https:\/\/www.infokuryr.cz\/n\/wp-json\/wp\/v2\/comments?post=31581"}],"version-history":[{"count":0,"href":"https:\/\/www.infokuryr.cz\/n\/wp-json\/wp\/v2\/posts\/31581\/revisions"}],"wp:featuredmedia":[{"embeddable":true,"href":"https:\/\/www.infokuryr.cz\/n\/wp-json\/wp\/v2\/media\/31582"}],"wp:attachment":[{"href":"https:\/\/www.infokuryr.cz\/n\/wp-json\/wp\/v2\/media?parent=31581"}],"wp:term":[{"taxonomy":"category","embeddable":true,"href":"https:\/\/www.infokuryr.cz\/n\/wp-json\/wp\/v2\/categories?post=31581"},{"taxonomy":"post_tag","embeddable":true,"href":"https:\/\/www.infokuryr.cz\/n\/wp-json\/wp\/v2\/tags?post=31581"}],"curies":[{"name":"wp","href":"https:\/\/api.w.org\/{rel}","templated":true}]}}