{"id":31571,"date":"2023-07-05T06:24:56","date_gmt":"2023-07-05T04:24:56","guid":{"rendered":"http:\/\/www.infokuryr.cz\/n\/?p=31571"},"modified":"2023-07-05T07:04:14","modified_gmt":"2023-07-05T05:04:14","slug":"lubomir-man-kocab-vymyslel-jak-prinutit-putina-ukoncit-valku-pani-mullerova","status":"publish","type":"post","link":"https:\/\/www.infokuryr.cz\/n\/2023\/07\/05\/lubomir-man-kocab-vymyslel-jak-prinutit-putina-ukoncit-valku-pani-mullerova\/","title":{"rendered":"Lubom\u00edr Man: Koc\u00e1b vymyslel, jak p\u0159inutit Putina ukon\u010dit v\u00e1lku, pan\u00ed M\u00fcllerov\u00e1"},"content":{"rendered":"<div id=\"fb-root\"><\/div>\n<p>\u201eTo mysl\u00edte toho hudebn\u00edka, co se o n\u011bm pov\u00edd\u00e1, \u017ee to on po sametu vyhnal rusk\u00e9 voj\u00e1ky z \u010ceskoslovenska?&#8220;<\/p>\n<p>\u201eAno, p\u0159esn\u011b toho mysl\u00edm, pan\u00ed M\u00fcllerov\u00e1. Je to k\u00e1dr, jak\u00fdch je m\u00e1lo. Jezdil taky do Kyjeva \u2013 na Majdan, bo\u0159it tehdej\u0161\u00ed ukrajinskou vl\u00e1du&#8220;.<\/p>\n<p>\u201eNo vida &#8211; a co z toho vze\u0161lo&#8220;.<\/p>\n<p>\u201eAno v\u00e1lka, pan\u00ed dom\u00e1c\u00ed. No a te\u010f ji Koc\u00e1b chce ukon\u010dit!.<\/p>\n<p>\u201eA jak ukon\u010dit, pane \u0160vejk? Snad tak, \u017ee Putin zvedne ruce nad hlavu?&#8220;<\/p>\n<p>\u201eP\u0159esn\u011b tak, pan\u00ed M\u00fcllerov\u00e1. To by p\u0159ece ani nebyl Koc\u00e1b, aby to myslel jinak. Ale je to velik\u00e1n, jak u\u017e jsem \u0159ekl. P\u0159edstavte si: nejv\u011bt\u0161\u00ed mozky Z\u00e1padu des\u00edtky let dumaj\u00ed, jak Rusku zakroutit krkem a po\u0159\u00e1d nic, ne\u017e ov\u0161em v pra\u017esk\u00e9m televizn\u00edm studiu CNN Prima News usedne Michael Koc\u00e1b a \u0159ekne: ud\u011blejte to tak a tak a m\u00e1te s Putinem a Ruskem pokoj&#8220;.<\/p>\n<p>\u201eNo jo, to je tedy v\u011bc, milostpane, j\u00e1 \u017easnu. A co \u017ee to ten Koc\u00e1b tomu sv\u011btu navrhl?&#8220;<\/p>\n<p>\u201eVzbou\u0159en\u00e9 rusk\u00e9 milion\u00e1\u0159e, pan\u00ed M\u00fcllerov\u00e1&#8220;.<\/p>\n<p>\u201eJak to mysl\u00edte, pane \u0160vejk?&#8220;<\/p>\n<p>\u201eSp\u00ed\u0161 jak to mysl\u00ed Koc\u00e1b, pan\u00ed dom\u00e1c\u00ed. Tak on to mysl\u00ed takhle a budu ho te\u010f citovat doslova: \u201eZabavov\u00e1n\u00ed majetku, kter\u00fd maj\u00ed ru\u0161t\u00ed milion\u00e1\u0159i v Evrop\u011b, je dobr\u00fd krok a mohou to b\u00fdt pr\u00e1v\u011b ru\u0161t\u00ed milion\u00e1\u0159i, kte\u0159\u00ed budou m\u00edt odeb\u00edr\u00e1n\u00ed majetku a v\u00e1le\u010dn\u00e9 situace dost a za\u010dnou tla\u010dit na Putina, aby ukon\u010dil v\u00e1lku&#8230;Mluv\u00ed se o odstaven\u00ed majetku, ale ono by tak\u00e9 bylo mo\u017en\u00e9 za\u010d\u00edt hovo\u0159it o tom, \u017ee majetky se jim prost\u011b zabav\u00ed, a ve\u0161ker\u00e9 prost\u0159edky, kter\u00e9 se jejich prodejem z\u00edskaj\u00ed, se v\u011bnuj\u00ed Ukrajin\u011b na boj proti obrovsk\u00e9 agresi&#8220;.<\/p>\n<p>\u201eAle to by p\u0159ece, milostpane, byla prachoby\u010dejn\u00e1 mezin\u00e1rodn\u00ed kr\u00e1de\u017e, ne? Copak a\u017e tak daleko m\u016f\u017ee sv\u011bt doj\u00edt? Mysl\u00edm t\u00edm, \u017ee si st\u00e1ty bez vyhl\u00e1\u0161en\u00ed v\u00e1lek za\u010dnou navz\u00e1jem vykr\u00e1dat sv\u00e9 majetky?&#8220;<\/p>\n<p>\u201eZat\u00edm, jak se, zd\u00e1, lahod\u00ed tahle nov\u00e1torsk\u00e1 mo\u017enost jen duchu na\u0161eho krajana Michaela Koc\u00e1ba. Naka\u017eliv\u00e9 to ov\u0161em b\u00fdt m\u016f\u017ee, to jo. Ale j\u00e1 u\u017e let\u00edm. Jinak zme\u0161k\u00e1m p\u0159\u00edpitek k oslav\u011b narozenin jednoho na\u0161eho souseda u stolu. .Co\u017e bych nerad.<\/p>\n<p><em><strong>Lubom\u00edr Man<\/strong><\/em><\/p>\n<p><img decoding=\"async\" loading=\"lazy\" class=\"alignnone size-full wp-image-860\" src=\"http:\/\/www.infokuryr.cz\/n\/wp-content\/uploads\/2021\/04\/lub_man.jpg\" alt=\"\" width=\"143\" height=\"200\" \/><\/p>\n<p>&nbsp;<\/p>\n<p><a href=\"https:\/\/stranapro.cz\/\"><img decoding=\"async\" loading=\"lazy\" class=\"wp-image-30218 aligncenter\" src=\"http:\/\/www.infokuryr.cz\/n\/wp-content\/uploads\/2023\/06\/PRO-banner-300x36.png\" alt=\"\" width=\"1367\" height=\"164\" srcset=\"https:\/\/www.infokuryr.cz\/n\/wp-content\/uploads\/2023\/06\/PRO-banner-300x36.png 300w, https:\/\/www.infokuryr.cz\/n\/wp-content\/uploads\/2023\/06\/PRO-banner-768x93.png 768w, https:\/\/www.infokuryr.cz\/n\/wp-content\/uploads\/2023\/06\/PRO-banner.png 849w\" sizes=\"(max-width: 1367px) 100vw, 1367px\" \/><\/a><\/p>\n<p>&nbsp;<\/p>\n<p>&nbsp;<\/p>\n<p>&nbsp;<\/p>\n","protected":false},"excerpt":{"rendered":"<p>\u201eTo mysl\u00edte toho hudebn\u00edka, co se o n\u011bm pov\u00edd\u00e1, \u017ee to on po sametu vyhnal&#8230;<\/p>\n","protected":false},"author":2,"featured_media":26346,"comment_status":"closed","ping_status":"closed","sticky":false,"template":"","format":"standard","meta":[],"categories":[6],"tags":[266,29,102,40],"_links":{"self":[{"href":"https:\/\/www.infokuryr.cz\/n\/wp-json\/wp\/v2\/posts\/31571"}],"collection":[{"href":"https:\/\/www.infokuryr.cz\/n\/wp-json\/wp\/v2\/posts"}],"about":[{"href":"https:\/\/www.infokuryr.cz\/n\/wp-json\/wp\/v2\/types\/post"}],"author":[{"embeddable":true,"href":"https:\/\/www.infokuryr.cz\/n\/wp-json\/wp\/v2\/users\/2"}],"replies":[{"embeddable":true,"href":"https:\/\/www.infokuryr.cz\/n\/wp-json\/wp\/v2\/comments?post=31571"}],"version-history":[{"count":0,"href":"https:\/\/www.infokuryr.cz\/n\/wp-json\/wp\/v2\/posts\/31571\/revisions"}],"wp:featuredmedia":[{"embeddable":true,"href":"https:\/\/www.infokuryr.cz\/n\/wp-json\/wp\/v2\/media\/26346"}],"wp:attachment":[{"href":"https:\/\/www.infokuryr.cz\/n\/wp-json\/wp\/v2\/media?parent=31571"}],"wp:term":[{"taxonomy":"category","embeddable":true,"href":"https:\/\/www.infokuryr.cz\/n\/wp-json\/wp\/v2\/categories?post=31571"},{"taxonomy":"post_tag","embeddable":true,"href":"https:\/\/www.infokuryr.cz\/n\/wp-json\/wp\/v2\/tags?post=31571"}],"curies":[{"name":"wp","href":"https:\/\/api.w.org\/{rel}","templated":true}]}}