{"id":3157,"date":"2021-07-08T03:18:17","date_gmt":"2021-07-08T01:18:17","guid":{"rendered":"http:\/\/www.infokuryr.cz\/n\/?p=3157"},"modified":"2021-07-08T03:18:26","modified_gmt":"2021-07-08T01:18:26","slug":"jeste-nevyhrali-a-nevyhraji-ale-jejich-zvuli-a-hloupou-aroganci-uz-vidime","status":"publish","type":"post","link":"https:\/\/www.infokuryr.cz\/n\/2021\/07\/08\/jeste-nevyhrali-a-nevyhraji-ale-jejich-zvuli-a-hloupou-aroganci-uz-vidime\/","title":{"rendered":"Je\u0161t\u011b nevyhr\u00e1li (a nevyhraj\u00ed!), ale jejich zv\u016fli a hloupou aroganci u\u017e vid\u00edme \u2026"},"content":{"rendered":"<div id=\"fb-root\"><\/div>\n<div class=\"perex\">Politick\u00e1 realita sou\u010dasnosti n\u00e1m ukazuje, \u017ee v pok\u0159iven\u00e9, liber\u00e1ln\u00ed demokracii je mo\u017en\u00e9 opravdu, ale opravdu naprosto v\u0161echno a \u017e\u00e1dn\u00e1 pravidla, normy, etick\u00e9 a mor\u00e1ln\u00ed z\u00e1sady, dlouhodob\u011b dan\u00e9 a respektovan\u00e9 protokoly, zvyklosti, jsou pro ur\u010dit\u00fd typ lid\u00ed, co se dostali do politiky, neplatn\u00e9 c\u00e1ry pap\u00edru a spole\u010densk\u00fd balast, kter\u00fd oni necht\u011bj\u00ed, nehodlaj\u00ed respektovat.<\/div>\n<div class=\"content\">\n<p>Ono to za\u010dalo b\u00fdt tak n\u011bjak ve\u0159ejn\u011b, \u017eel, p\u0159ij\u00edm\u00e1no t\u00edm nechvaln\u011b zn\u00e1m\u00fdm trh\u00e1n\u00edm \u00dastavy \u010cR extremistick\u00fdm a veskrze protidemokratick\u00fdm spolkem Milion chvilek pro demokracii. U\u017e ten v\u00fdsm\u011bch, zl\u00e1 ironie v n\u00e1zvu t\u00e9to party nedostudovan\u00fdch, vesm\u011bs teolog\u016f, kte\u0159\u00ed m\u011bli a maj\u00ed dostatek drzosti a\u017e t\u00e9 hloup\u00e9 arogance, \u017ee z n\u00e1m\u011bst\u00ed a pl\u00e1n\u00ed vyk\u0159ikovali, kdo sm\u00ed b\u00fdt a kdo u\u017e ne ve vl\u00e1d\u011b pod veden\u00edm svobodn\u011b, demokraticky a \u0159\u00e1dn\u011b zvolen\u00e9ho politick\u00e9ho hnut\u00ed, siln\u00e9 podn\u011bcov\u00e1n\u00ed nen\u00e1visti k t\u011bmto v\u00edt\u011bz\u016fm. Prost\u011b nerespektov\u00e1n\u00ed, neuzn\u00e1v\u00e1n\u00ed z\u00e1kladn\u00edch demokratick\u00fdch z\u00e1sad p\u0159i spr\u00e1v\u011b v\u011bc\u00ed ve\u0159ejn\u00fdch, naprost\u00e9 pohrd\u00e1n\u00ed voli\u010di, co takto rozhodli. Liber\u00e1ln\u00ed demokracie, lidov\u011b \u0159e\u010deno cochc\u00e1rna, po\u010d\u00ednaj\u00edc\u00ed anarchie, majdanizace spole\u010dnosti, rozvrat, chaos, z\u00e1klady pu\u010de, p\u0159evratu v zemi.<\/p>\n<p>Neusp\u011bli, logicky a p\u0159irozen\u011b, proto\u017ee ono i t\u011bch dv\u011bst\u011b tis\u00edc lid\u00ed na jimi po\u0159\u00e1dan\u00fdch demonstrac\u00edch, nen\u00ed zdaleka t\u011bch n\u011bkolik milion\u016f, kte\u0159\u00ed volili tak, jak volili a plat\u00ed (zat\u00edm je\u0161t\u011b, doufejme, \u017ee i platit bude) v\u00fdsledek voleb.<\/p>\n<p>Stejn\u011b tak se pokou\u0161eli a pokou\u0161ej\u00ed po\u0159\u00e1d zbavit nedemokraticky, proti\u00fastavn\u011b, protiz\u00e1konn\u011b, funkce prezidenta republiky, kter\u00fd byl zvolen p\u0159\u00edmo, \u0159\u00e1dn\u011b, svobodn\u011b a demokraticky rovn\u011b\u017e. Dokonce se stoupaj\u00edc\u00ed intenzitou a nejenom tihle n\u00e9 zrovna dob\u0159e vychovan\u00ed smradi, ale i zcela NEctihodn\u00ed a NEd\u016fstojn\u00ed sen\u00e1to\u0159i ze zbyte\u010dn\u00e9ho, marn\u00e9ho a naprostou v\u011bt\u0161inou ob\u010dan\u016f, voli\u010d\u016f nep\u0159ijateln\u00e9ho Sen\u00e1tu, kter\u00fdm ti voli\u010di pohrdaj\u00ed, necht\u011bj\u00ed ho u n\u00e1s.<\/p>\n<p>Odporn\u00e9, nevkusn\u00e9 a\u017e sprost\u00e9 formy, zp\u016fsoby, jak\u00fdm extremisti\u010dt\u00ed aktivist\u00e9 a velk\u00e1 \u010d\u00e1st marn\u00fdch a zbyte\u010dn\u00fdch sen\u00e1tor\u016f, v \u010dele s ned\u016fstojn\u00fdm, opovr\u017een\u00ed hodn\u00fdm p\u0159edsedou t\u00e9to instituce, u\u017e otev\u0159en\u011b \u0161kod\u00edc\u00ed zemi a ob\u010dan\u016fm, \u00fato\u010d\u00ed na prezidenta republiky, jsou n\u011b\u010d\u00edm, co do vskutku vysp\u011bl\u00e9 a zdrav\u00e9, bezp\u0159\u00edvlastkov\u00e9 demokracie rozhodn\u011b nepat\u0159\u00ed. V\u017edy\u0165 ten, jak se s\u00e1m r\u00e1d a \u010dasto tituluje, druh\u00fd nejvy\u0161\u0161\u00ed \u00fastavn\u00ed \u010dinitel, doslova a do p\u00edsmene \u201eka\u0161le na z\u00e1kony\u201c a nerozpakuje se to ve\u0159ejn\u011b sd\u011blit do tv kamer. Hned druh\u00fd den m\u011bl rezignovat, p\u0159\u00edpadn\u011b m\u011bl b\u00fdt potupn\u011b zbaven funkce, na kterou ani omylem nem\u00e1, nep\u0159\u00edslu\u0161\u00ed mu.<\/p>\n<p>Trag\u00e9di\u00ed nejv\u011bt\u0161\u00ed ale u n\u00e1s je parta jin\u00fdch extremist\u016f, pir\u00e1t\u016f z Pir\u00e1tsk\u00e9 udava\u010dsk\u00e9 strany. Ano, a\u017e tak hluboce politika u n\u00e1s klesla, \u017ee se do Parlamentu Poslaneck\u00e9 sn\u011bmovny dostali lid\u00e9, kte\u0159\u00ed maj\u00ed u\u017e v n\u00e1zvu lupi\u010dstv\u00ed, okr\u00e1d\u00e1n\u00ed, zlo\u010din. Ti \u201ena\u0161i\u201c ale \u0161li je\u0161t\u011b d\u00e1l, oni v t\u00e9 sv\u00e9 stra\u0161liv\u00e9 touze po moci a z n\u00ed plynouc\u00edho (evidentn\u011b dle jejich p\u0159edstav) majetku se sna\u017e\u00ed zlikvidovat nejenom ty hodn\u011b majetn\u00e9, mezi kter\u00e9 pat\u0159\u00ed i n\u00e1\u0161 premi\u00e9r, ale v podstat\u011b h\u00e1z\u00ed sv\u00e9 h\u00e1ky na celou zemi, st\u00e1t, neskute\u010dn\u011b ohro\u017euj\u00ed v\u0161echny n\u00e1s, ob\u010dany.<\/p>\n<p>Dok\u00e1zali sv\u00fdm neot\u0159el\u00fdm zp\u016fsobem p\u0159il\u00e1kat pom\u011brn\u011b velkou \u010d\u00e1st voli\u010d\u016f, pov\u011bt\u0161inou z \u0159ad v\u011b\u010dn\u011b nespokojen\u00fdch, rebeluj\u00edc\u00edch a po radik\u00e1ln\u00edch zm\u011bn\u00e1ch tou\u017e\u00edc\u00edch, p\u0159ev\u00e1\u017en\u011b mlad\u00fdch a mlad\u0161\u00edch voli\u010d\u016f. Jejich prvotn\u011b hl\u00e1san\u00fd, liber\u00e1ln\u00ed p\u0159\u00edstup ke v\u0161emu mo\u017en\u00e9mu, n\u00e1vykov\u00e9 l\u00e1tky a\u017e drogy nevyj\u00edmaje, doznal sice podstatn\u00fdch zm\u011bn (ty drogy tam ale z\u016fstaly), a to a\u017e tak, \u017ee se z nich stali novodob\u00ed papal\u00e1\u0161i, kter\u00fdm ani korupce nen\u00ed a\u017e tak ciz\u00ed, funkce ve st\u00e1tn\u00ed spr\u00e1v\u011b, kam se a\u017e dostali, \u017eel, si rozd\u011bluj\u00ed starou osv\u011bd\u010denou metodou \u2013 j\u00e1 na br\u00e1chu, br\u00e1cha na mne, kamar\u00e1d\u00ed\u010dkov\u00e9 taky pot\u0159ebuj\u00ed funkci anebo alespo\u0148 funkci\u010dku. Rodinka\u0159en\u00ed p\u0159i rozd\u00e1v\u00e1n\u00ed tepl\u00fdch flek\u016f jim taky nen\u00ed ciz\u00ed a to, co vyv\u00e1d\u011bj\u00ed v Praze, s Prahou, je na rom\u00e1n u\u017e, \u010dl\u00e1nek by nesta\u010dil.<\/p>\n<p>Jak se ale tito mlad\u00ed udava\u010di chovaj\u00ed te\u010f, p\u0159ed parlamentn\u00edmi volbami, tak to je vskutku d\u011bs a b\u011bs. S nar\u016fstaj\u00edc\u00edmi volebn\u00edmi preferencemi, jak jsou ve\u0159ejnosti p\u0159edkl\u00e1d\u00e1ny tu v\u00edce, tu m\u00e9n\u011b a\u017e naprosto ned\u016fv\u011bryhodn\u00fdmi agenturami, viz KANTAR, jim neuv\u011b\u0159iteln\u011b \u201estoupl h\u0159eb\u00ednek\u201c, za\u010dali se chovat ji\u017e jako pr\u00e1voplatn\u00ed v\u00edt\u011bzov\u00e9 voleb, drze a nevychovan\u011b obr\u00e1\u017eet ministerstva a obhl\u00ed\u017eet si tam kancel\u00e1\u0159e, ve kter\u00fdch budou, jak si z\u0159ejm\u011b mysl\u00ed, p\u016fsobit, \u00fa\u0159adovat.<\/p>\n<p>P\u0159itvrdili v r\u00e9torice nejenom v poslaneck\u00e9 sn\u011bmovn\u011b, ale na ve\u0159ejnosti v\u016fbec. Zp\u016fsobem, kter\u00fd jasn\u011b \u0159\u00edk\u00e1, \u017ee jsou ne asertivn\u00ed, ale agres\u00edvn\u00ed a\u017e moc, \u017ee jim naprosto chyb\u00ed element\u00e1rn\u00ed slu\u0161nost a maj\u00ed za to, \u017ee tento sv\u011bt jim pat\u0159\u00ed, \u017ee v\u0161echno znaj\u00ed a v\u0161ude u\u017e byli, \u017ee jejich p\u0159edstavy \u017eivota a vl\u00e1dnut\u00ed v t\u00e9to zemi jsou jedin\u011b spr\u00e1vn\u00e9 a nikdo jim do toho prost\u011b nesm\u00ed mluvit. Obzvl\u00e1\u0161t\u011b \u201ed\u016frazn\u00e1\u201c je jedin\u00e1 \u017eena mezi nimi, poslankyn\u011b Richterov\u00e1, jej\u00ed v\u00fdstupy jsou u\u017e a\u017e nechutn\u00e9 a evidentn\u011b je vid\u011bt, \u017ee si t\u00edm l\u00e9\u010d\u00ed n\u011bjak\u00e9 sv\u00e9 mindr\u00e1ky, kompenzuje n\u011bjak\u00e9 komplexy.<\/p>\n<p>Bezprecedentn\u00ed jsou ale spanil\u00e9 j\u00edzdy pir\u00e1t\u016f do zahrani\u010d\u00ed, po\u010d\u00ednaje Bratislavou a (zat\u00edm) kon\u010de v Bruselu, kam si jejich kapit\u00e1n Barto\u0161 op\u011bt zajel zabonzovat, jednat za celou na\u0161i zemi bez jak\u00e9hokoliv mand\u00e1tu, pov\u011b\u0159en\u00ed, kompetence. Prost\u011b kultura barbarsk\u00fdch kmen\u016f a jejich vzbou\u0159en\u00fdch odno\u017e\u00ed, politika\u0159en\u00ed zr\u00e1dc\u016f a t\u011bch, co zaprod\u00e1vaj\u00ed vlastn\u00ed n\u00e1rod, zemi, ciz\u00edm mocnostem za p\u0159\u00edslib t\u011bch pov\u011bstn\u00fdch t\u0159iceti st\u0159\u00edbrn\u00fdch. Nijak jinak se ned\u00e1 vylo\u017eit jejich \u017ealov\u00e1n\u00ed a l\u00eds\u00e1n\u00ed se k \u0161\u00e9f\u016fm EU i RE, kter\u00fdm mazali med kolem jejich, hladov\u00fdch tak\u00e9, \u00fast t\u00edm, \u017ee doslova po\u017eadovali, aby byli v t\u00e9 Bruseli je\u0161t\u011b siln\u011bj\u0161\u00ed, m\u011bli v\u011bt\u0161\u00ed moce a pravomoce, aby byli na n\u00e1s tady p\u0159\u00edsn\u011bj\u0161\u00ed. U\u017e v t\u011bch slouhovsk\u00fdch \u017e\u00e1dostech, co tam v p\u0159edklonu Barto\u0161 s Kolajem pron\u00e1\u0161eli, je obrovsk\u00fd kus zrady a vzd\u00e1v\u00e1n\u00ed se p\u0159edem, ani\u017e by k tomu m\u011bli jak\u00e9koliv opr\u00e1vn\u011bn\u00ed, nemluv\u011b o volebn\u00edm mand\u00e1tu, n\u00e1rodn\u00ed a i st\u00e1tn\u00ed suverenity, sv\u00e9bytnosti. Inu, oni, \u010dlenov\u00e9 Pir\u00e1tsk\u00e9 udava\u010dsk\u00e9 strany, u\u017e nejsou vlastn\u011b \u010ce\u0161i, oni jsou Evropan\u00e9, jak se prezentoval a vyz\u00fdval k tomu i dal\u0161\u00ed na\u0161e ob\u010dany, dal\u0161\u00ed z \u201eg\u00e9niu\u201c z jejich \u0159ad, Peksa.<\/p>\n<p>A tak n\u00e1s v\u0161echny chra\u0148 moudr\u00e1 matko p\u0159\u00edrodo a snad i v\u0161ichni prohl\u00e1\u0161en\u00ed za svat\u00e9, p\u0159edev\u0161\u00edm ale rozumn\u00e9 voli\u010dstvo, aby tady vl\u00e1dli ti namachrovan\u00ed a a\u017e chorobn\u011b cti\u017e\u00e1dosti, moci a majetku chtiv\u00ed, ale bez jak\u00e9koliv moudrosti a zku\u0161enosti, vyzr\u00e1losti, doslova frackovit\u00ed \u017ealobn\u00ed\u010dci a zr\u00e1dci loupe\u017en\u00edci z Pir\u00e1tsk\u00e9 udava\u010dsk\u00e9 strany.<\/p>\n<p>Prvn\u00ed, koho neuv\u011b\u0159iteln\u011b zrad\u00ed, jsou jejich potenci\u00e1ln\u00ed voli\u010di, kte\u0159\u00ed by si to m\u011bli uv\u011bdomit, pokud je je\u0161t\u011b \u010das.<\/p>\n<\/div>\n<p><a href=\"http:\/\/vasevec.parlamentnilisty.cz\/blogy\/jeste-nevyhrali-nevyhraji-ale-jejich-zvuli-hloupou-aroganci-uz-vidime\">R\u016f\u017eena Chrastekov\u00e1<\/a><\/p>\n<p>&nbsp;<\/p>\n<div class=\"content\">\n<p>&nbsp;<\/p>\n<\/div>\n","protected":false},"excerpt":{"rendered":"<p>Politick\u00e1 realita sou\u010dasnosti n\u00e1m ukazuje, \u017ee v pok\u0159iven\u00e9, liber\u00e1ln\u00ed demokracii je mo\u017en\u00e9 opravdu, ale opravdu&#8230;<\/p>\n","protected":false},"author":2,"featured_media":1790,"comment_status":"closed","ping_status":"closed","sticky":false,"template":"","format":"standard","meta":[],"categories":[6],"tags":[29,257,137,122,27],"_links":{"self":[{"href":"https:\/\/www.infokuryr.cz\/n\/wp-json\/wp\/v2\/posts\/3157"}],"collection":[{"href":"https:\/\/www.infokuryr.cz\/n\/wp-json\/wp\/v2\/posts"}],"about":[{"href":"https:\/\/www.infokuryr.cz\/n\/wp-json\/wp\/v2\/types\/post"}],"author":[{"embeddable":true,"href":"https:\/\/www.infokuryr.cz\/n\/wp-json\/wp\/v2\/users\/2"}],"replies":[{"embeddable":true,"href":"https:\/\/www.infokuryr.cz\/n\/wp-json\/wp\/v2\/comments?post=3157"}],"version-history":[{"count":0,"href":"https:\/\/www.infokuryr.cz\/n\/wp-json\/wp\/v2\/posts\/3157\/revisions"}],"wp:featuredmedia":[{"embeddable":true,"href":"https:\/\/www.infokuryr.cz\/n\/wp-json\/wp\/v2\/media\/1790"}],"wp:attachment":[{"href":"https:\/\/www.infokuryr.cz\/n\/wp-json\/wp\/v2\/media?parent=3157"}],"wp:term":[{"taxonomy":"category","embeddable":true,"href":"https:\/\/www.infokuryr.cz\/n\/wp-json\/wp\/v2\/categories?post=3157"},{"taxonomy":"post_tag","embeddable":true,"href":"https:\/\/www.infokuryr.cz\/n\/wp-json\/wp\/v2\/tags?post=3157"}],"curies":[{"name":"wp","href":"https:\/\/api.w.org\/{rel}","templated":true}]}}