{"id":31540,"date":"2023-07-05T01:03:01","date_gmt":"2023-07-04T23:03:01","guid":{"rendered":"http:\/\/www.infokuryr.cz\/n\/?p=31540"},"modified":"2023-07-04T13:10:06","modified_gmt":"2023-07-04T11:10:06","slug":"rakusan-jasa-volebni-pravo-od-sestnacti-let-francie-vzorem-tvrdi-rakusan-a-pirati","status":"publish","type":"post","link":"https:\/\/www.infokuryr.cz\/n\/2023\/07\/05\/rakusan-jasa-volebni-pravo-od-sestnacti-let-francie-vzorem-tvrdi-rakusan-a-pirati\/","title":{"rendered":"Raku\u0161an j\u00e1s\u00e1: volebn\u00ed pr\u00e1vo od \u0161estn\u00e1cti let. Francie vzorem, tvrd\u00ed Raku\u0161an a Pir\u00e1ti"},"content":{"rendered":"<div id=\"fb-root\"><\/div>\n<div class=\"introtext\">\n<p><span style=\"font-size: 18pt;\"><strong>Mlad\u00ed lid\u00e9 se o\u00a0d\u011bn\u00ed zaj\u00edmaj\u00ed, to jasn\u011b ukazuj\u00ed t\u0159eba jejich aktivity &#8230;,\u201c sd\u011blil Novink\u00e1m vicepremi\u00e9r, ministr vnitra a\u00a0\u0161\u00e9f STAN V\u00edt Raku\u0161an, podle n\u011bho\u017e je hnut\u00ed p\u0159ipraveno t\u00e9ma p\u0159in\u00e9st do koali\u010dn\u00edch diskus\u00ed.<\/strong><\/span><\/p>\n<\/div>\n<div class=\"fulltext\">\n<p>Podobn\u011b se vyj\u00e1d\u0159il Raku\u0161an\u016fv stranick\u00fd kolega, m\u00edstop\u0159edseda sn\u011bmovn\u00edho \u00fastavn\u011b-pr\u00e1vn\u00edho v\u00fdboru a\u00a0exministr \u0161kolstv\u00ed Petr Gazd\u00edk. \u201eM\u011blo by to b\u00fdt v\u00a0prost\u0159ed\u00ed, kter\u00e9 ti \u0161estn\u00e1ctilet\u00ed dob\u0159e znaj\u00ed, co\u017e je v\u011bt\u0161inou jejich obec nebo m\u011bsto.<\/p>\n<p>To, jak se mlad\u00ed zaj\u00edmaj\u00ed o politiku, potvrdil i francouzsk\u00fd prezident Macron a jeho ministr.<\/p>\n<h3 class=\"articleNewDetail__title\"><span style=\"font-size: 18pt;\">Nepokoje ve Francii vyvolala ml\u00e1de\u017e. \u201ePr\u016fm\u011brn\u00fd v\u011bk je 17 let, n\u011bkter\u00fdm je i dvan\u00e1ct,\u201c uvedl ministr<\/span><\/h3>\n<table style=\"width: 100%; height: 80px;\">\n<tbody>\n<tr style=\"height: 80px;\">\n<td style=\"height: 80px;\"><span style=\"color: #800080;\"><em><strong>Francouzsk\u00fd ministr vnitra G\u00e9rald Darmanin v pond\u011bl\u00ed podle agentury AFP kritizoval rodiny, kter\u00e9 dovolily sv\u00fdm d\u011btem p\u00e1chat spou\u0161\u0165 v ulic\u00edch. Pr\u016fm\u011brn\u00fd v\u011bk zadr\u017een\u00fdch je podle n\u011bj 17 let, p\u0159i\u010dem\u017e n\u011bkter\u00fdm je i dvan\u00e1ct.<\/strong><\/em><\/span><\/td>\n<\/tr>\n<\/tbody>\n<\/table>\n<p><span class=\"c_dI\">Petr Pavel to nepova\u017euje za riziko a\u00a0maj\u00ed podle n\u011bj dostate\u010dn\u00fd p\u0159ehled o\u00a0situaci v\u00a0zemi.<\/span><\/p>\n<p>Tak\u017ee to shr\u0148me: Raku\u0161an, Gazd\u00edk, gener\u00e1l Pavel a dal\u0161\u00ed na ho\u0159\u00edc\u00ed Francii dokazuj\u00ed, jak je tato ml\u00e1de\u017e zodpov\u011bdn\u00e1 a jak je kr\u00e1sn\u00e9, kdy\u017e se p\u0159edev\u0161\u00edm mlad\u00ed migranti aktivn\u011b pod\u00edlej\u00ed na p\u0159em\u011bn\u011b st\u00e1t\u016f z\u00e1padn\u00ed a st\u0159edn\u00ed Evropy.<\/p>\n<p><span style=\"font-size: 18pt;\"><strong>V\u00e1\u017een\u00ed \u010dten\u00e1\u0159i, tento dal\u0161\u00ed st\u0159\u00edpek z mozaiky na\u0161ich v\u016fdc\u016f P\u011btidestrukce ukazuje, jak jsou zodpov\u011bdn\u00ed a mysl\u00ed na budoucnost.<\/strong><\/span><\/p>\n<p>\u201eNen\u00ed \u00fakolem n\u00e1rodn\u00ed policie nebo \u010detnictva nebo starosty nebo st\u00e1tu \u0159e\u0161it probl\u00e9m 12let\u00e9ho, kter\u00fd zapaluje \u0161kolu. Je to ot\u00e1zka rodi\u010dovsk\u00e9 autority,\u201c \u0159ekl Darmanin b\u011bhem n\u00e1v\u0161t\u011bvy Reme\u0161e.<\/p>\n<p>Podle ministra bude u\u017e \u010dtvrtou noc v\u00a0ulic\u00edch francouzsk\u00fdch m\u011bst nasazeno na\u00a045.000 policist\u016f, jejich\u017e \u00fakolem je udr\u017eet pod\u00a0kontrolou nepokoje.\u00a0<strong>B\u011bhem nich u\u017e bylo podle Darmanina zap\u00e1leno v\u00edce ne\u017e 5600 automobil\u016f, tis\u00edcovku soukrom\u00fdch nemovitost\u00ed zni\u010dil nebo poni\u010dil po\u017e\u00e1r a\u00a0ter\u010dem \u00fatoku se\u00a0stalo 250 policejn\u00edch stanic<\/strong>.<\/p>\n<p><strong>Ml\u00e1d\u00ed vp\u0159ed, Francie ukazuje, co n\u00e1s d\u00edky Pir\u00e1t\u016fm a STAN m\u016f\u017ee \u010dekat. Nebo protestovat proti zb\u011b\u0159i ve Francii znamen\u00e1 podporu Putina a dal\u0161\u00ed pochod dezol\u00e1t\u016f, jak st\u00e1le tvrd\u00ed parta kolem Raku\u0161ana, Fialy, BIS Koudelky, Evropsk\u00fdch hodnot Jakuba Jandy od ty\u010de a Kartouze &#8211; v\u016fdce troll\u016f?<\/strong><\/p>\n<p><a href=\"https:\/\/www.skrytapravda.cz\/ze-zahranici\/1317-rakusan-jasa-volebni-pravo-od-sestnacti-let-francie-vzorem-tvrdi-rakusan-a-pirati\">Petr Pokorn\u00fd<\/a><\/p>\n<\/div>\n<p>&nbsp;<\/p>\n<p><a href=\"https:\/\/stranapro.cz\/\"><img decoding=\"async\" loading=\"lazy\" class=\"wp-image-30218 aligncenter\" src=\"http:\/\/www.infokuryr.cz\/n\/wp-content\/uploads\/2023\/06\/PRO-banner-300x36.png\" alt=\"\" width=\"1358\" height=\"163\" srcset=\"https:\/\/www.infokuryr.cz\/n\/wp-content\/uploads\/2023\/06\/PRO-banner-300x36.png 300w, https:\/\/www.infokuryr.cz\/n\/wp-content\/uploads\/2023\/06\/PRO-banner-768x93.png 768w, https:\/\/www.infokuryr.cz\/n\/wp-content\/uploads\/2023\/06\/PRO-banner.png 849w\" sizes=\"(max-width: 1358px) 100vw, 1358px\" \/><\/a><\/p>\n<p>&nbsp;<\/p>\n<p>&nbsp;<\/p>\n<p>&nbsp;<\/p>\n","protected":false},"excerpt":{"rendered":"<p>Mlad\u00ed lid\u00e9 se o\u00a0d\u011bn\u00ed zaj\u00edmaj\u00ed, to jasn\u011b ukazuj\u00ed t\u0159eba jejich aktivity &#8230;,\u201c sd\u011blil Novink\u00e1m vicepremi\u00e9r,&#8230;<\/p>\n","protected":false},"author":2,"featured_media":31541,"comment_status":"closed","ping_status":"closed","sticky":false,"template":"","format":"standard","meta":[],"categories":[6],"tags":[29,5394,1032,27],"_links":{"self":[{"href":"https:\/\/www.infokuryr.cz\/n\/wp-json\/wp\/v2\/posts\/31540"}],"collection":[{"href":"https:\/\/www.infokuryr.cz\/n\/wp-json\/wp\/v2\/posts"}],"about":[{"href":"https:\/\/www.infokuryr.cz\/n\/wp-json\/wp\/v2\/types\/post"}],"author":[{"embeddable":true,"href":"https:\/\/www.infokuryr.cz\/n\/wp-json\/wp\/v2\/users\/2"}],"replies":[{"embeddable":true,"href":"https:\/\/www.infokuryr.cz\/n\/wp-json\/wp\/v2\/comments?post=31540"}],"version-history":[{"count":1,"href":"https:\/\/www.infokuryr.cz\/n\/wp-json\/wp\/v2\/posts\/31540\/revisions"}],"predecessor-version":[{"id":31542,"href":"https:\/\/www.infokuryr.cz\/n\/wp-json\/wp\/v2\/posts\/31540\/revisions\/31542"}],"wp:featuredmedia":[{"embeddable":true,"href":"https:\/\/www.infokuryr.cz\/n\/wp-json\/wp\/v2\/media\/31541"}],"wp:attachment":[{"href":"https:\/\/www.infokuryr.cz\/n\/wp-json\/wp\/v2\/media?parent=31540"}],"wp:term":[{"taxonomy":"category","embeddable":true,"href":"https:\/\/www.infokuryr.cz\/n\/wp-json\/wp\/v2\/categories?post=31540"},{"taxonomy":"post_tag","embeddable":true,"href":"https:\/\/www.infokuryr.cz\/n\/wp-json\/wp\/v2\/tags?post=31540"}],"curies":[{"name":"wp","href":"https:\/\/api.w.org\/{rel}","templated":true}]}}