{"id":31527,"date":"2023-07-04T06:43:43","date_gmt":"2023-07-04T04:43:43","guid":{"rendered":"http:\/\/www.infokuryr.cz\/n\/?p=31527"},"modified":"2023-07-04T06:43:43","modified_gmt":"2023-07-04T04:43:43","slug":"prekvapeni-z-iranu-novy-torpedoborec-s-hypersonickymi-strelami-vykonnymi-radary-a-protivzdusnou-obranou","status":"publish","type":"post","link":"https:\/\/www.infokuryr.cz\/n\/2023\/07\/04\/prekvapeni-z-iranu-novy-torpedoborec-s-hypersonickymi-strelami-vykonnymi-radary-a-protivzdusnou-obranou\/","title":{"rendered":"P\u0159ekvapen\u00ed z \u00cdr\u00e1nu: nov\u00fd torp\u00e9doborec s hypersonick\u00fdmi st\u0159elami, v\u00fdkonn\u00fdmi radary a protivzdu\u0161nou obranou"},"content":{"rendered":"<div id=\"fb-root\"><\/div>\n<p class=\"lead\"><strong>Vrchn\u00ed velitel \u00edr\u00e1nsk\u00e9ho n\u00e1mo\u0159nictva kontradmir\u00e1l Shahram Irani \u0159ekl, \u017ee torp\u00e9doborec Damavand-2 bude vybaven hypersonick\u00fdmi st\u0159elami.\u00a0Informovala o tom dnes 3. \u010dervence \u00edr\u00e1nsk\u00e1 tiskov\u00e1 agentura IRNA.<\/strong><\/p>\n<p><span>Irani poznamenal:<\/span><\/p>\n<p><em>&#8222;Torp\u00e9doborec Damavand-2, kter\u00fd se v nadch\u00e1zej\u00edc\u00edch dnech p\u0159ipoj\u00ed k \u00edr\u00e1nsk\u00e9mu n\u00e1mo\u0159nictvu, je vybaven \u00fato\u010dn\u00fdmi a obrann\u00fdmi raketami.&#8220;<\/em><\/p>\n<p><span>V\u0161echny obrann\u00e9 zbran\u011b instalovan\u00e9 na torp\u00e9doborec Damavand-2 jsou podle n\u011bj zcela modern\u00ed a spl\u0148uj\u00ed nejvy\u0161\u0161\u00ed mezin\u00e1rodn\u00ed standardy.<\/span><\/p>\n<p><span>Torp\u00e9doborec bude m\u00edt nejnov\u011bj\u0161\u00ed radarov\u00e9 a raketov\u00e9 syst\u00e9my a tak\u00e9 pokro\u010dil\u00e9 \u0159\u00eddic\u00ed syst\u00e9my.<\/span><\/p>\n<p><span>Podle kontradmir\u00e1la Iraniho bude Damavand-2 krom\u011b hypersonick\u00fdch vyzbrojen tak\u00e9 dal\u0161\u00edmi raketami a syst\u00e9my protivzdu\u0161n\u00e9 obrany.<\/span><\/p>\n<p><span>Irani zd\u016fraznil, \u017ee torp\u00e9doborec m\u00e1 nejnov\u011bj\u0161\u00ed pr\u016fzkumn\u00e9 a bojov\u00e9 syst\u00e9my.<\/span><\/p>\n<p><a href=\"http:\/\/www.infokuryr.cz\/n\/kontakt\/\"><img decoding=\"async\" loading=\"lazy\" class=\"alignnone size-full wp-image-1185\" src=\"http:\/\/www.infokuryr.cz\/n\/wp-content\/uploads\/2021\/04\/kuryr-podpis.png\" alt=\"\" width=\"84\" height=\"24\" \/><\/a><\/p>\n<p>&nbsp;<\/p>\n<p><a href=\"https:\/\/stranapro.cz\/\"><img decoding=\"async\" loading=\"lazy\" class=\"wp-image-30218 aligncenter\" src=\"http:\/\/www.infokuryr.cz\/n\/wp-content\/uploads\/2023\/06\/PRO-banner-300x36.png\" alt=\"\" width=\"1375\" height=\"165\" srcset=\"https:\/\/www.infokuryr.cz\/n\/wp-content\/uploads\/2023\/06\/PRO-banner-300x36.png 300w, https:\/\/www.infokuryr.cz\/n\/wp-content\/uploads\/2023\/06\/PRO-banner-768x93.png 768w, https:\/\/www.infokuryr.cz\/n\/wp-content\/uploads\/2023\/06\/PRO-banner.png 849w\" sizes=\"(max-width: 1375px) 100vw, 1375px\" \/><\/a><\/p>\n<p>&nbsp;<\/p>\n<p>&nbsp;<\/p>\n<p>&nbsp;<\/p>\n","protected":false},"excerpt":{"rendered":"<p>Vrchn\u00ed velitel \u00edr\u00e1nsk\u00e9ho n\u00e1mo\u0159nictva kontradmir\u00e1l Shahram Irani \u0159ekl, \u017ee torp\u00e9doborec Damavand-2 bude vybaven hypersonick\u00fdmi st\u0159elami.\u00a0Informovala&#8230;<\/p>\n","protected":false},"author":2,"featured_media":31528,"comment_status":"closed","ping_status":"closed","sticky":false,"template":"","format":"standard","meta":[],"categories":[7],"tags":[1529,38,4999],"_links":{"self":[{"href":"https:\/\/www.infokuryr.cz\/n\/wp-json\/wp\/v2\/posts\/31527"}],"collection":[{"href":"https:\/\/www.infokuryr.cz\/n\/wp-json\/wp\/v2\/posts"}],"about":[{"href":"https:\/\/www.infokuryr.cz\/n\/wp-json\/wp\/v2\/types\/post"}],"author":[{"embeddable":true,"href":"https:\/\/www.infokuryr.cz\/n\/wp-json\/wp\/v2\/users\/2"}],"replies":[{"embeddable":true,"href":"https:\/\/www.infokuryr.cz\/n\/wp-json\/wp\/v2\/comments?post=31527"}],"version-history":[{"count":0,"href":"https:\/\/www.infokuryr.cz\/n\/wp-json\/wp\/v2\/posts\/31527\/revisions"}],"wp:featuredmedia":[{"embeddable":true,"href":"https:\/\/www.infokuryr.cz\/n\/wp-json\/wp\/v2\/media\/31528"}],"wp:attachment":[{"href":"https:\/\/www.infokuryr.cz\/n\/wp-json\/wp\/v2\/media?parent=31527"}],"wp:term":[{"taxonomy":"category","embeddable":true,"href":"https:\/\/www.infokuryr.cz\/n\/wp-json\/wp\/v2\/categories?post=31527"},{"taxonomy":"post_tag","embeddable":true,"href":"https:\/\/www.infokuryr.cz\/n\/wp-json\/wp\/v2\/tags?post=31527"}],"curies":[{"name":"wp","href":"https:\/\/api.w.org\/{rel}","templated":true}]}}