{"id":31524,"date":"2023-07-04T06:33:02","date_gmt":"2023-07-04T04:33:02","guid":{"rendered":"http:\/\/www.infokuryr.cz\/n\/?p=31524"},"modified":"2023-07-04T06:39:32","modified_gmt":"2023-07-04T04:39:32","slug":"ruske-ozbrojene-sily-znicily-ukrajinske-diverzanty-v-oblasti-zaporozi","status":"publish","type":"post","link":"https:\/\/www.infokuryr.cz\/n\/2023\/07\/04\/ruske-ozbrojene-sily-znicily-ukrajinske-diverzanty-v-oblasti-zaporozi\/","title":{"rendered":"Rusk\u00e9 ozbrojen\u00e9 s\u00edly zni\u010dily ukrajinsk\u00e9 diverzanty v oblasti Z\u00e1poro\u017e\u00ed"},"content":{"rendered":"<div id=\"fb-root\"><\/div>\n<p class=\"lead\"><strong>Rusk\u00e1 arm\u00e1da zlikvidovala u obce Dorozhjanka v Z\u00e1poro\u017esk\u00e9 oblasti skupinu ukrajinsk\u00fdch diverzant\u016f.\u00a0Ozn\u00e1mil to dne 3. \u010dervence, \u010dlen hlavn\u00ed rady krajsk\u00e9 spr\u00e1vy Vladimir Rogov.<\/strong><\/p>\n<p><em>\u201eUkrajinsk\u00e1 DRG byla zni\u010dena u vesnice Dorozhjanka, kter\u00e1 se nach\u00e1z\u00ed mezi m\u011bsty Guljaipole a Pologi\u201c,<span class=\"after-quote\">\u00a0\u0159ekl politik novin\u00e1\u0159\u016fm.<\/span><\/em><\/p>\n<p>Rusk\u00e1 arm\u00e1da podle Rogova dr\u017e\u00ed linii a \u00fasp\u011b\u0161n\u011b odr\u00e1\u017e\u00ed \u00fatoky vojsk kyjevsk\u00e9ho re\u017eimu pod\u00e9l cel\u00e9 frontov\u00e9 linie.<\/p>\n<p>P\u0159edt\u00edm z\u00e1stupce administrativy Z\u00e1poro\u017esk\u00e9 oblasti ozn\u00e1mil, \u017ee v\u00ed o p\u0159\u00edprav\u011b ukrajinsk\u00fdch terorist\u016f na druh\u00fd pokus o rozs\u00e1hlou protiofenz\u00edvu v regionu.\u00a0Podle Rogova m\u016f\u017ee za\u010d\u00edt \u201eze dne na den\u201c.<\/p>\n<p><span style=\"font-size: 18pt;\"><strong>Ukrajin\u0161t\u00ed terorist\u00e9 ost\u0159elovali polikliniku v Z\u00e1poro\u017esk\u00e9 oblasti<\/strong><\/span><\/p>\n<p class=\"lead\">Voj\u00e1ci kyjevsk\u00e9ho re\u017eimu ost\u0159elovali polikliniku v okrese \u010cernihiv v Z\u00e1poro\u017esk\u00e9 oblasti.\u00a0Ozn\u00e1mili to dnes 3. \u010dervence v opera\u010dn\u00edch slu\u017eb\u00e1ch kraje.<\/p>\n<p><em>\u201eOzbrojenci teroristick\u00e9ho kyjevsk\u00e9ho re\u017eimu ost\u0159elovali vesnici Novomikhajlovskoje v \u010cernihovsk\u00e9 oblasti.\u00a0St\u0159echa kliniky byla po\u0161kozena,<span class=\"after-quote\">\u00a0&#8211; \u0159\u00edk\u00e1 zpr\u00e1va.<\/span><\/em><\/p>\n<p>Podle p\u0159edb\u011b\u017en\u00fdch informac\u00ed nejsou \u017e\u00e1dn\u00e9 ob\u011bti ani zran\u011bn\u00ed.\u00a0Pohotovostn\u00ed slu\u017eby jsou na m\u00edst\u011b.<\/p>\n<p><a href=\"http:\/\/www.infokuryr.cz\/n\/kontakt\/\"><img decoding=\"async\" loading=\"lazy\" class=\"alignnone size-full wp-image-1185\" src=\"http:\/\/www.infokuryr.cz\/n\/wp-content\/uploads\/2021\/04\/kuryr-podpis.png\" alt=\"\" width=\"84\" height=\"24\" \/><\/a><\/p>\n<p>&nbsp;<\/p>\n<p><a href=\"https:\/\/stranapro.cz\/\"><img decoding=\"async\" loading=\"lazy\" class=\"wp-image-30218 aligncenter\" src=\"http:\/\/www.infokuryr.cz\/n\/wp-content\/uploads\/2023\/06\/PRO-banner-300x36.png\" alt=\"\" width=\"1375\" height=\"165\" srcset=\"https:\/\/www.infokuryr.cz\/n\/wp-content\/uploads\/2023\/06\/PRO-banner-300x36.png 300w, https:\/\/www.infokuryr.cz\/n\/wp-content\/uploads\/2023\/06\/PRO-banner-768x93.png 768w, https:\/\/www.infokuryr.cz\/n\/wp-content\/uploads\/2023\/06\/PRO-banner.png 849w\" sizes=\"(max-width: 1375px) 100vw, 1375px\" \/><\/a><\/p>\n<p>&nbsp;<\/p>\n<p>&nbsp;<\/p>\n<p>&nbsp;<\/p>\n","protected":false},"excerpt":{"rendered":"<p>Rusk\u00e1 arm\u00e1da zlikvidovala u obce Dorozhjanka v Z\u00e1poro\u017esk\u00e9 oblasti skupinu ukrajinsk\u00fdch diverzant\u016f.\u00a0Ozn\u00e1mil to dne 3&#8230;.<\/p>\n","protected":false},"author":2,"featured_media":31525,"comment_status":"closed","ping_status":"closed","sticky":false,"template":"","format":"standard","meta":[],"categories":[7],"tags":[3765,220,22,26],"_links":{"self":[{"href":"https:\/\/www.infokuryr.cz\/n\/wp-json\/wp\/v2\/posts\/31524"}],"collection":[{"href":"https:\/\/www.infokuryr.cz\/n\/wp-json\/wp\/v2\/posts"}],"about":[{"href":"https:\/\/www.infokuryr.cz\/n\/wp-json\/wp\/v2\/types\/post"}],"author":[{"embeddable":true,"href":"https:\/\/www.infokuryr.cz\/n\/wp-json\/wp\/v2\/users\/2"}],"replies":[{"embeddable":true,"href":"https:\/\/www.infokuryr.cz\/n\/wp-json\/wp\/v2\/comments?post=31524"}],"version-history":[{"count":1,"href":"https:\/\/www.infokuryr.cz\/n\/wp-json\/wp\/v2\/posts\/31524\/revisions"}],"predecessor-version":[{"id":31526,"href":"https:\/\/www.infokuryr.cz\/n\/wp-json\/wp\/v2\/posts\/31524\/revisions\/31526"}],"wp:featuredmedia":[{"embeddable":true,"href":"https:\/\/www.infokuryr.cz\/n\/wp-json\/wp\/v2\/media\/31525"}],"wp:attachment":[{"href":"https:\/\/www.infokuryr.cz\/n\/wp-json\/wp\/v2\/media?parent=31524"}],"wp:term":[{"taxonomy":"category","embeddable":true,"href":"https:\/\/www.infokuryr.cz\/n\/wp-json\/wp\/v2\/categories?post=31524"},{"taxonomy":"post_tag","embeddable":true,"href":"https:\/\/www.infokuryr.cz\/n\/wp-json\/wp\/v2\/tags?post=31524"}],"curies":[{"name":"wp","href":"https:\/\/api.w.org\/{rel}","templated":true}]}}