{"id":31523,"date":"2023-07-04T06:29:25","date_gmt":"2023-07-04T04:29:25","guid":{"rendered":"http:\/\/www.infokuryr.cz\/n\/?p=31523"},"modified":"2023-07-04T06:29:25","modified_gmt":"2023-07-04T04:29:25","slug":"americky-prezident-joe-biden-pristi-tyden-navstivi-britskeho-panovnika","status":"publish","type":"post","link":"https:\/\/www.infokuryr.cz\/n\/2023\/07\/04\/americky-prezident-joe-biden-pristi-tyden-navstivi-britskeho-panovnika\/","title":{"rendered":"Americk\u00fd prezident Joe Biden p\u0159\u00ed\u0161t\u00ed t\u00fdden nav\u0161t\u00edv\u00ed britsk\u00e9ho panovn\u00edka"},"content":{"rendered":"<div id=\"fb-root\"><\/div>\n<p class=\"lead\"><strong>Podle Buckinghamsk\u00e9ho pal\u00e1ce nav\u0161t\u00edv\u00ed prezident Joe Biden kr\u00e1le Karla III. na hrad\u011b Windsor, nejstar\u0161\u00ed a nejv\u011bt\u0161\u00ed kr\u00e1lovsk\u00e9 rezidenci Brit\u00e1nie.\u00a0Uskute\u010dn\u00ed se 10. \u010dervence jako prvn\u00ed zast\u00e1vka americk\u00e9ho prezidenta na jeho evropsk\u00e9m turn\u00e9.<\/strong><\/p>\n<p><span>Mezit\u00edm se americk\u00fd prezident nez\u00fa\u010dastnil korunovace britsk\u00e9ho panovn\u00edka 6. kv\u011btna ve Westminstersk\u00e9m opatstv\u00ed v Lond\u00fdn\u011b ve starobyl\u00e9m korunova\u010dn\u00edm kostele Anglo-britsk\u00e9 monarchie.\u00a0Ceremoni\u00e1lu se z\u00fa\u010dastnila jeho man\u017eelka\u00a0<\/span><strong><span>Jill Biden<\/span><\/strong><span>\u00a0.<\/span><\/p>\n<p><span>Ne\u00fa\u010dast Joea Bidena na kv\u011btnov\u00e9m korunova\u010dn\u00edm ceremoni\u00e1lu v Lond\u00fdn\u011b nebyla v\u00fdjime\u010dn\u00e1.\u00a0Od doby existence Spojen\u00fdch st\u00e1t\u016f se \u017e\u00e1dn\u00fd americk\u00fd prezident nez\u00fa\u010dastnil korunovac\u00ed britsk\u00fdch panovn\u00edk\u016f.<\/span><\/p>\n<p><span>Ofici\u00e1ln\u00ed zdroje z Lond\u00fdna ji\u017e d\u0159\u00edve nazna\u010dily, \u017ee Bidenova \u00fa\u010dast na korunovaci je nepravd\u011bpodobn\u00e1.<\/span><\/p>\n<p><span>Prezident Spojen\u00fdch st\u00e1t\u016f se loni v z\u00e1\u0159\u00ed v Lond\u00fdn\u011b z\u00fa\u010dastnil poh\u0159bu kr\u00e1lovny\u00a0<\/span><strong><span>Al\u017eb\u011bty II<\/span><\/strong><span>\u00a0.\u00a0V dubnu tohoto roku nav\u0161t\u00edvil Biden Irskou republiku a Severn\u00ed Irsko, sou\u010d\u00e1st Spojen\u00e9ho kr\u00e1lovstv\u00ed, na ceremonii 25. v\u00fdro\u010d\u00ed Velkop\u00e1te\u010dn\u00ed dohody z roku 1998, kter\u00e1 zah\u00e1jila proces urovn\u00e1n\u00ed vztah\u016f Severn\u00edho Irska.<\/span><\/p>\n<p><span>Downing Street a B\u00edl\u00fd d\u016fm ji\u017e d\u0159\u00edve nazna\u010dily, \u017ee Biden p\u0159i p\u0159\u00ed\u0161t\u00ed n\u00e1v\u0161t\u011bv\u011b Evropy ur\u010dit\u011b nav\u0161t\u00edv\u00ed nov\u00e9ho britsk\u00e9ho kr\u00e1le Karla III.\u00a0Podle sou\u010dasn\u00e9ho ozn\u00e1men\u00ed ve Washingtonu a Lond\u00fdn\u011b p\u0159ijede americk\u00fd prezident do Lond\u00fdna v ned\u011bli a nav\u0161t\u00edv\u00ed britsk\u00e9ho panovn\u00edka p\u0159\u00ed\u0161t\u00ed pond\u011bl\u00ed, 10. \u010dervence.<\/span><\/p>\n<p><span>B\u011bhem n\u00e1v\u0161t\u011bvy Bidena p\u0159iv\u00edt\u00e1 tak\u00e9 britsk\u00fd premi\u00e9r\u00a0<\/span><strong><span>Rishi Sunak<\/span><\/strong><span>\u00a0.<\/span><\/p>\n<p><span>Pot\u00e9 Joe Biden odcestuje do Vilniusu, aby se z\u00fa\u010dastnil summitu NATO <\/span><span>a n\u00e1sledn\u011b americk\u00fd prezident nav\u0161t\u00edv\u00ed Finsko, kter\u00e9 ned\u00e1vno vstoupilo do NATO.<\/span><\/p>\n<p><a href=\"http:\/\/www.infokuryr.cz\/n\/kontakt\/\"><img decoding=\"async\" loading=\"lazy\" class=\"alignnone size-full wp-image-1185\" src=\"http:\/\/www.infokuryr.cz\/n\/wp-content\/uploads\/2021\/04\/kuryr-podpis.png\" alt=\"\" width=\"84\" height=\"24\" \/><\/a><\/p>\n<p>&nbsp;<\/p>\n<p><a href=\"https:\/\/stranapro.cz\/\"><img decoding=\"async\" loading=\"lazy\" class=\"wp-image-30218 aligncenter\" src=\"http:\/\/www.infokuryr.cz\/n\/wp-content\/uploads\/2023\/06\/PRO-banner-300x36.png\" alt=\"\" width=\"1367\" height=\"164\" srcset=\"https:\/\/www.infokuryr.cz\/n\/wp-content\/uploads\/2023\/06\/PRO-banner-300x36.png 300w, https:\/\/www.infokuryr.cz\/n\/wp-content\/uploads\/2023\/06\/PRO-banner-768x93.png 768w, https:\/\/www.infokuryr.cz\/n\/wp-content\/uploads\/2023\/06\/PRO-banner.png 849w\" sizes=\"(max-width: 1367px) 100vw, 1367px\" \/><\/a><\/p>\n<p>&nbsp;<\/p>\n<p>&nbsp;<\/p>\n<p>&nbsp;<\/p>\n","protected":false},"excerpt":{"rendered":"<p>Podle Buckinghamsk\u00e9ho pal\u00e1ce nav\u0161t\u00edv\u00ed prezident Joe Biden kr\u00e1le Karla III. na hrad\u011b Windsor, nejstar\u0161\u00ed a&#8230;<\/p>\n","protected":false},"author":2,"featured_media":23616,"comment_status":"closed","ping_status":"closed","sticky":false,"template":"","format":"standard","meta":[],"categories":[7],"tags":[72,283,3291,4097],"_links":{"self":[{"href":"https:\/\/www.infokuryr.cz\/n\/wp-json\/wp\/v2\/posts\/31523"}],"collection":[{"href":"https:\/\/www.infokuryr.cz\/n\/wp-json\/wp\/v2\/posts"}],"about":[{"href":"https:\/\/www.infokuryr.cz\/n\/wp-json\/wp\/v2\/types\/post"}],"author":[{"embeddable":true,"href":"https:\/\/www.infokuryr.cz\/n\/wp-json\/wp\/v2\/users\/2"}],"replies":[{"embeddable":true,"href":"https:\/\/www.infokuryr.cz\/n\/wp-json\/wp\/v2\/comments?post=31523"}],"version-history":[{"count":0,"href":"https:\/\/www.infokuryr.cz\/n\/wp-json\/wp\/v2\/posts\/31523\/revisions"}],"wp:featuredmedia":[{"embeddable":true,"href":"https:\/\/www.infokuryr.cz\/n\/wp-json\/wp\/v2\/media\/23616"}],"wp:attachment":[{"href":"https:\/\/www.infokuryr.cz\/n\/wp-json\/wp\/v2\/media?parent=31523"}],"wp:term":[{"taxonomy":"category","embeddable":true,"href":"https:\/\/www.infokuryr.cz\/n\/wp-json\/wp\/v2\/categories?post=31523"},{"taxonomy":"post_tag","embeddable":true,"href":"https:\/\/www.infokuryr.cz\/n\/wp-json\/wp\/v2\/tags?post=31523"}],"curies":[{"name":"wp","href":"https:\/\/api.w.org\/{rel}","templated":true}]}}