{"id":31466,"date":"2023-07-04T01:10:52","date_gmt":"2023-07-03T23:10:52","guid":{"rendered":"http:\/\/www.infokuryr.cz\/n\/?p=31466"},"modified":"2023-07-03T18:29:12","modified_gmt":"2023-07-03T16:29:12","slug":"panstvi-karla-iii-spojene-se-smrti-a-zmizenim-mnoha-chranenych-ptaku","status":"publish","type":"post","link":"https:\/\/www.infokuryr.cz\/n\/2023\/07\/04\/panstvi-karla-iii-spojene-se-smrti-a-zmizenim-mnoha-chranenych-ptaku\/","title":{"rendered":"Panstv\u00ed Karla III. spojen\u00e9 se smrt\u00ed a zmizen\u00edm mnoha chr\u00e1n\u011bn\u00fdch pt\u00e1k\u016f"},"content":{"rendered":"<div id=\"fb-root\"><\/div>\n<p><strong>Panstv\u00ed kr\u00e1le Karla III. v Sandringhamu je spojeno se smrt\u00ed a zmizen\u00edm nejvz\u00e1cn\u011bj\u0161\u00edch pt\u00e1k\u016f ve Spojen\u00e9m kr\u00e1lovstv\u00ed, v\u010detn\u011b t\u011bch, kte\u0159\u00ed jsou uvedeni v \u010cerven\u00e9 knize, uv\u00e1d\u00ed The Guardian s odvol\u00e1n\u00edm na vy\u0161et\u0159ov\u00e1n\u00ed.\u00a0Mimo jin\u00e9 jsou zn\u00e1my p\u0159\u00edpady zast\u0159elen\u00ed a otrav ptactva.\u00a0Vy\u0161et\u0159ov\u00e1n\u00ed incident\u016f v\u0161ak bu\u010f selhalo, nebo nebylo provedeno.<\/strong><\/p>\n<p>Soukrom\u00e9 panstv\u00ed kr\u00e1le Karla III. v Sandringhamu v Norfolku bylo spojeno se smrt\u00ed a zmizen\u00edm \u0159ady chr\u00e1n\u011bn\u00fdch pt\u00e1k\u016f, odhalilo vy\u0161et\u0159ov\u00e1n\u00ed den\u00edku The Guardian.<\/p>\n<p>Mimo jin\u00e9 mluv\u00edme o otrav\u011b a zast\u0159elen\u00ed n\u011bkter\u00fdch z nejvz\u00e1cn\u011bj\u0161\u00edch dravc\u016f ve Spojen\u00e9m kr\u00e1lovstv\u00ed.\u00a0A jeden z p\u0159\u00edpad\u016f se t\u00fdk\u00e1 z\u00e1hadn\u00e9 smrti posledn\u00ed chovn\u00e9 samice harrier montagu ve v\u00fdchodn\u00ed Anglii, druhu, kter\u00fd je ohro\u017een\u00fd.<\/p>\n<p>Od roku 2003 tato publikace odhalila 18 p\u0159\u00edpad\u016f t\u00fdkaj\u00edc\u00edch se \u00fadajn\u00fdch zlo\u010din\u016f souvisej\u00edc\u00edch s divokou zv\u011b\u0159\u00ed nebo pou\u017eit\u00ed jedu na krysy, kter\u00e9 se t\u00fdkaly panstv\u00ed a zem\u011bd\u011blsk\u00e9 p\u016fdy ve vlastnictv\u00ed kr\u00e1le.<\/p>\n<p><img decoding=\"async\" loading=\"lazy\" class=\"wp-image-14926 alignleft\" src=\"http:\/\/www.infokuryr.cz\/n\/wp-content\/uploads\/2022\/09\/karel--300x183.jpg\" alt=\"\" width=\"610\" height=\"372\" srcset=\"https:\/\/www.infokuryr.cz\/n\/wp-content\/uploads\/2022\/09\/karel--300x183.jpg 300w, https:\/\/www.infokuryr.cz\/n\/wp-content\/uploads\/2022\/09\/karel-.jpg 527w\" sizes=\"(max-width: 610px) 100vw, 610px\" \/><\/p>\n<p>Mnoho p\u0159\u00edpad\u016f je podrobn\u011b pops\u00e1no regula\u010dn\u00edmi org\u00e1ny v dokumentech, kter\u00e9 byly zve\u0159ejn\u011bny podle pr\u00e1vn\u00edch p\u0159edpis\u016f o svobod\u011b informac\u00ed.\u00a0Tyto dokumenty ukazuj\u00ed, \u017ee \u00fa\u0159edn\u00edci \u010dinn\u00ed v trestn\u00edm \u0159\u00edzen\u00ed pravideln\u011b prov\u00e1d\u011bli vy\u0161et\u0159ov\u00e1n\u00ed panstv\u00ed Windsor, kter\u00e9 zab\u00edr\u00e1 asi 8 100 hektar\u016f parkov\u00e9, zem\u011bd\u011blsk\u00e9 a lesn\u00ed p\u016fdy.\u00a0Ukazuj\u00ed tak\u00e9, \u017ee se panstv\u00ed \u010dasto sna\u017eilo ma\u0159it \u00fa\u0159edn\u00ed vy\u0161et\u0159ov\u00e1n\u00ed.<\/p>\n<p>V roce 2016 tedy Natural England ozn\u00e1mila, \u017ee nebyla schopna vy\u0161et\u0159it podez\u0159el\u00e9 \u00famrt\u00ed asi 40 holub\u016f h\u0159ivn\u00e1\u010d\u016f na panstv\u00ed, proto\u017ee se uk\u00e1zalo, \u017ee oblast byla \u201e\u00a0<em>vy\u010di\u0161t\u011bna<\/em>\u00a0\u201c brzy r\u00e1no p\u0159ed zah\u00e1jen\u00edm vy\u0161et\u0159ov\u00e1n\u00ed.\u00a0Zam\u011bstnanci panstv\u00ed pozd\u011bji zesnul\u00e9ho jest\u0159\u00e1ba sp\u00e1lili, \u010d\u00edm\u017e znemo\u017enili vy\u0161et\u0159ov\u00e1n\u00ed p\u0159\u00ed\u010diny jeho smrti.<\/p>\n<p>Mluv\u010d\u00ed Sandringhamsk\u00e9ho pal\u00e1ce v\u0161ak uvedl, \u017ee panstv\u00ed \u201e\u00a0<em>pln\u011b podporuje jak\u00e9koli vy\u0161et\u0159ov\u00e1n\u00ed \u00fadajn\u00fdch incident\u016f s divokou zv\u011b\u0159\u00ed nebo pesticidy a je p\u0159ipraveno spolupracovat<\/em>\u00a0\u201c.\u00a0Z\u00e1rove\u0148 poznamenal, \u017ee v\u011bt\u0161ina obvin\u011bn\u00ed nast\u00edn\u011bn\u00fdch The Guardian byla v p\u0159\u00edpad\u011b pot\u0159eby vy\u0161et\u0159ena.<\/p>\n<p>Pouze jeden z t\u011bchto incident\u016f vedl k trestn\u00edmu st\u00edh\u00e1n\u00ed.\u00a0V roce 2006 dostali str\u00e1\u017eci Sandringhamu pokutu 500 a 470 liber za n\u00e1klady pot\u00e9, co p\u0159iznal, \u017ee jeho past zranila hl\u00eddanou sovu.\u00a0T\u0159i dal\u0161\u00ed obvin\u011bn\u00ed byla sta\u017eena, v\u010detn\u011b jednoho t\u00fdkaj\u00edc\u00edho se pou\u017eit\u00ed jedu na krysy.\u00a0Od t\u00e9 doby v\u0161ak tyto incidenty neustaly.<\/p>\n<p>Odborn\u00edci na ochranu p\u0159\u00edrody poukazuj\u00ed na dva zvl\u00e1\u0161t\u011b znepokojiv\u00e9 p\u0159\u00edpady.\u00a0Jsou spojov\u00e1ni se dv\u011bma exempl\u00e1\u0159i kanadsk\u00fdch Montagu \u2013 nejvz\u00e1cn\u011bj\u0161\u00edmi a nejohro\u017een\u011bj\u0161\u00edmi dravci ve Spojen\u00e9m kr\u00e1lovstv\u00ed.\u00a0V sou\u010dasn\u00e9 dob\u011b je ve Spojen\u00e9m kr\u00e1lovstv\u00ed pouze dev\u011bt takov\u00fdch pt\u00e1k\u016f.\u00a0Jeden z pt\u00e1k\u016f zmizel na farm\u011b panstv\u00ed v srpnu 2014 a druh\u00fd zmizel v srpnu 2017, a to navzdory satelitn\u00edm \u0161t\u00edtk\u016fm p\u0159ipevn\u011bn\u00fdm k ob\u011bma pt\u00e1k\u016fm.\u00a0Norfolsk\u00e1 policie vy\u0161et\u0159ovala oba incidenty.\u00a0Proto\u017ee se v\u0161ak t\u011bla pt\u00e1k\u016f nepoda\u0159ilo naj\u00edt, policie uvedla, \u017ee corpus delicti nevid\u011bla.\u00a0Zam\u011bstnanci panstv\u00ed pop\u00edraj\u00ed, \u017ee by o zmizen\u00ed pt\u00e1k\u016f v\u011bd\u011bli.<\/p>\n<p>Dal\u0161\u00ed \u0161iroce hl\u00e1\u0161en\u00fd incident se odehr\u00e1l v \u0159\u00edjnu 2007, kdy policie vysl\u00fdchala prince Harryho a jeho p\u0159\u00edtele v souvislosti se dv\u011bma harriery zast\u0159elen\u00fdmi nad are\u00e1lem Sandringhamu.\u00a0K dal\u0161\u00edmu incidentu do\u0161lo v roce 2021.\u00a0Pak byl pobl\u00ed\u017e panstv\u00ed nalezen mrtv\u00fd lu\u0148\u00e1k \u010derven\u00fd.\u00a0Okolnosti nasv\u011bd\u010dovaly tomu, \u017ee byl otr\u00e1ven t\u0159emi druhy jedu na krysy.\u00a0Nav\u00edc byl nalezen v\u00fdst\u0159el v jeho mase.<\/p>\n<p><a href=\"http:\/\/www.infokuryr.cz\/n\/kontakt\/\"><img decoding=\"async\" loading=\"lazy\" class=\"alignnone size-full wp-image-1185\" src=\"http:\/\/www.infokuryr.cz\/n\/wp-content\/uploads\/2021\/04\/kuryr-podpis.png\" alt=\"\" width=\"84\" height=\"24\" \/><\/a><\/p>\n<p>&nbsp;<\/p>\n<p><a href=\"https:\/\/stranapro.cz\/\"><img decoding=\"async\" loading=\"lazy\" class=\"wp-image-30218 aligncenter\" src=\"http:\/\/www.infokuryr.cz\/n\/wp-content\/uploads\/2023\/06\/PRO-banner-300x36.png\" alt=\"\" width=\"1367\" height=\"164\" srcset=\"https:\/\/www.infokuryr.cz\/n\/wp-content\/uploads\/2023\/06\/PRO-banner-300x36.png 300w, https:\/\/www.infokuryr.cz\/n\/wp-content\/uploads\/2023\/06\/PRO-banner-768x93.png 768w, https:\/\/www.infokuryr.cz\/n\/wp-content\/uploads\/2023\/06\/PRO-banner.png 849w\" sizes=\"(max-width: 1367px) 100vw, 1367px\" \/><\/a><\/p>\n<p>&nbsp;<\/p>\n<p>&nbsp;<\/p>\n<p>&nbsp;<\/p>\n<p>&nbsp;<\/p>\n","protected":false},"excerpt":{"rendered":"<p>Panstv\u00ed kr\u00e1le Karla III. v Sandringhamu je spojeno se smrt\u00ed a zmizen\u00edm nejvz\u00e1cn\u011bj\u0161\u00edch pt\u00e1k\u016f ve&#8230;<\/p>\n","protected":false},"author":2,"featured_media":31467,"comment_status":"closed","ping_status":"closed","sticky":false,"template":"","format":"standard","meta":[],"categories":[7],"tags":[67,3291,5388,5389],"_links":{"self":[{"href":"https:\/\/www.infokuryr.cz\/n\/wp-json\/wp\/v2\/posts\/31466"}],"collection":[{"href":"https:\/\/www.infokuryr.cz\/n\/wp-json\/wp\/v2\/posts"}],"about":[{"href":"https:\/\/www.infokuryr.cz\/n\/wp-json\/wp\/v2\/types\/post"}],"author":[{"embeddable":true,"href":"https:\/\/www.infokuryr.cz\/n\/wp-json\/wp\/v2\/users\/2"}],"replies":[{"embeddable":true,"href":"https:\/\/www.infokuryr.cz\/n\/wp-json\/wp\/v2\/comments?post=31466"}],"version-history":[{"count":1,"href":"https:\/\/www.infokuryr.cz\/n\/wp-json\/wp\/v2\/posts\/31466\/revisions"}],"predecessor-version":[{"id":31468,"href":"https:\/\/www.infokuryr.cz\/n\/wp-json\/wp\/v2\/posts\/31466\/revisions\/31468"}],"wp:featuredmedia":[{"embeddable":true,"href":"https:\/\/www.infokuryr.cz\/n\/wp-json\/wp\/v2\/media\/31467"}],"wp:attachment":[{"href":"https:\/\/www.infokuryr.cz\/n\/wp-json\/wp\/v2\/media?parent=31466"}],"wp:term":[{"taxonomy":"category","embeddable":true,"href":"https:\/\/www.infokuryr.cz\/n\/wp-json\/wp\/v2\/categories?post=31466"},{"taxonomy":"post_tag","embeddable":true,"href":"https:\/\/www.infokuryr.cz\/n\/wp-json\/wp\/v2\/tags?post=31466"}],"curies":[{"name":"wp","href":"https:\/\/api.w.org\/{rel}","templated":true}]}}