{"id":31407,"date":"2023-07-03T05:49:32","date_gmt":"2023-07-03T03:49:32","guid":{"rendered":"http:\/\/www.infokuryr.cz\/n\/?p=31407"},"modified":"2023-07-03T05:49:32","modified_gmt":"2023-07-03T03:49:32","slug":"jane-kaufman-duvody-pro-wagnerovu-vzpouru-mohly-byt-ruzne-podle-okolnosti","status":"publish","type":"post","link":"https:\/\/www.infokuryr.cz\/n\/2023\/07\/03\/jane-kaufman-duvody-pro-wagnerovu-vzpouru-mohly-byt-ruzne-podle-okolnosti\/","title":{"rendered":"Jane Kaufman: D\u016fvody pro Wagnerovu vzpouru mohly b\u00fdt r\u016fzn\u00e9, podle okolnost\u00ed"},"content":{"rendered":"<div id=\"fb-root\"><\/div>\n<p>Pro\u010d se v\u016fbec Wagnerova skupina pod veden\u00edm Jevgenije Prigo\u017eina vzbou\u0159ila a vyt\u00e1hla na Moskvu? Nap\u0159ed si st\u011b\u017eovali na nedostatek zbran\u00ed a na\u0159\u00edkali nad t\u00edm, \u017ee Rusko ve v\u00e1lce p\u0159\u00edli\u0161 pomalu postupuje, nebo \u017ee nena\u0159\u00eddili plnou mobilizaci, \u017ee na Ukrajinu nevtrhli jako Rambo a nepou\u017eili jadern\u00e9 zbran\u011b. K\u00a0tomu v\u0161emu p\u0159idali pozd\u011bji obavy z toho, \u017ee rusk\u00e1 vl\u00e1da je chce rozpustit a absorbovat do arm\u00e1dy.<\/p>\n<p><a href=\"https:\/\/www.zerohedge.com\/news\/2023-06-26\/what-wagner-mutiny-was-about\">N\u011bkte\u0159\u00ed uva\u017eovali<\/a>, \u017ee Prigo\u017einova vzpoura byla organizov\u00e1na po dohod\u011b s\u00a0presidentem Putinem, ale to se uk\u00e1zalo b\u00fdt nepravdiv\u00e9. Ani ne\u0161lo o divadeln\u00ed p\u0159edstaven\u00ed pro ty d\u016fv\u011b\u0159iv\u00e9. A nezd\u00e1 se, \u017ee by to cel\u00e9 bylo organizov\u00e1no Z\u00e1padem, proto\u017ee to by ur\u010dit\u011b Z\u00e1pad p\u0159ipravil na stejnou dobu n\u011bjakou podp\u016frnou akci z\u00a0Ukrajiny.<\/p>\n<p>Pozorovatel z\u00a0Twitteru, kter\u00fd si \u0159\u00edk\u00e1 Euggypius m\u00e1 za to, \u017ee Prigo\u017ein pl\u00e1noval vzpouru na obdob\u00ed b\u011bhem ukrajinsk\u00e9ho proti\u00fatoku, proto\u017ee byl p\u0159esv\u011bd\u010den, \u017ee Rusko bude pora\u017eeno, co\u017e se nestalo. Spolu s\u00a0men\u0161\u00ed skupinou sv\u00fdch v\u011brn\u00fdch se proto rozhodl k\u00a0pochodu na Moskvu. Rusk\u00e1 arm\u00e1da se k\u00a0nim zachovala neutr\u00e1ln\u011b, zato letectvo je vzalo za nep\u0159\u00e1tele a zkou\u0161elo je zni\u010dit. Cel\u00e1 akce zp\u016fsobila smrt 20-30 voj\u00e1k\u016f.<\/p>\n<p>Kim Dotcom, dal\u0161\u00ed pozorovatel je toho n\u00e1zoru, \u017ee se jednalo o boj o moc mezi Prigo\u017einem a rusk\u00fdm Ministrem obrany, \u0160ojgu. Na za\u010d\u00e1tku cel\u00e9ho vojensk\u00e9ho ta\u017een\u00ed ud\u011blal \u0160ojgu p\u00e1r chyb a Prigo\u017ein se stal jeho ne\u00fanavn\u00fdm kritikem. Kdy\u017e se Wagnerovci uk\u00e1zali b\u00fdt v\u00a0Bachmutu l\u00e9pe organizovan\u00ed a pou\u017e\u00edvali lep\u0161\u00ed strategii ne\u017e Rusov\u00e9, \u0160ojgu za\u010dal Prigo\u017eina provokovat t\u00edm, \u017ee jeho voj\u00e1k\u016fm nedod\u00e1val pot\u0159ebn\u00e9 zbran\u011b a munici.<\/p>\n<p>P\u0159esv\u011bd\u010den, \u017ee Rusko p\u0159i ukrajinsk\u00e9m proti\u00fatoku prohraje, proto\u017ee podle n\u011bho voj\u00e1ci na n\u011bco takov\u00e9ho nebyli p\u0159ipraveni, se Prigo\u017ein zkompromitoval bojovn\u00fdmi v\u00fdroky ve videu, kter\u00e9 dal na internet. Veden\u00ed Ruska a arm\u00e1dy v\u00a0n\u011bm asi vid\u011blo nebezpe\u010d\u00ed a za\u010dali ho podez\u0159\u00edvat.<\/p>\n<p><span style=\"font-size: 18pt;\"><strong>Bylo to opravdu tak?<\/strong><\/span><\/p>\n<p><a href=\"https:\/\/www.zerohedge.com\/geopolitical\/luongo-was-prigozhins-rebellion-live-or-memorex\">Tom Luongo<\/a> p\u0159ipom\u00edn\u00e1, \u017ee Prigo\u017ein ne\u0161et\u0159il st\u00ed\u017enostmi a n\u00e1\u0159ky ji\u017e dlouh\u00e9 m\u011bs\u00edce p\u0159ed t\u00edm, ne\u017e do\u0161lo ke kone\u010dn\u00e9mu konfliktu ve form\u011b otev\u0159en\u00e9 vzpoury. \u017de se nijak nem\u011bli v\u00a0l\u00e1sce s\u00a0Gerasimovem a se \u0160ojgu je v\u00edc ne\u017e zjevn\u00e9. Je dokonce mo\u017en\u00e9, \u017ee Wagnerova skupina byla posl\u00e1na na frontu aby napravila nepo\u0159\u00e1dek, kter\u00fd tam \u0160ojgu natropil, zat\u00edm co Gerasimov m\u011bl za \u00fakol zacvi\u010dit rusk\u00e9 vojsko natolik, aby byli schopni udr\u017eet zabran\u00e1 \u00fazem\u00ed.<\/p>\n<p>Mezit\u00edm US a NATO neust\u00e1le b\u00e1daj\u00ed, jak by je\u0161t\u011b v\u00edc Rusko zdeptali. Nap\u0159ed jim zni\u010dili most na Krym, pak Nord Stream, sv\u00e1d\u011bli na n\u011b \u00fatoky na civilisty v\u00a0Bu\u010di a v\u00a0na jadern\u00e9 elektr\u00e1rny v\u00a0Z\u00e1poro\u017e\u00ed. A p\u0159itom \u2013 pro\u010d by kdo cht\u011bl ni\u010dit objekt, kter\u00fd ji\u017e obsadil. Z\u00e1padn\u00ed imbecilov\u00e9 si nejsp\u00ed\u0161 mysl\u00ed, \u017ee Rusov\u00e9 za\u010dnou odst\u0159elovat Moskvu jen proto, \u017ee jsou ve v\u00e1lce?<\/p>\n<p>Po Z\u00e1poro\u017e\u00ed p\u0159i\u0161la na \u0159adu Kachovka \u2013 obrovsk\u00fd zlo\u010din, naprosto zbyte\u010dn\u00fd. Pak zde byl pokus o pa\u0161ov\u00e1n\u00ed Cesia-137 na Ukrajinu, za \u00fa\u010delem simulov\u00e1n\u00ed jadern\u00e9ho \u00fatoku, kter\u00fd rusk\u00e1 rozv\u011bdka na\u0161t\u011bst\u00ed zav\u010das zachytila. Prost\u011b, ukrajinsk\u00e9 veden\u00ed je tak podl\u00e9, \u017ee se nezastav\u00ed p\u0159ed ni\u010d\u00edm. A Z\u00e1pad, Britov\u00e9 a Ameri\u010dan\u00e9 jsou na tom je\u0161t\u011b h\u016f\u0159, proto\u017ee oni jim tyto kousky vym\u00fd\u0161l\u00ed. Cht\u011bj\u00ed za ka\u017edou cenu zni\u010dit Rusko, rozkouskovat je na mal\u00e9, v\u011b\u010dn\u011b mezi sebou v\u00e1l\u010d\u00edc\u00ed st\u00e1te\u010dky, p\u0159esn\u011b podle hesla: \u201erozd\u011bl a panuj.\u201c U\u017e d\u00e9le ne\u017e 300 let se o to sna\u017e\u00ed a po\u0159\u00e1d jim to nevych\u00e1z\u00ed.<\/p>\n<p>Do toho n\u00e1hle vpadl Prigo\u017ein, s\u00a0jeho zjevnou z\u00e1\u0161t\u00ed proti zp\u016fsobu, jak\u00fdm rusk\u00e1 arm\u00e1da vede v\u00e1lku na Ukrajin\u011b. N\u011bkte\u0159\u00ed \u0159\u00edkaj\u00ed, \u017ee byl za tu vzpouru \u0159\u00e1dn\u011b zaplacen. CIA rozv\u011bd\u010d\u00edci s\u00a0kuf\u00edrky pln\u00fdmi \u010derstv\u011b vyti\u0161t\u011bn\u00fdch americk\u00fdch dolar\u016f b\u011b\u017eeli, co ji nohy sta\u010dili, doru\u010dit Wagnerovc\u016fm jejich mili\u00f3ny.<\/p>\n<p><span style=\"font-size: 18pt;\"><strong>NATO, nebo EU? To je ot\u00e1zka<\/strong><\/span><\/p>\n<p>V\u00a0sou\u010dasn\u00e9 dob\u011b se bl\u00ed\u017e\u00ed velk\u00e1 sch\u016fze NATO, k\u00a0n\u00ed\u017e m\u00e1 doj\u00edt 11.-12. \u010dervence a v\u0161ichni \u010dekaj\u00ed, co bude n\u011bco takov\u00e9ho znamenat pro situaci na Ukrajin\u011b. Nejsp\u00ed\u0161 budou vym\u00fd\u0161let, jak Rusku u\u0161t\u011bd\u0159it n\u011bjakou dal\u0161\u00ed, \u0159\u00e1dnou r\u00e1nu, doufaje \u017ee to bude ta posledn\u00ed, kter\u00e1 je nadobro zni\u010d\u00ed. Snad to bude vstup Ukrajiny do EU \u010di do NATO? Oboj\u00ed je to stejn\u00e9, ned\u011blejme si iluze, jen\u017ee ka\u017ed\u00fd z\u00a0nich by m\u011bl trochu jin\u00e9 n\u00e1sledky.<\/p>\n<p><a href=\"https:\/\/stranapro.cz\/\"><img decoding=\"async\" loading=\"lazy\" class=\"wp-image-30218 aligncenter\" src=\"http:\/\/www.infokuryr.cz\/n\/wp-content\/uploads\/2023\/06\/PRO-banner-300x36.png\" alt=\"\" width=\"1358\" height=\"163\" srcset=\"https:\/\/www.infokuryr.cz\/n\/wp-content\/uploads\/2023\/06\/PRO-banner-300x36.png 300w, https:\/\/www.infokuryr.cz\/n\/wp-content\/uploads\/2023\/06\/PRO-banner-768x93.png 768w, https:\/\/www.infokuryr.cz\/n\/wp-content\/uploads\/2023\/06\/PRO-banner.png 849w\" sizes=\"(max-width: 1358px) 100vw, 1358px\" \/><\/a><\/p>\n<p>Vstup Ukrajiny, top\u00edc\u00ed se v dluz\u00edch do Evropsk\u00e9 unie by byla pohroma pro v\u0161ecky \u010dlensk\u00e9 st\u00e1ty. Nejen \u017ee sama EU je zadlu\u017eena jak nejv\u00edc to jde a podle n\u011bkter\u00fdch je t\u011bsn\u011b p\u0159ed bankrotem. Kdy\u017e by te\u010f p\u0159idala je\u0161t\u011b v\u00edc zadlu\u017eenou Ukrajinu, to by se \u010dlensk\u00e9 st\u00e1ty prohnuly v\u00a0z\u00e1dech, jak by platily a platily dluhy nezodpov\u011bdn\u00e9ho a zlo\u010dinn\u00e9ho veden\u00ed t\u00e9to zem\u011b, spolu s\u00a0dluhy nezodpov\u011bdn\u00e9ho a zlo\u010dinn\u00e9ho veden\u00ed EU. Nakonec by Unie zkou\u0161ela sv\u00e9 p\u0159ehmaty zast\u0159\u00edt n\u011bjakou v\u00e1lkou.<\/p>\n<p>Vstup do NATO by znamenal okam\u017eitou 3. sv\u011btovou v\u00e1lku, to je bezesporu. NATO by prost\u011b \u0161lo br\u00e1nit \u201asv\u00e9\u2018 nov\u00e9 \u00fazem\u00ed. Krve\u017e\u00edzniv\u00e1 Brit\u00e1nie by si nep\u0159\u00e1la nic jin\u00e9ho a dnes se zlob\u00ed na Bidena asi tak jako na Putina, proto\u017ee Biden zabr\u00e1nil, aby jejich Ben Wallace nahradil Stoltenberga ve funkci vedouc\u00edho NATO. Wallace, jeho\u017e inteligence se je\u0161t\u011b nedostala z\u00a0pl\u00ednek, by tu v\u00e1lku spolehliv\u011b doru\u010dil, na nic jin\u00e9ho stejn\u011b nem\u00e1.<\/p>\n<p><a href=\"https:\/\/www.rt.com\/news\/578412-uk-austerity-children-height-decline\/\">Britov\u00e9 si mo\u017en\u00e1<\/a> mysl\u00ed, \u017ee v\u00e1lku nutn\u011b pot\u0159ebuj\u00ed, aby zast\u0159eli, \u017ee velk\u00e1 \u010d\u00e1st jejich n\u00e1roda ji\u017e te\u010f hladov\u00ed. Bylo zji\u0161t\u011bno, \u017ee p\u011btilet\u00e9 d\u011bti, kter\u00e9 vyr\u016fstaly v\u00a0sou\u010dasn\u00e9m obdob\u00ed nedostatku, \u0161et\u0159en\u00ed a b\u00eddy, nedosahuj\u00ed stejn\u00e9 v\u00fd\u0161ky jako d\u011bti z\u00a0jin\u00fdch zem\u00ed. V pr\u016fm\u011bru jsou o 7 cm krat\u0161\u00ed. V\u00a0Anglii se v\u017edycky \u0161et\u0159ilo; bylo tam v\u017edycky p\u0159\u00edli\u0161 draho na platy, kter\u00e9 lid\u00e9 dost\u00e1vali, tak\u017ee i d\u0159\u00edve, od r. 1985 byly anglick\u00e9 d\u011bti co do v\u00fd\u0161ky na 69. m\u00edst\u011b ze 200 hodnocen\u00fdch zem\u00ed. V\u00a0tomto sm\u011bru byly pozadu i za d\u011btmi z\u00a0Kyrgyzst\u00e1nu a z\u00a0Kuby. I v\u00a0\u010c\u00edn\u011b, v\u00a0Severn\u00ed Koreji a dokonce i v\u00a0Libyji, kde zu\u0159ila v\u00e1lka, jsou d\u011bti vy\u0161\u0161\u00ed ne\u017e v\u00a0Anglii.<\/p>\n<p>V\u00fd\u0161ka \u010dlov\u011bka, jak bylo zji\u0161t\u011bno, je ovlivn\u011bna nejen kvalitou a mno\u017estv\u00edm potravy, ale tak\u00e9 mno\u017estv\u00edm stresu, nemocemi, nedostatkem financ\u00ed, b\u00eddou a dokonce i \u00farovn\u00ed sp\u00e1nku. Tak\u017ee Anglie je pozadu za celou Evropou a mo\u017en\u00e1 za velkou \u010d\u00e1st\u00ed sv\u011bta ve v\u0161ech t\u011bchto bodech.<\/p>\n<p>Brit\u0161t\u00ed l\u00e9ka\u0159i, kte\u0159\u00ed ordinuj\u00ed v\u00a0oblastech, kde \u017eij\u00ed lid\u00e9 s\u00a0n\u00edzk\u00fdmi p\u0159\u00edjmy dnes dokonce p\u0159izn\u00e1vaj\u00ed v\u00fdskyt nemoc\u00ed, kter\u00e9 jsou zp\u016fsobeny podv\u00fd\u017eivou a kter\u00e9 se tam naposledy vyskytovaly ve viktori\u00e1nsk\u00fdch \u010dasech, za vl\u00e1dy kr\u00e1lovny Viktorie.<\/p>\n<p><span style=\"font-size: 18pt;\"><strong>Jak\u00e9 by byly n\u00e1sledky<\/strong><\/span><\/p>\n<p>Jak pokra\u010duje Tom Luongo, na\u0161e jedin\u00e9 \u0161t\u011bst\u00ed, pro\u010d se Brit\u016fm nepoda\u0159ilo vet\u0159\u00edt se do veden\u00ed NATO je v\u00a0tom, \u017ee ani Spojen\u00e9 st\u00e1ty, ani Francie je tam za \u017e\u00e1dnou cenu necht\u011bj\u00ed. A tak v\u0161ichni slo\u017eit\u011b man\u00e9vruj\u00ed mezi snahou zni\u010dit za ka\u017edou cenu Rusko, anebo co tak zni\u010dit cel\u00fd sv\u011bt 3. sv\u011btovou v\u00e1lkou? V\u0161ichni z\u00a0nich maj\u00ed na zni\u010den\u00ed Ruska n\u011bjak\u00fd osobn\u00ed z\u00e1jem. Ukrajin\u0161t\u00ed nacist\u00e9 maj\u00ed sl\u00edbeno vyhlazen\u00ed Rus\u016f v\u00a0Donbasu, Polsko by dostalo notn\u00fd kus zem\u011b a Ma\u010farsko takt\u00e9\u017e, Gruzie by z\u00edskala Kavkaz, Evropa by m\u011bla nad\u00e1le ropu a plyn, Israel by dostal dal\u0161\u00ed zasl\u00edbenou zemi a tak d\u00e1le.<\/p>\n<p>N\u011bkte\u0159\u00ed horlivci z\u00a0Ameriky tomu v\u0161emu i na d\u00e1lku fand\u00ed. Americk\u00fd sen\u00e1tor Richard Blumenthal dokonce sepsal rozhodnut\u00ed, podle kter\u00e9ho by m\u011blo doj\u00edt k\u00a0roz\u0161\u00ed\u0159en\u00ed Odstavce \u010d. 5 v\u00a0NATO p\u0159edpisech, aby obsahoval jako d\u016fvod k\u00a0napaden\u00ed nejen kdyby Rusov\u00e9 pou\u017eili taktick\u00e9 jadern\u00e9 zbran\u011b, ale i kdyby do\u0161lo k\u00a0v\u00fdskytu jak\u00e9koliv jin\u00e9 radiace z\u00a0jadern\u00e9 nehody. Snad proto se Ukrajinci st\u00e1le sna\u017e\u00ed vybuchnout jadern\u00e9 reaktory v\u00a0Z\u00e1poro\u017e\u00ed?<\/p>\n<p>Na Z\u00e1pad\u011b st\u00edhaj\u00ed jedny \u00faplatky ty druh\u00e9, jak v\u0161ichni zkou\u0161ej\u00ed protla\u010dit svoji vlastn\u00ed agendu. Wallace, coby vedouc\u00ed NATO by jim v\u0161ecky jejich touhy naplnil t\u00edm, \u017ee by rozpoutal 3. v\u00e1lku. Jen\u017ee pak \u0159ekl americk\u00fd president Biden \u201ene!\u201c A Stoltenberg z\u016fstal na dal\u0161\u00ed rok.<\/p>\n<p>Pro\u010d asi to Biden ud\u011blal? Co ho k\u00a0tomu vedlo? Znamen\u00e1 to snad \u017ee Pentagon a WEF v\u00a0Davosu jsou vy\u0161achov\u00e1ni ze hry?<\/p>\n<p><span style=\"font-size: 18pt;\"><strong>Co asi m\u011bla Wagnerova vzpoura doc\u00edlit?<\/strong><\/span><\/p>\n<p>Jevgenij Prigo\u017ein mohl m\u00edt v\u0161elijak\u00e9 d\u016fvody pro rept\u00e1n\u00ed proti Ministerstvu obrany a vl\u00e1d\u011b. Luongo uva\u017euje, \u017ee ve v\u0161ech p\u0159\u00edpadech v\u00a0tom ale byly z\u00e1padn\u00ed pen\u00edze. Mo\u017en\u00e1 cht\u011bl opravdu napadnout Kreml a p\u0159evz\u00edt \u00falohu Vladim\u00edra Putina. Jestli\u017ee n\u011bco takov\u00e9ho vypadalo pro Z\u00e1pad dost pravd\u011bpodobn\u011b, mohli snadno o\u017eelet p\u00e1r milion\u016f a cel\u00e9 povst\u00e1n\u00ed financovat. Co jim z\u00e1le\u017e\u00ed na pen\u011bz\u00edch, v\u0161ak si m\u016f\u017eou natisknout dal\u0161\u00ed.<\/p>\n<p>Anebo snad dostal Prigo\u017ein sl\u00edbeno presidentstv\u00ed v\u00a0n\u011bkter\u00e9m men\u0161\u00edm st\u00e1t\u011b, na kter\u00e9 cht\u011bli Rusko rozb\u00edt? Snad doufal, \u017ee se k\u00a0n\u011bmu p\u0159idaj\u00ed i j\u00edn\u00ed, nakonec v\u00a0Rusku je dostate\u010dn\u00e9 mno\u017estv\u00ed t\u011bch, kte\u0159\u00ed nesouhlas\u00ed s\u00a0Putinem, proto\u017ee podle nich ne\u0159e\u0161\u00ed situaci na Ukrajin\u011b dost r\u00e1zn\u011b. Cht\u011bli by sp\u00ed\u0161 n\u011bco jako buldoz\u00e9r a celou Ukrajinu srovnat se zem\u00ed.<\/p>\n<p><a href=\"https:\/\/stranapro.cz\/\"><img decoding=\"async\" loading=\"lazy\" class=\"wp-image-30218 aligncenter\" src=\"http:\/\/www.infokuryr.cz\/n\/wp-content\/uploads\/2023\/06\/PRO-banner-300x36.png\" alt=\"\" width=\"1367\" height=\"164\" srcset=\"https:\/\/www.infokuryr.cz\/n\/wp-content\/uploads\/2023\/06\/PRO-banner-300x36.png 300w, https:\/\/www.infokuryr.cz\/n\/wp-content\/uploads\/2023\/06\/PRO-banner-768x93.png 768w, https:\/\/www.infokuryr.cz\/n\/wp-content\/uploads\/2023\/06\/PRO-banner.png 849w\" sizes=\"(max-width: 1367px) 100vw, 1367px\" \/><\/a><\/p>\n<p>Tak\u00e9 se mohlo st\u00e1t, \u017ee se Prigo\u017ein rozhodl Z\u00e1pad obrat o pen\u00edze a neud\u011blat za to nic. Sice se vydal na pochod na Moskvu a cestou \u00fadajn\u011b st\u0159\u00edlel na v\u0161ecky strany. Z\u00e1pad slintal nad\u0161en\u00edm, proto\u017ee touto dobou jsou u\u017e tak zdrcen\u00ed, \u017ee se jim nepoda\u0159ilo Putina \u017e\u00e1dn\u00fdm zp\u016fsobem chytit do kter\u00e9koliv z jejich l\u00e9\u010dek, \u017ee s\u00a0nad\u0161en\u00edm berou i nepatrn\u00fd n\u00e1znak v\u00edt\u011bzstv\u00ed.<\/p>\n<p>Snad proto Biden p\u0159ik\u00e1zal Ukrajinc\u016fm aby v\u00a0dob\u011b Prigo\u017einova pochodu na Moskvu se nepokou\u0161eli na ruskou stranu st\u0159\u00edlet?<\/p>\n<p>Ale kdy\u017e do\u0161lo na kone\u010dnou f\u00e1zi, kde m\u011bli Wagnerovci \u201adoru\u010dit objednan\u00e9 zbo\u017e\u00ed,\u2018 tak si za\u0159\u00eddili domluvu s\u00a0B\u011bloruskem a odbo\u010dili p\u0159\u00edmo tam. Stejn\u011b by tam nakonec skon\u010dili.<\/p>\n<p><span style=\"font-size: 18pt;\"><strong>Co kdy\u017e se vzpoura nekonala?<\/strong><\/span><\/p>\n<p>Jen\u017ee \u2013 co kdy\u017e to bylo je\u0161t\u011b jinak? Co kdy\u017e \u017e\u00e1dn\u00fd protest v\u016fbec nebyl? Co kdy\u017e to, co m\u011blo vypadat jako \u00fatok pod fale\u0161n\u00fdm praporem se zm\u011bnilo na \u00fatok z\u00a0Ruska? NATO se chyst\u00e1 za necel\u00fdch 14 dn\u016f situaci je\u0161t\u011b zhor\u0161it a Britov\u00e9 d\u011blaj\u00ed co mohou, aby tu v\u00e1lku u\u017e kone\u010dn\u011b rozpoutali. Te\u010f dod\u00e1vaj\u00ed Ukrajinc\u016fm Storm Shadow rakety, kter\u00e9 dolet\u00ed daleko, velmi daleko, a\u017e na Krym. Pol\u00e1ci netrp\u011bliv\u011b p\u0159e\u0161lapuj\u00ed a \u010dekaj\u00ed na sign\u00e1l k\u00a0pochodu, spolu s\u00a0n\u011bkolika des\u00edtkami tis\u00edc\u016f Ameri\u010dan\u016f, kte\u0159\u00ed se s\u00a0nimi ji\u017e del\u0161\u00ed dobu brat\u0159\u00ed\u010dkuj\u00ed.<\/p>\n<p>President Putin u\u017e dopravil jadern\u00e9 zbran\u011b do B\u011bloruska a co tak tam dodat n\u011bjak\u00e9 dob\u0159e vycvi\u010den\u00e9 a bojem utu\u017eil\u00e9 voj\u00e1ky? Proto\u017ee kdyby do\u0161lo k\u00a0\u00fatoku, tak nejsp\u00ed\u0161 p\u0159ijde z\u00a0polsk\u00e9 strany a do Kyjeva je to jen asi 150 km. Wagnerova skupina sed\u011bla p\u0159esn\u011b na to. Zbytek rusk\u00fdch vojsk je u\u017e nastaven tak, \u017ee kdyby Kyjev nebo n\u011bkdo jin\u00fd dostali jak\u00e9koliv bl\u00e1zniv\u00e9 n\u00e1pady, tak je maj\u00ed ze dvou stran, jako v\u00a0kle\u0161t\u00edch. Je dokonce o\u010dek\u00e1v\u00e1no, \u017ee hodn\u011b vybran\u00fdch \u010dlen\u016f rusk\u00e9 arm\u00e1dy bude naveleno k\u00a0Wagnerov\u00fdm odd\u00edl\u016fm.<\/p>\n<p>No a pak bude v\u00a0tichosti odstran\u011bn \u0160ojgu a v\u0161elijac\u00ed v\u00e1le\u010dn\u00ed fanatikov\u00e9 se zaraduj\u00ed, proto\u017ee na jeho m\u00edsto dostanou n\u011bkoho, kdo je tak trochu jako Prigo\u017ein.<\/p>\n<p><span style=\"font-size: 18pt;\"><strong>Panika na Z\u00e1pad\u011b<\/strong><\/span><\/p>\n<p><a href=\"https:\/\/warnews247-gr.translate.goog\/ektakto-oi-aeroporikes-dynameis-tou-nato-tethikan-se-katastasi-machis-anaptyxi-epilekton-monadon-tis-vagkner-sta-synora-me-polonia-tha-boun-lviv\/?_x_tr_sl=auto&amp;_x_tr_tl=en&amp;_x_tr_hl=en&amp;_x_tr_pto=wapp\">P\u0159esun Wagnerovy<\/a> elitn\u00ed skupiny voj\u00e1k\u016f do B\u011bloruska, p\u0159\u00edmo k\u00a0polsk\u00fdm hranic\u00edm zp\u016fsobil na Z\u00e1pad\u011b zna\u010dn\u00fd rozruch. M\u00e1lem \u017ee do\u0161lo k\u00a0protest\u016fm, proto\u017ee v\u0161ichni si dob\u0159e uv\u011bdomovali, \u017ee Wagner se postar\u00e1, aby bylo spojen\u00ed mezi Polskem a z\u00e1padn\u00ed Ukrajinou kdy\u017e ne p\u0159eru\u0161eno, tak aspo\u0148 velmi dob\u0159e hl\u00edd\u00e1no.<\/p>\n<p>Podle b\u011blorusk\u00e9ho presidenta, Alexandra Luka\u0161enko, Wagnerovy jednotky nebudou m\u00edt p\u0159\u00edstup k\u00a0rusk\u00fdm jadern\u00fdm zbran\u00edm. To je z\u00e1le\u017eitost \u010dist\u011b rusk\u00fdch vojsk, kter\u00e9 k\u00a0tomu maj\u00ed dostate\u010dn\u00e9 znalosti a zku\u0161enosti.<\/p>\n<p>Wagnerovi voj\u00e1ci dostali p\u0159id\u011blen\u00e1 \u00fazem\u00ed, kde mohou vybudovat t\u00e1bory, ale jsou v\u00a0zemi na vlastn\u00ed \u00fatraty; b\u011blorusk\u00e1 vl\u00e1da je platit nebude. Jejich \u00fakolem bude p\u0159ipravovat b\u011bloruskou arm\u00e1du k\u00a0boji. Maj\u00ed k\u00a0tomu pot\u0159ebn\u00e9 zku\u0161enosti, nakonec se po celou dobu v\u00e1lky nach\u00e1zeli v\u00a0p\u0159edn\u00edch lini\u00edch fronty.<\/p>\n<p><span style=\"font-size: 18pt;\"><strong>Mohlo to ale b\u00fdt je\u0161t\u011b zcela jinak<\/strong><\/span><\/p>\n<p><a href=\"https:\/\/www.zerohedge.com\/geopolitical\/blinken-hints-more-russia-unrest-come-we-havent-seen-last-act\">Americk\u00fd ministr<\/a> zahrani\u010d\u00ed, Antony Blinken \u0159ekl, \u017ee Prigo\u017einova vzpoura nen\u00ed to posledn\u00ed, co se mohlo p\u0159ihodit. Spojen\u00e9 st\u00e1ty o\u010dek\u00e1vaj\u00ed mnohem v\u00edce nepokoj\u016f v\u00a0Rusku. <em>\u201eJe to, jakobychom sledovali film,\u201c<\/em> \u0159ekl, <em>\u201ea je\u0161t\u011b jsme nevid\u011bli posledn\u00ed sc\u00e9nu.\u201c<\/em><\/p>\n<p>Zaj\u00edmav\u00e9 prohl\u00e1\u0161en\u00ed. Jakoby t\u00edm cht\u011bl potvrdit, \u017ee Prigo\u017ein opravdu na toto p\u0159edstaven\u00ed vyfasoval jejich pen\u00edze a \u017ee jsou je\u0161t\u011b jin\u00ed, dal\u0161\u00ed, kte\u0159\u00ed rovn\u011b\u017e provedou na co byli najati.<\/p>\n<p>Z\u00e1pad je p\u0159esv\u011bd\u010den, \u017ee vzpoura Wagnerov\u00fdch jednotek odhalila probl\u00e9my v\u00a0Rusku, kter\u00e9 ohro\u017euj\u00ed Putinovu pozici. Podle nich, politick\u00e1 situace v\u00a0zemi je nejist\u00e1, co\u017e o to v\u00edc ospravedl\u0148uje podporu Ukrajiny.<\/p>\n<p>V\u00a0rozhovoru s\u00a0Bidenem \u0159ekl ukrajinsk\u00fd president Zelensk\u00fd doslova: <em>\u201eJsem vd\u011b\u010dn\u00fd za va\u0161i p\u0159ipravenost a za p\u0159ipravenost americk\u00e9ho lidu st\u00e1t po boku Ukrajiny a\u017e do pln\u00e9ho osvobozen\u00ed cel\u00e9ho na\u0161eho \u00fazem\u00ed, tak jak je mezin\u00e1rodn\u011b uzn\u00e1v\u00e1no.\u201c<\/em> St\u00e1le douf\u00e1!<\/p>\n<p><a href=\"https:\/\/www.rt.com\/russia\/578906-russian-mp-names-reason-wagner-mutiny\/\"><strong>Dal\u0161\u00ed d\u016fvod pro<\/strong><\/a><strong> Prigo\u017einovu vzpouru odhalil \u010dlen rusk\u00e9 Dumy, Andrej Kartapolov<\/strong>, kdy\u017e vysv\u011btlil, \u017ee v\u0161echny soukrom\u00e9 vojensk\u00e9 skupiny, kter\u00e9 se aktivn\u011b pod\u00edlej\u00ed na <em>\u201azvl\u00e1\u0161tn\u00ed vojensk\u00e9 operaci\u2018<\/em> na Ukrajin\u011b, jak je tato naz\u00fdv\u00e1na, byly po\u017e\u00e1d\u00e1ny, aby podepsaly smlouvu s\u00a0rusk\u00fdm ministerstvem obrany. Jedin\u00e1 Wagnerova skupina smlouvu odm\u00edtla podepsat. Jej\u00ed vedouc\u00ed se tehdy vyj\u00e1d\u0159il, \u017ee <em>\u201ejsou vysoce v\u00fdkonn\u00e1 jednotka, organicky v\u010dlen\u011bn\u00e1 do celkov\u00e9ho syst\u00e9mu.\u201c<\/em><\/p>\n<p>K\u00a0t\u00e9to ud\u00e1losti do\u0161lo pouh\u00fdch p\u00e1r dn\u016f p\u0159edt\u00edm, ne\u017e se Wagner dal na pochod na Moskvu. Kdy\u017e pak byl Prigo\u017ein uv\u011bdom\u011bn, \u017ee nepodepsat smlouvu znamen\u00e1 nedost\u00e1vat \u017e\u00e1dn\u00e9 dal\u0161\u00ed finance od st\u00e1tu, tak\u017ee t\u00edm p\u00e1dem ztr\u00e1c\u00ed jak finan\u010dn\u00ed, tak materi\u00e1ln\u00ed zdroje, to mohlo zp\u016fsobit jeho znechucen\u00ed a dohnat ho ke vzpou\u0159e. Nutno dodat, \u017ee za jeden rok vyplatila rusk\u00e1 vl\u00e1da Wagnerov\u00fdm voj\u00e1k\u016fm v\u00a0platech a v\u00a0odm\u011bn\u00e1ch v\u00a0p\u0159epo\u010dtu na dolary celkem 1,04 miliard.<\/p>\n<p>Snad toto byla ona \u201asmrt\u00edc\u00ed raketov\u00e1 palba,\u2018 kter\u00e1 zas\u00e1hla jeho odd\u00edly, jak \u0159ekl Prigo\u017ein. Jeho voj\u00e1ci byli naprosto z\u00e1visl\u00ed na st\u00e1tn\u00edm financov\u00e1n\u00ed, zat\u00edm co on s\u00e1m z\u00edsk\u00e1val miliardy rubl\u016f za dod\u00e1vky stravov\u00e1n\u00ed pro rusk\u00e1 vojska.<\/p>\n<p><span style=\"font-size: 18pt;\"><strong>Je\u0161t\u011b dal\u0161\u00ed pravd\u011bpodobn\u00fd n\u00e1zor<\/strong><\/span><\/p>\n<p><a href=\"https:\/\/endoftheamericandream.com\/lets-talk-about-yevgeny-prigozhin\/\">Michael Snyder p\u00ed\u0161e<\/a>, \u017ee Prigo\u017ein nem\u011bl v\u016fbec v\u00a0\u00famyslu svrhnout presidenta Putina. V\u0161ecko co cht\u011bl, bylo dostat zp\u00e1tky to, co ztratil, co\u017e je vl\u00e1dn\u00ed podpora a finance. Proto\u017ee byl ji\u017e d\u0159\u00edve s\u00a0Putinem velice zadob\u0159e, Prigo\u017ein vyd\u011blal neuv\u011b\u0159iteln\u00e9 mno\u017estv\u00ed pen\u011bz na dod\u00e1vk\u00e1ch potravin pro moskevsk\u00fd \u0161koln\u00ed syst\u00e9m a pro vojensk\u00e9 z\u00e1kladny. Na takov\u00e9m podnik\u00e1n\u00ed, spolu s\u00a0organizov\u00e1n\u00edm Wagnerovy \u010dinnosti, z\u00edskal asi 2 miliardy v\u00a0dolarech za rok.<\/p>\n<p>A pak se jaksi z\u00e1hadn\u011b za\u010dalo v\u0161ecko hroutit. Ze za\u010d\u00e1tku naj\u00edmal voj\u00e1ky pro Wagnera ve v\u011bzen\u00edch, ale vl\u00e1da mu to p\u0159ekazila a za\u010dali tam hledat posily pro sv\u00e9 vojsko sami. Pak do\u0161lo k\u00a0tomu, \u017ee jeho p\u0159\u00edtel a schopn\u00fd gener\u00e1l Serg\u011bj Surovikin byl nahrazen gener\u00e1lem Gerasimovem. Prigo\u017ein n\u011bco takov\u00e9ho t\u011b\u017ece nesl a od t\u00e9 doby za\u010dal s\u00a0arm\u00e1dou bojovat.<\/p>\n<p>V\u00a0podeps\u00e1n\u00ed smlouvy s\u00a0vl\u00e1dou vid\u011bl p\u0159ed\u00e1n\u00ed sv\u00fdch n\u00e1jemn\u00edch voj\u00e1k\u016f rusk\u00e9 arm\u00e1d\u011b a proto necht\u011bl podepsat. To bylo, kdy n\u00e1doba p\u0159etekla.<\/p>\n<p>Prigo\u017ein m\u011bl p\u016fvodn\u011b v\u00a0\u00famyslu zajmout Ministra obrany \u0160ojgu a gener\u00e1la Gerasimova. Jen\u017ee rusk\u00e1 rozv\u011bdka jeho pl\u00e1ny odhalila, tak\u017ee musel zm\u011bnit strategii a nam\u00edsto toho se vydal na pochod do Moskvy. Kdy\u017e poznal, \u017ee ani tam neusp\u011bl, pou\u017eil nejlep\u0161\u00ed cestu ze situace, jak\u00e1 se nab\u00edzela.<\/p>\n<p>Pro cel\u00fd Z\u00e1pad to bylo obrovsk\u00e9 zklam\u00e1n\u00ed. V\u0161ichni doufali, \u017ee se p\u0159idaj\u00ed dal\u0161\u00ed a \u017ee vznikne \u0159\u00e1dn\u00e1 revoluce, kter\u00e1 svrhne Vladim\u00edra Putina. V\u00a0tom se ale p\u0159epo\u010d\u00edtali. Zjevn\u011b si neuv\u011bdomili, \u017ee president Putin je v\u00a0Rusku mnohem obl\u00edben\u011bj\u0161\u00ed ne\u017e kter\u00fdkoliv jin\u00fd z\u00e1padn\u00ed vedouc\u00ed st\u00e1tu. Na p\u0159\u00edklad, Bidenova popularita je \u00fadajn\u011b 37%, co\u017e je ur\u010dit\u011b n\u011bjak \u0161ikovn\u011b nav\u00fd\u0161eno. Popularita Kamaly Harris je je\u0161t\u011b ni\u017e\u0161\u00ed. Zato Putinova popularita je v\u00edce ne\u017e 80%.<\/p>\n<p>Nen\u00ed \u010demu se divit, \u017ee je na tom Biden tak zle. Zrovna ned\u00e1vno se vyj\u00e1d\u0159il, \u017ee <em>\u201ePutin zcela zjevn\u011b v\u00e1lku v\u00a0Ir\u00e1ku prohr\u00e1v\u00e1.\u201c<\/em> <a href=\"https:\/\/rumble.com\/v2wj6iw-wtaf-joe-biden-i-sold-a-lot-of-state-secrets-and-a-lot-of-very-important-th.html\">A jindy zase<\/a> bl\u00e1bolil: <em>\u201eProdal jsem hodn\u011b st\u00e1tn\u00edch tajemstv\u00ed a velk\u00e9 mno\u017estv\u00ed d\u016fle\u017eit\u00fdch v\u011bc\u00ed \u2026\u201c<\/em><\/p>\n<p><a href=\"https:\/\/sputnikglobe.com\/20230701\/around-the-world-watch-joe-bidens-top-five-geographic-blunders-1111603850.html\">Plete si \u0160v\u00e9dsko<\/a> se \u0160v\u00fdcarskem a v\u0161ichni ztuhli, kdy\u017e \u0159ekl, \u017ee: <em>\u201ePutin m\u016f\u017ee obkl\u00ed\u010dit cel\u00fd Kyjev s\u00a0tanky, ale nikdy si nez\u00edsk\u00e1 srdce a du\u0161e ir\u00e1nsk\u00e9ho lidu.\u201c<\/em> Tak\u017ee Ukrajina je podle n\u011bho os\u00eddlena Ir\u00e1nci! Slavn\u00fd byl rovn\u011b\u017e jeho v\u00fdrok: <em>\u201eM\u00e1me pl\u00e1ny jako vybudovat \u017eeleznici z\u00a0Tich\u00e9ho oce\u00e1nu, celou cestou skrze Indick\u00fd oce\u00e1n. Mohl bych pokra\u010dovat, ale neud\u011bl\u00e1m to. V\u00edm, \u017ee te\u010f odbo\u010duji od sc\u00e9n\u00e1\u0159e, tak\u017ee budu m\u00edt probl\u00e9my.\u201c<\/em><\/p>\n<p>A to je st\u00e1le je\u0161t\u011b presidentem! N\u011bkter\u00fdm projde v\u0161ecko, jin\u00fdm neprojde nic.<\/p>\n<p><strong>Jane Kaufman, 2. \u010dervence 2023<\/strong><\/p>\n<p>&nbsp;<\/p>\n<p><a href=\"https:\/\/stranapro.cz\/\"><img decoding=\"async\" loading=\"lazy\" class=\"wp-image-30218 aligncenter\" src=\"http:\/\/www.infokuryr.cz\/n\/wp-content\/uploads\/2023\/06\/PRO-banner-300x36.png\" alt=\"\" width=\"1367\" height=\"164\" srcset=\"https:\/\/www.infokuryr.cz\/n\/wp-content\/uploads\/2023\/06\/PRO-banner-300x36.png 300w, https:\/\/www.infokuryr.cz\/n\/wp-content\/uploads\/2023\/06\/PRO-banner-768x93.png 768w, https:\/\/www.infokuryr.cz\/n\/wp-content\/uploads\/2023\/06\/PRO-banner.png 849w\" sizes=\"(max-width: 1367px) 100vw, 1367px\" \/><\/a><\/p>\n<p>&nbsp;<\/p>\n<p>&nbsp;<\/p>\n<p>&nbsp;<\/p>\n","protected":false},"excerpt":{"rendered":"<p>Pro\u010d se v\u016fbec Wagnerova skupina pod veden\u00edm Jevgenije Prigo\u017eina vzbou\u0159ila a vyt\u00e1hla na Moskvu? Nap\u0159ed&#8230;<\/p>\n","protected":false},"author":2,"featured_media":30818,"comment_status":"closed","ping_status":"closed","sticky":false,"template":"","format":"standard","meta":[],"categories":[6],"tags":[1042,39,4594,22,4058,1437],"_links":{"self":[{"href":"https:\/\/www.infokuryr.cz\/n\/wp-json\/wp\/v2\/posts\/31407"}],"collection":[{"href":"https:\/\/www.infokuryr.cz\/n\/wp-json\/wp\/v2\/posts"}],"about":[{"href":"https:\/\/www.infokuryr.cz\/n\/wp-json\/wp\/v2\/types\/post"}],"author":[{"embeddable":true,"href":"https:\/\/www.infokuryr.cz\/n\/wp-json\/wp\/v2\/users\/2"}],"replies":[{"embeddable":true,"href":"https:\/\/www.infokuryr.cz\/n\/wp-json\/wp\/v2\/comments?post=31407"}],"version-history":[{"count":0,"href":"https:\/\/www.infokuryr.cz\/n\/wp-json\/wp\/v2\/posts\/31407\/revisions"}],"wp:featuredmedia":[{"embeddable":true,"href":"https:\/\/www.infokuryr.cz\/n\/wp-json\/wp\/v2\/media\/30818"}],"wp:attachment":[{"href":"https:\/\/www.infokuryr.cz\/n\/wp-json\/wp\/v2\/media?parent=31407"}],"wp:term":[{"taxonomy":"category","embeddable":true,"href":"https:\/\/www.infokuryr.cz\/n\/wp-json\/wp\/v2\/categories?post=31407"},{"taxonomy":"post_tag","embeddable":true,"href":"https:\/\/www.infokuryr.cz\/n\/wp-json\/wp\/v2\/tags?post=31407"}],"curies":[{"name":"wp","href":"https:\/\/api.w.org\/{rel}","templated":true}]}}