{"id":31398,"date":"2023-07-03T01:14:18","date_gmt":"2023-07-02T23:14:18","guid":{"rendered":"http:\/\/www.infokuryr.cz\/n\/?p=31398"},"modified":"2023-07-02T18:57:17","modified_gmt":"2023-07-02T16:57:17","slug":"nizozemsky-kral-se-omluvil-za-zapojeni-zeme-do-obchodu-s-otroky-a-za-necinnost-svych-vlastnich-predku","status":"publish","type":"post","link":"https:\/\/www.infokuryr.cz\/n\/2023\/07\/03\/nizozemsky-kral-se-omluvil-za-zapojeni-zeme-do-obchodu-s-otroky-a-za-necinnost-svych-vlastnich-predku\/","title":{"rendered":"Nizozemsk\u00fd kr\u00e1l se omluvil za zapojen\u00ed zem\u011b do obchodu s otroky \u2013 a za ne\u010dinnost sv\u00fdch vlastn\u00edch p\u0159edk\u016f"},"content":{"rendered":"<div id=\"fb-root\"><\/div>\n<p><strong>Nizozemsk\u00fd kr\u00e1l Willem-Alexander se podle Das Erste ofici\u00e1ln\u011b omluvil za zapojen\u00ed sv\u00e9 zem\u011b do minul\u00e9 politiky otroctv\u00ed a kolonizace.\u00a0Toto t\u00e9ma se ho podle n\u011bj \u201eosobn\u011b a do morku kost\u00ed dot\u00fdk\u00e1\u201c.\u00a0Willem-Alexander nav\u00edc po\u017e\u00e1dal o odpu\u0161t\u011bn\u00ed ne\u010dinnosti sv\u00fdch vlastn\u00edch p\u0159edk\u016f: kr\u00e1lovsk\u00fd d\u016fm Orange \u201eneud\u011blal nic, aby tomu zabr\u00e1nil\u201c.<\/strong><\/p>\n<p>Nizozemsk\u00fd kr\u00e1l po\u017e\u00e1dal o odpu\u0161t\u011bn\u00ed za k\u0159ivdu zp\u016fsobenou stovk\u00e1m tis\u00edc lid\u00ed v dob\u011b otroctv\u00ed.\u00a0Toto t\u00e9ma\u00a0<em>se ho \u201edot\u00fdk\u00e1 osobn\u011b a do morku kost\u00ed<\/em>\u00a0\u201c, \u0159ekl Willem-Alexander v sobotu na ofici\u00e1ln\u00ed ceremonii u p\u0159\u00edle\u017eitosti 150. v\u00fdro\u010d\u00ed zru\u0161en\u00ed otroctv\u00ed v nizozemsk\u00fdch koloni\u00edch v Amsterdamu, uv\u00e1d\u00ed Das Erste.<\/p>\n<p>Stal se jedn\u00edm z m\u00e1la panovn\u00edk\u016f, kte\u0159\u00ed se form\u00e1ln\u011b omluvili za zapojen\u00ed sv\u00e9 zem\u011b do minul\u00e9 politiky otroctv\u00ed a kolonizace.\u00a0<em>&#8222;Ze v\u0161ech forem nesvobody je otroctv\u00ed zdaleka nejv\u00edce poni\u017euj\u00edc\u00ed a nelidsk\u00e9<\/em>\u00a0,&#8220; zd\u016fraznil.<\/p>\n<p>Kr\u00e1l se tak osobn\u011b i ve\u0159ejn\u011b p\u0159ipojil k omluv\u00e1m, kter\u00e9 koncem lo\u0148sk\u00e9ho roku jm\u00e9nem Nizozemska a kr\u00e1le u\u010dinil premi\u00e9r Mark Rutte.\u00a0Willem-Alexander za hlasit\u00e9ho potlesku pokra\u010doval:\u00a0<em>\u201eDnes tu stoj\u00edm p\u0159ed v\u00e1mi.\u00a0Jako v\u00e1\u0161 kr\u00e1l a \u010dlen vl\u00e1dy se dnes s\u00e1m omlouv\u00e1m.&#8220;<\/em><\/p>\n<p><em>\u201eObchod s otroky a otroctv\u00ed jsou uzn\u00e1v\u00e1ny jako zlo\u010diny proti lidskosti, ale majitel\u00e9 m\u011bsta a kr\u00e1lovsk\u00fd d\u016fm Orange neud\u011blali nic, aby tomu zabr\u00e1nili.\u00a0Druh\u00e1 sv\u011btov\u00e1 v\u00e1lka uk\u00e1zala, \u017ee kdy\u017e se lid\u00e9 prom\u011b\u0148uj\u00ed ve zv\u00ed\u0159ata, nelze se schov\u00e1vat za z\u00e1kony.\u00a0Existuje tak\u00e9 mor\u00e1ln\u00ed povinnost jednat.\u00a0Proto se tak\u00e9 omlouv\u00e1m za ne\u010dinnost,\u201c<\/em>\u00a0\u0159ekl kr\u00e1l.<\/p>\n<p>Poznamenal, \u017ee d\u016fsledky otrok\u00e1\u0159sk\u00e9 minulosti Nizozemska jsou ve spole\u010dnosti st\u00e1le poci\u0165ov\u00e1ny v podob\u011b projev\u016f rasismu.<\/p>\n<p>Na konci roku 2022 bylo jm\u00e9nem Willem-Alexander zah\u00e1jeno vy\u0161et\u0159ov\u00e1n\u00ed role kr\u00e1lovsk\u00e9 dynastie Orange &#8211; Nassau v otroctv\u00ed.\u00a0Dal\u0161\u00ed vy\u0161et\u0159ov\u00e1n\u00ed zve\u0159ejn\u011bn\u00e9 v \u010dervnu ji\u017e uk\u00e1zalo, \u017ee kr\u00e1lovi p\u0159edkov\u00e9 vyd\u011blali na obchodu s otroky v dne\u0161n\u00edm vyj\u00e1d\u0159en\u00ed minim\u00e1ln\u011b 545 milion\u016f eur.<\/p>\n<p>Od 17. stolet\u00ed je Nizozemsko jednou z nejv\u011bt\u0161\u00edch koloni\u00e1ln\u00edch mocnost\u00ed na sv\u011bt\u011b.\u00a0Po v\u00edce ne\u017e 200 let zotro\u010dili holand\u0161t\u00ed obchodn\u00edci s otroky podle n\u011bkter\u00fdch odhad\u016f 600 tis\u00edc lid\u00ed.\u00a0Na holandsk\u00fdch lod\u00edch je odv\u00e1\u017eeli z Afriky do zem\u00ed Ji\u017en\u00ed Ameriky a Karibiku.<\/p>\n<p>P\u0159evoz nep\u0159e\u017eilo asi 75 000 lid\u00ed, \u0159ekl kr\u00e1l.\u00a01. \u010dervence 1863 se Nizozemsko stalo jednou z posledn\u00edch zem\u00ed v Evrop\u011b, kter\u00e1 zru\u0161ila otroctv\u00ed ve sv\u00fdch koloni\u00edch.\u00a0Ale mnoho otrok\u016f bylo nuceno pracovat na plant\u00e1\u017e\u00edch dal\u0161\u00edch deset let.\u00a0Proto je 1. \u010dervenec 1873 ofici\u00e1ln\u011b pova\u017eov\u00e1n za den zru\u0161en\u00ed otroctv\u00ed, uv\u00e1d\u00ed Das Erste.<\/p>\n<p><img decoding=\"async\" loading=\"lazy\" class=\"alignnone size-full wp-image-1185\" src=\"http:\/\/www.infokuryr.cz\/n\/wp-content\/uploads\/2021\/04\/kuryr-podpis.png\" alt=\"\" width=\"84\" height=\"24\" \/><\/p>\n<p>&nbsp;<\/p>\n<p><a href=\"https:\/\/stranapro.cz\/\"><img decoding=\"async\" loading=\"lazy\" class=\"wp-image-30218 aligncenter\" src=\"http:\/\/www.infokuryr.cz\/n\/wp-content\/uploads\/2023\/06\/PRO-banner-300x36.png\" alt=\"\" width=\"1367\" height=\"164\" srcset=\"https:\/\/www.infokuryr.cz\/n\/wp-content\/uploads\/2023\/06\/PRO-banner-300x36.png 300w, https:\/\/www.infokuryr.cz\/n\/wp-content\/uploads\/2023\/06\/PRO-banner-768x93.png 768w, https:\/\/www.infokuryr.cz\/n\/wp-content\/uploads\/2023\/06\/PRO-banner.png 849w\" sizes=\"(max-width: 1367px) 100vw, 1367px\" \/><\/a><\/p>\n<p>&nbsp;<\/p>\n<p>&nbsp;<\/p>\n<p>&nbsp;<\/p>\n","protected":false},"excerpt":{"rendered":"<p>Nizozemsk\u00fd kr\u00e1l Willem-Alexander se podle Das Erste ofici\u00e1ln\u011b omluvil za zapojen\u00ed sv\u00e9 zem\u011b do minul\u00e9&#8230;<\/p>\n","protected":false},"author":2,"featured_media":31399,"comment_status":"closed","ping_status":"closed","sticky":false,"template":"","format":"standard","meta":[],"categories":[7],"tags":[376,5382,516,2315],"_links":{"self":[{"href":"https:\/\/www.infokuryr.cz\/n\/wp-json\/wp\/v2\/posts\/31398"}],"collection":[{"href":"https:\/\/www.infokuryr.cz\/n\/wp-json\/wp\/v2\/posts"}],"about":[{"href":"https:\/\/www.infokuryr.cz\/n\/wp-json\/wp\/v2\/types\/post"}],"author":[{"embeddable":true,"href":"https:\/\/www.infokuryr.cz\/n\/wp-json\/wp\/v2\/users\/2"}],"replies":[{"embeddable":true,"href":"https:\/\/www.infokuryr.cz\/n\/wp-json\/wp\/v2\/comments?post=31398"}],"version-history":[{"count":0,"href":"https:\/\/www.infokuryr.cz\/n\/wp-json\/wp\/v2\/posts\/31398\/revisions"}],"wp:featuredmedia":[{"embeddable":true,"href":"https:\/\/www.infokuryr.cz\/n\/wp-json\/wp\/v2\/media\/31399"}],"wp:attachment":[{"href":"https:\/\/www.infokuryr.cz\/n\/wp-json\/wp\/v2\/media?parent=31398"}],"wp:term":[{"taxonomy":"category","embeddable":true,"href":"https:\/\/www.infokuryr.cz\/n\/wp-json\/wp\/v2\/categories?post=31398"},{"taxonomy":"post_tag","embeddable":true,"href":"https:\/\/www.infokuryr.cz\/n\/wp-json\/wp\/v2\/tags?post=31398"}],"curies":[{"name":"wp","href":"https:\/\/api.w.org\/{rel}","templated":true}]}}