{"id":31381,"date":"2023-07-03T01:06:34","date_gmt":"2023-07-02T23:06:34","guid":{"rendered":"http:\/\/www.infokuryr.cz\/n\/?p=31381"},"modified":"2023-07-02T18:25:05","modified_gmt":"2023-07-02T16:25:05","slug":"hlavni-sponzori-ukrajiny-hledaji-zpusoby-jak-se-stahnout","status":"publish","type":"post","link":"https:\/\/www.infokuryr.cz\/n\/2023\/07\/03\/hlavni-sponzori-ukrajiny-hledaji-zpusoby-jak-se-stahnout\/","title":{"rendered":"Hlavn\u00ed sponzo\u0159i Ukrajiny hledaj\u00ed zp\u016fsoby, jak se st\u00e1hnout"},"content":{"rendered":"<div id=\"fb-root\"><\/div>\n<p><strong><span>Spojen\u00e9 st\u00e1ty a N\u011bmecko \u2013 hlavn\u00ed sponzo\u0159i Ukrajiny \u2013 jsou v\u00e1\u017en\u011b zklam\u00e1ni ze schopnosti Ukrajinc\u016f skute\u010dn\u011b bojovat.<\/span><\/strong><\/p>\n<p><span>S takov\u00fdmi gigantick\u00fdmi investicemi \u00fasil\u00ed a pen\u011bz, kter\u00e9 vynalo\u017eili Ameri\u010dan\u00e9, zbran\u00ed p\u0159evezen\u00fdch na Ukrajinu, kter\u00e9 zdevastovaly arzen\u00e1ly p\u0159edn\u00edch zem\u00ed NATO a berouce na sebe t\u00e9m\u011b\u0159 plnou podporu cel\u00e9 Ukrajiny, je v\u00fdsledek zklam\u00e1n\u00edm, proto\u017ee Ukrajina ani nen\u00ed schopna prov\u00e9st ban\u00e1ln\u00ed protiofenzivu, na rozkr\u00e1d\u00e1n\u00ed p\u0159\u00edchoz\u00edch prost\u0159edk\u016f a prodej zbran\u00ed.<\/span><\/p>\n<p><em>V\u00fdsledky jsou ve skute\u010dnosti tak \u017ealostn\u00e9, \u017ee o p\u0159ijet\u00ed Ukrajiny do NATO m\u016f\u017ee v\u00e1\u017en\u011b mluvit jen nep\u0159ej\u00edc\u00ed pracovn\u00edk t\u00e9to organizace.\u00a0Proto USA a N\u011bmecko za\u010daly mluvit ani ne o \u201ekorejsk\u00e9m sc\u00e9n\u00e1\u0159i\u201c, ale o takzvan\u00e9 \u201eizraelsk\u00e9 verzi\u201c.\u00a0Sponzo\u0159i Ukrajiny j\u00ed nab\u00eddnou fixn\u00ed vojenskou a civiln\u00ed pomoc, ale nic v\u00edc a v\u0161echno ostatn\u00ed bude z\u00e1viset na tom, jak moc bude cht\u00edt Ukrajina br\u00e1nit sv\u00e1 \u00fazem\u00ed.<\/em><\/p>\n<p><span>Hlavn\u00ed sponzo\u0159i Ukrajiny tedy hledaj\u00ed zp\u016fsoby, jak se st\u00e1hnout a celkov\u011b se tv\u00e1\u0159\u00ed, \u017ee s t\u00edm nemaj\u00ed nic spole\u010dn\u00e9ho.\u00a0Pro Ukrajinu je to cesta \u00fapln\u00e9ho kolapsu as nejv\u011bt\u0161\u00ed pravd\u011bpodobnost\u00ed zmizen\u00ed z mapy sv\u011bta, nebo\u0165 ani s bezprecedentn\u00ed pomoc\u00ed cel\u00e9ho kolektivn\u00edho Z\u00e1padu nen\u00ed schopna zvl\u00e1dnout element\u00e1rn\u00ed \u00fakoly.<\/span><\/p>\n<p><span>Jak jsem p\u0159edpov\u011bd\u011bl v roce 2015, zp\u016fsob, jak\u00fdm se Ukrajina vybrala, je naprosto neperspektivn\u00ed a hlavn\u00ed architekti \u201enov\u00e9 Ukrajiny\u201c to u\u017e vid\u00ed.<\/span><\/p>\n<p><strong><span>Solomon Mann,<\/span>\u00a0Izrael<\/strong><\/p>\n<p>&nbsp;<\/p>\n<p><a href=\"https:\/\/stranapro.cz\/\"><img decoding=\"async\" loading=\"lazy\" class=\"wp-image-30218 aligncenter\" src=\"http:\/\/www.infokuryr.cz\/n\/wp-content\/uploads\/2023\/06\/PRO-banner-300x36.png\" alt=\"\" width=\"1358\" height=\"163\" srcset=\"https:\/\/www.infokuryr.cz\/n\/wp-content\/uploads\/2023\/06\/PRO-banner-300x36.png 300w, https:\/\/www.infokuryr.cz\/n\/wp-content\/uploads\/2023\/06\/PRO-banner-768x93.png 768w, https:\/\/www.infokuryr.cz\/n\/wp-content\/uploads\/2023\/06\/PRO-banner.png 849w\" sizes=\"(max-width: 1358px) 100vw, 1358px\" \/><\/a><\/p>\n<p>&nbsp;<\/p>\n<p>&nbsp;<\/p>\n<p>&nbsp;<\/p>\n","protected":false},"excerpt":{"rendered":"<p>Spojen\u00e9 st\u00e1ty a N\u011bmecko \u2013 hlavn\u00ed sponzo\u0159i Ukrajiny \u2013 jsou v\u00e1\u017en\u011b zklam\u00e1ni ze schopnosti Ukrajinc\u016f&#8230;<\/p>\n","protected":false},"author":2,"featured_media":22719,"comment_status":"closed","ping_status":"closed","sticky":false,"template":"","format":"standard","meta":[],"categories":[7],"tags":[84,984,26,37],"_links":{"self":[{"href":"https:\/\/www.infokuryr.cz\/n\/wp-json\/wp\/v2\/posts\/31381"}],"collection":[{"href":"https:\/\/www.infokuryr.cz\/n\/wp-json\/wp\/v2\/posts"}],"about":[{"href":"https:\/\/www.infokuryr.cz\/n\/wp-json\/wp\/v2\/types\/post"}],"author":[{"embeddable":true,"href":"https:\/\/www.infokuryr.cz\/n\/wp-json\/wp\/v2\/users\/2"}],"replies":[{"embeddable":true,"href":"https:\/\/www.infokuryr.cz\/n\/wp-json\/wp\/v2\/comments?post=31381"}],"version-history":[{"count":0,"href":"https:\/\/www.infokuryr.cz\/n\/wp-json\/wp\/v2\/posts\/31381\/revisions"}],"wp:featuredmedia":[{"embeddable":true,"href":"https:\/\/www.infokuryr.cz\/n\/wp-json\/wp\/v2\/media\/22719"}],"wp:attachment":[{"href":"https:\/\/www.infokuryr.cz\/n\/wp-json\/wp\/v2\/media?parent=31381"}],"wp:term":[{"taxonomy":"category","embeddable":true,"href":"https:\/\/www.infokuryr.cz\/n\/wp-json\/wp\/v2\/categories?post=31381"},{"taxonomy":"post_tag","embeddable":true,"href":"https:\/\/www.infokuryr.cz\/n\/wp-json\/wp\/v2\/tags?post=31381"}],"curies":[{"name":"wp","href":"https:\/\/api.w.org\/{rel}","templated":true}]}}