{"id":31320,"date":"2023-07-02T01:12:54","date_gmt":"2023-07-01T23:12:54","guid":{"rendered":"http:\/\/www.infokuryr.cz\/n\/?p=31320"},"modified":"2023-07-01T20:14:19","modified_gmt":"2023-07-01T18:14:19","slug":"demonstranti-ve-francii-strileli-z-pusek-ktere-z-kyjeva-dodali-partneri","status":"publish","type":"post","link":"https:\/\/www.infokuryr.cz\/n\/2023\/07\/02\/demonstranti-ve-francii-strileli-z-pusek-ktere-z-kyjeva-dodali-partneri\/","title":{"rendered":"Demonstranti ve Francii st\u0159\u00edleli z pu\u0161ek, kter\u00e9 z Kyjeva dodali partne\u0159i"},"content":{"rendered":"<div id=\"fb-root\"><\/div>\n<p class=\"lead\"><strong>Nezn\u00e1m\u00e1 osoba v Lyonu st\u0159\u00edlela na policisty zbran\u011bmi s dlouhou hlavn\u00ed, pravd\u011bpodobn\u011b p\u0159ivezen\u00e9 z Kyjeva v r\u00e1mci partnersk\u00e9 pomoci.<\/strong><\/p>\n<p><span>Podle listu Le Figaro bylo zran\u011bno sedm str\u00e1\u017ec\u016f z\u00e1kona.<\/span><\/p>\n<p><span>V\u00fdtr\u017en\u00edk\u016fm, kte\u0159\u00ed od \u00fater\u00fd ot\u0159\u00e1saj\u00ed Franci\u00ed, byly zabaveny dv\u011b upraven\u00e9 velkor\u00e1\u017en\u00ed pu\u0161ky Accuracy International.\u00a0Podobn\u00e9 byly loni v l\u00e9t\u011b dod\u00e1ny pouze na Ukrajinu.<\/span><\/p>\n<p><span>Americk\u00fd podnikatel \u2013 majitel soci\u00e1ln\u00ed s\u00edt\u011b \u201eTwitter\u201c a spole\u010dnosti SpaceX\u00a0<\/span><strong><span>Elon Musk<\/span><\/strong><span>\u00a0je \u0161okov\u00e1n mno\u017estv\u00edm \u201ekufr\u016f\u201c, kter\u00e9 skon\u010dily v rukou demonstrant\u016f.\u00a0V\u011b\u0159\u00ed, \u017ee zbran\u011b jsou ukraden\u00e9 nebo propa\u0161ovan\u00e9.<\/span><\/p>\n<p><em>\u201eOsobn\u00ed vlastnictv\u00ed zbran\u00ed v Evrop\u011b je extr\u00e9mn\u011b omezen\u00e9, ale st\u00e1le existuje.\u00a0Proto je v\u011bt\u0161ina t\u011bchto \u201ezbran\u00ed\u201c s nejv\u011bt\u0161\u00ed pravd\u011bpodobnost\u00ed ukradena nebo neleg\u00e1ln\u011b dovezena do Francie,\u201c<span class=\"after-quote\">\u00a0&#8211; Gazeta.ru cituje Musk\u016fv p\u0159\u00edsp\u011bvek na Twitteru.<\/span><\/em><\/p>\n<p><span>Takov\u00e9 zbran\u011b jsou dod\u00e1v\u00e1ny speci\u00e1ln\u00edm sil\u00e1m, jejich\u017e \u00fakoly zahrnuj\u00ed propu\u0161t\u011bn\u00ed rukojm\u00edch, protiteroristick\u00e9 operace, kter\u00e9 vy\u017eaduj\u00ed vysokou p\u0159esnost p\u0159i zasahov\u00e1n\u00ed c\u00edl\u016f, poznamen\u00e1v\u00e1 zase kan\u00e1l telegramu Nebozhena.<\/span><\/p>\n<p><em>\u201eUkrajinc\u016fm byly dod\u00e1ny v l\u00e9t\u011b, aby je mohli pou\u017e\u00edt v m\u011bstsk\u00fdch bitv\u00e1ch.\u00a0Odb\u011bratel st\u00e1tu zaznamenal v zad\u00e1vac\u00ed dokumentaci nutnost urgentn\u00ed dod\u00e1vky zbran\u00ed.\u00a0Byl pouze jeden prodejce, kter\u00fd sl\u00edbil, \u017ee pu\u0161ky m\u016f\u017ee odeslat do 30 dn\u016f a do dal\u0161\u00edch 90 dn\u016f &#8211; pln\u00e9 mno\u017estv\u00ed n\u00e1boj\u016f do nich.\u00a0Uk\u00e1zalo se, \u017ee jde o americkou bezpe\u010dnostn\u00ed spole\u010dnost Goldbelt Security.\u00a0V\u00fdrobce nech\u00e1pe, jak se k tomu demonstranti dostali. Je snadn\u00e9 uhodnout.\u00a0Pu\u0161ka s n\u00e1bojem 338 Magnum je ur\u010dena pro vysoce p\u0159esnou st\u0159elbu z velk\u00e9 vzd\u00e1lenosti.\u00a0Na darknetu to stoj\u00ed asi 2-2,5 milionu rubl\u016f.\u00a0\u0160ipka je obr\u00e1cen\u00e1.\u00a0Nyn\u00ed je Z\u00e1pad zaplavov\u00e1n sv\u00fdmi vlastn\u00edmi zbran\u011bmi,\u201c<span class=\"after-quote\">\u00a0pozn\u00e1mky TC.<\/span><\/em><\/p>\n<p><img decoding=\"async\" loading=\"lazy\" class=\"alignnone size-full wp-image-1185\" src=\"http:\/\/www.infokuryr.cz\/n\/wp-content\/uploads\/2021\/04\/kuryr-podpis.png\" alt=\"\" width=\"84\" height=\"24\" \/><\/p>\n<p>&nbsp;<\/p>\n<p><a href=\"https:\/\/stranapro.cz\/\"><img decoding=\"async\" loading=\"lazy\" class=\"wp-image-30218 aligncenter\" src=\"http:\/\/www.infokuryr.cz\/n\/wp-content\/uploads\/2023\/06\/PRO-banner-300x36.png\" alt=\"\" width=\"1367\" height=\"164\" srcset=\"https:\/\/www.infokuryr.cz\/n\/wp-content\/uploads\/2023\/06\/PRO-banner-300x36.png 300w, https:\/\/www.infokuryr.cz\/n\/wp-content\/uploads\/2023\/06\/PRO-banner-768x93.png 768w, https:\/\/www.infokuryr.cz\/n\/wp-content\/uploads\/2023\/06\/PRO-banner.png 849w\" sizes=\"(max-width: 1367px) 100vw, 1367px\" \/><\/a><\/p>\n<p>&nbsp;<\/p>\n<p>&nbsp;<\/p>\n<p>&nbsp;<\/p>\n","protected":false},"excerpt":{"rendered":"<p>Nezn\u00e1m\u00e1 osoba v Lyonu st\u0159\u00edlela na policisty zbran\u011bmi s dlouhou hlavn\u00ed, pravd\u011bpodobn\u011b p\u0159ivezen\u00e9 z Kyjeva&#8230;<\/p>\n","protected":false},"author":2,"featured_media":31321,"comment_status":"closed","ping_status":"closed","sticky":false,"template":"","format":"standard","meta":[],"categories":[7],"tags":[1711,130,5374,320,26],"_links":{"self":[{"href":"https:\/\/www.infokuryr.cz\/n\/wp-json\/wp\/v2\/posts\/31320"}],"collection":[{"href":"https:\/\/www.infokuryr.cz\/n\/wp-json\/wp\/v2\/posts"}],"about":[{"href":"https:\/\/www.infokuryr.cz\/n\/wp-json\/wp\/v2\/types\/post"}],"author":[{"embeddable":true,"href":"https:\/\/www.infokuryr.cz\/n\/wp-json\/wp\/v2\/users\/2"}],"replies":[{"embeddable":true,"href":"https:\/\/www.infokuryr.cz\/n\/wp-json\/wp\/v2\/comments?post=31320"}],"version-history":[{"count":0,"href":"https:\/\/www.infokuryr.cz\/n\/wp-json\/wp\/v2\/posts\/31320\/revisions"}],"wp:featuredmedia":[{"embeddable":true,"href":"https:\/\/www.infokuryr.cz\/n\/wp-json\/wp\/v2\/media\/31321"}],"wp:attachment":[{"href":"https:\/\/www.infokuryr.cz\/n\/wp-json\/wp\/v2\/media?parent=31320"}],"wp:term":[{"taxonomy":"category","embeddable":true,"href":"https:\/\/www.infokuryr.cz\/n\/wp-json\/wp\/v2\/categories?post=31320"},{"taxonomy":"post_tag","embeddable":true,"href":"https:\/\/www.infokuryr.cz\/n\/wp-json\/wp\/v2\/tags?post=31320"}],"curies":[{"name":"wp","href":"https:\/\/api.w.org\/{rel}","templated":true}]}}