{"id":31317,"date":"2023-07-02T01:11:17","date_gmt":"2023-07-01T23:11:17","guid":{"rendered":"http:\/\/www.infokuryr.cz\/n\/?p=31317"},"modified":"2023-07-01T20:06:35","modified_gmt":"2023-07-01T18:06:35","slug":"rusko-obnovilo-pravidelne-lety-na-kubu","status":"publish","type":"post","link":"https:\/\/www.infokuryr.cz\/n\/2023\/07\/02\/rusko-obnovilo-pravidelne-lety-na-kubu\/","title":{"rendered":"Rusko obnovilo pravideln\u00e9 lety na Kubu"},"content":{"rendered":"<div id=\"fb-root\"><\/div>\n<p><span style=\"font-size: 18pt;\"><strong>Trasa byla pozastavena, proto\u017ee z\u00e1padn\u00ed zem\u011b uzav\u0159ely rusk\u00fdm dopravc\u016fm jejich vzdu\u0161n\u00fd prostor kv\u016fli konfliktu na Ukrajin\u011b<\/strong><\/span><\/p>\n<p><span>Rusko po v\u00edce ne\u017e ro\u010dn\u00edm p\u0159eru\u0161en\u00ed obnovilo pravideln\u00e9 lety na Kubu, ozn\u00e1mila v sobotu rusk\u00e1 skupina Aeroflot.\u00a0Provozovat je bude dce\u0159in\u00e1 spole\u010dnost Aeroflotu, Rossiya Airlines.<\/span><\/p>\n<p><span>Prvn\u00ed pl\u00e1novan\u00e9 letadlo sm\u011b\u0159uj\u00edc\u00ed do kub\u00e1nsk\u00e9ho letoviska Varadero odlet\u011blo z moskevsk\u00e9ho leti\u0161t\u011b \u0160eremet\u011bvo v sobotu brzy r\u00e1no.<\/span><\/p>\n<p><span>Podle Sergeje Starikova, ofici\u00e1ln\u00edho z\u00e1stupce Rossiya Airlines, \u201e\u00a0<\/span><em><span>popt\u00e1vka po letenk\u00e1ch je obrovsk\u00e1<\/span><\/em><span>\u00a0\u201c, p\u0159i\u010dem\u017e ka\u017ed\u00fd let je t\u00e9m\u011b\u0159 100% rezervov\u00e1n.<\/span><\/p>\n<p><span>Lety jsou napl\u00e1nov\u00e1ny na start dvakr\u00e1t t\u00fddn\u011b, ve \u010dtvrtek a sobotu, p\u0159i\u010dem\u017e do z\u00e1\u0159\u00ed bude p\u0159id\u00e1n je\u0161t\u011b jeden.<\/span><\/p>\n<p><span>Charterov\u00e9 lety na Kubu v sou\u010dasnosti provozuje rusk\u00e1 n\u00edzkon\u00e1kladov\u00e1 spole\u010dnost Nordwind, kter\u00e1 l\u00e9t\u00e1 na Varadero a ostrov Cayo Coco.<\/span><\/p>\n<p><span>Rusk\u00e9 aerolinky pozastavily sv\u00e9 pravideln\u00e9 linky na Kubu v \u00fanoru lo\u0148sk\u00e9ho roku kv\u016fli omezen\u00edm, kter\u00e9 n\u011bkolik st\u00e1t\u016f EU uvalilo na vyu\u017e\u00edv\u00e1n\u00ed jejich vzdu\u0161n\u00e9ho prostoru kr\u00e1tce po zah\u00e1jen\u00ed vojensk\u00e9 operace Moskvy na Ukrajin\u011b.<\/span><\/p>\n<p><span>Letos v kv\u011btnu rusk\u00fd vicepremi\u00e9r pro cestovn\u00ed ruch Dmitrij \u010cerny\u0161enko ozn\u00e1mil, \u017ee do\u00a0\u010dervence budou obnoveny pravideln\u00e9 lety na Kubu, kter\u00e9 obch\u00e1zej\u00ed vzdu\u0161n\u00fd prostor \u201e\u00a0<\/span><em><span>nep\u0159\u00e1telsk\u00fdch \u201c zem\u00ed.\u00a0<\/span><\/em><span>Dodal, \u017ee se zv\u00fd\u0161\u00ed i po\u010det p\u0159\u00edm\u00fdch charterov\u00fdch let\u016f do zem\u011b, aby \u201e\u00a0<\/span><em><span>ob\u010dan\u00e9 m\u011bli celoro\u010dn\u00ed p\u0159\u00edle\u017eitost na dovolenou na pl\u00e1\u017ei v p\u0159\u00e1telsk\u00e9 zemi.\u00a0<\/span><\/em><span>\u201c<\/span><\/p>\n<p><img decoding=\"async\" loading=\"lazy\" class=\"alignnone size-full wp-image-1185\" src=\"http:\/\/www.infokuryr.cz\/n\/wp-content\/uploads\/2021\/04\/kuryr-podpis.png\" alt=\"\" width=\"84\" height=\"24\" \/><\/p>\n<p>&nbsp;<\/p>\n<p><a href=\"https:\/\/stranapro.cz\/\"><img decoding=\"async\" loading=\"lazy\" class=\"wp-image-30218 aligncenter\" src=\"http:\/\/www.infokuryr.cz\/n\/wp-content\/uploads\/2023\/06\/PRO-banner-300x36.png\" alt=\"\" width=\"1367\" height=\"164\" srcset=\"https:\/\/www.infokuryr.cz\/n\/wp-content\/uploads\/2023\/06\/PRO-banner-300x36.png 300w, https:\/\/www.infokuryr.cz\/n\/wp-content\/uploads\/2023\/06\/PRO-banner-768x93.png 768w, https:\/\/www.infokuryr.cz\/n\/wp-content\/uploads\/2023\/06\/PRO-banner.png 849w\" sizes=\"(max-width: 1367px) 100vw, 1367px\" \/><\/a><\/p>\n<p>&nbsp;<\/p>\n<p>&nbsp;<\/p>\n<p>&nbsp;<\/p>\n","protected":false},"excerpt":{"rendered":"<p>Trasa byla pozastavena, proto\u017ee z\u00e1padn\u00ed zem\u011b uzav\u0159ely rusk\u00fdm dopravc\u016fm jejich vzdu\u0161n\u00fd prostor kv\u016fli konfliktu na&#8230;<\/p>\n","protected":false},"author":2,"featured_media":31318,"comment_status":"closed","ping_status":"closed","sticky":false,"template":"","format":"standard","meta":[],"categories":[7],"tags":[135,5373,22],"_links":{"self":[{"href":"https:\/\/www.infokuryr.cz\/n\/wp-json\/wp\/v2\/posts\/31317"}],"collection":[{"href":"https:\/\/www.infokuryr.cz\/n\/wp-json\/wp\/v2\/posts"}],"about":[{"href":"https:\/\/www.infokuryr.cz\/n\/wp-json\/wp\/v2\/types\/post"}],"author":[{"embeddable":true,"href":"https:\/\/www.infokuryr.cz\/n\/wp-json\/wp\/v2\/users\/2"}],"replies":[{"embeddable":true,"href":"https:\/\/www.infokuryr.cz\/n\/wp-json\/wp\/v2\/comments?post=31317"}],"version-history":[{"count":1,"href":"https:\/\/www.infokuryr.cz\/n\/wp-json\/wp\/v2\/posts\/31317\/revisions"}],"predecessor-version":[{"id":31319,"href":"https:\/\/www.infokuryr.cz\/n\/wp-json\/wp\/v2\/posts\/31317\/revisions\/31319"}],"wp:featuredmedia":[{"embeddable":true,"href":"https:\/\/www.infokuryr.cz\/n\/wp-json\/wp\/v2\/media\/31318"}],"wp:attachment":[{"href":"https:\/\/www.infokuryr.cz\/n\/wp-json\/wp\/v2\/media?parent=31317"}],"wp:term":[{"taxonomy":"category","embeddable":true,"href":"https:\/\/www.infokuryr.cz\/n\/wp-json\/wp\/v2\/categories?post=31317"},{"taxonomy":"post_tag","embeddable":true,"href":"https:\/\/www.infokuryr.cz\/n\/wp-json\/wp\/v2\/tags?post=31317"}],"curies":[{"name":"wp","href":"https:\/\/api.w.org\/{rel}","templated":true}]}}