{"id":31311,"date":"2023-07-02T01:08:12","date_gmt":"2023-07-01T23:08:12","guid":{"rendered":"http:\/\/www.infokuryr.cz\/n\/?p=31311"},"modified":"2023-07-02T05:56:20","modified_gmt":"2023-07-02T03:56:20","slug":"argentina-snizuje-splatky-dluhu-cinskymi-juany","status":"publish","type":"post","link":"https:\/\/www.infokuryr.cz\/n\/2023\/07\/02\/argentina-snizuje-splatky-dluhu-cinskymi-juany\/","title":{"rendered":"Argentina sni\u017euje spl\u00e1tky dluhu \u010d\u00ednsk\u00fdmi j\u00fcany"},"content":{"rendered":"<div id=\"fb-root\"><\/div>\n<p><span style=\"font-size: 18pt;\"><strong>S nedostatkem dolar\u016f zaplatil jihoamerick\u00fd n\u00e1rod \u010d\u00e1st sv\u00e9 p\u016fj\u010dky MMF \u010d\u00ednsk\u00fdmi j\u00fcany<\/strong><\/span><\/p>\n<p>Argentina podle ministerstva hospod\u00e1\u0159stv\u00ed provedla posledn\u00ed platbu sv\u00e9ho \u00fav\u011bru ve v\u00fd\u0161i 44 miliard dolar\u016f Mezin\u00e1rodn\u00edmu m\u011bnov\u00e9mu fondu pomoc\u00ed sv\u00fdch z\u00e1sob zvl\u00e1\u0161tn\u00edch pr\u00e1v \u010derp\u00e1n\u00ed (SDR) a \u010d\u00ednsk\u00fdch j\u00fcan\u016f.\u00a0SDR jsou aktivem v r\u00e1mci MMF vytvo\u0159en\u00fdm k dopln\u011bn\u00ed ofici\u00e1ln\u00edch rezerv zem\u00ed.<\/p>\n<p>Podle vl\u00e1dn\u00ed mluv\u010d\u00ed Gabriely Cerrutiov\u00e9 byla platba provedena bez vyu\u017eit\u00ed rezerv centr\u00e1ln\u00ed banky v americk\u00fdch dolarech.<\/p>\n<p>\u201e\u00a0<em>T\u00edmto zp\u016fsobem dodr\u017eujeme to, na \u010dem jsme se s fondem dohodli, a z\u00e1rove\u0148 nepou\u017e\u00edv\u00e1me [mezin\u00e1rodn\u00ed] rezervy ani nevystavujeme rezervy centr\u00e1ln\u00ed banky riziku,\u201c \u0159ekl Cerruti na tiskov\u00e9 konferenci<\/em>\u00a0.<\/p>\n<p>Podle agentury Bloomberg pou\u017eila zem\u011b na platbu 2,7 miliardy dolar\u016f 1 miliardu dolar\u016f v j\u00fcanech z m\u011bnov\u00e9 swapov\u00e9 linky s \u010c\u00ednou a 1,7 miliardy dolar\u016f SDR.<\/p>\n<p>&#8220;\u00a0<em>Argentinsk\u00e9 \u00fa\u0159ady jsou nad\u00e1le aktu\u00e1ln\u00ed ohledn\u011b sv\u00fdch finan\u010dn\u00edch z\u00e1vazk\u016f v\u016f\u010di fondu<\/em>\u00a0,&#8220; uvedla v p\u00e1te\u010dn\u00edm prohl\u00e1\u0161en\u00ed mluv\u010d\u00ed MMF Julie Kozack.<\/p>\n<p>Dolarov\u00e1 pozice Argentiny je ji\u017e n\u011bjakou dobu nejist\u00e1, proto\u017ee dom\u00e1c\u00ed ekonomick\u00e9 probl\u00e9my od\u010derpaly dolarov\u00e9 rezervy zem\u011b, kter\u00e9 jsou \u00fadajn\u011b na nejni\u017e\u0161\u00ed \u00farovni od roku 2016.<\/p>\n<p>Zem\u011b se mezit\u00edm st\u00e1le v\u00edce obrac\u00ed k j\u00fcanu jako k alternativn\u00edmu platebn\u00edmu prost\u0159edku.\u00a0Za\u010d\u00e1tkem tohoto roku Argentina obnovila dohodu o m\u011bnov\u00e9m swapu s \u010c\u00ednou za 130 miliard j\u00fcan\u016f (kolem 18 miliard dolar\u016f), d\u00edky \u010demu\u017e byla \u010d\u00ednsk\u00e1 m\u011bna v zemi voln\u011b dostupn\u00e1.\u00a0Minul\u00fd m\u011bs\u00edc argentinsk\u00e1 centr\u00e1ln\u00ed banka tak\u00e9 ozn\u00e1mila sv\u016fj z\u00e1m\u011br umo\u017enit tamn\u00edm komer\u010dn\u00edm bank\u00e1m otev\u00edrat z\u00e1kaznick\u00e9 \u00fa\u010dty v j\u00fcanech, aby povzbudila m\u00edstn\u00ed spole\u010dnosti k platb\u00e1m do zahrani\u010d\u00ed v \u010d\u00ednsk\u00e9 m\u011bn\u011b.\u00a0Podle prohl\u00e1\u0161en\u00ed zve\u0159ejn\u011bn\u00e9ho na webov\u00fdch str\u00e1nk\u00e1ch regul\u00e1toru se tak\u00e9 zav\u00e1zal zv\u00fd\u0161it sv\u00e9 prodeje v j\u00fcanech, aby mohl financovat dovoz.<\/p>\n<p>V dubnu ministr hospod\u00e1\u0159stv\u00ed Sergio Massa ozn\u00e1mil, \u017ee Argentina se bude sna\u017eit platit za v\u011bt\u0161inu sv\u00fdch m\u011bs\u00ed\u010dn\u00edch dovoz\u016f z \u010c\u00edny v j\u00fcanech, nikoli v americk\u00fdch dolarech.\u00a0\u010c\u00edna je v sou\u010dasnosti po Braz\u00edlii druh\u00fdm nejv\u011bt\u0161\u00edm obchodn\u00edm partnerem Argentiny a druhou nejv\u011bt\u0161\u00ed destinac\u00ed pro argentinsk\u00fd export.<\/p>\n<p><img decoding=\"async\" loading=\"lazy\" class=\"alignnone size-full wp-image-1185\" src=\"http:\/\/www.infokuryr.cz\/n\/wp-content\/uploads\/2021\/04\/kuryr-podpis.png\" alt=\"\" width=\"84\" height=\"24\" \/><\/p>\n<p>&nbsp;<\/p>\n<p><a href=\"https:\/\/stranapro.cz\/\"><img decoding=\"async\" loading=\"lazy\" class=\"wp-image-30218 aligncenter\" src=\"http:\/\/www.infokuryr.cz\/n\/wp-content\/uploads\/2023\/06\/PRO-banner-300x36.png\" alt=\"\" width=\"1367\" height=\"164\" srcset=\"https:\/\/www.infokuryr.cz\/n\/wp-content\/uploads\/2023\/06\/PRO-banner-300x36.png 300w, https:\/\/www.infokuryr.cz\/n\/wp-content\/uploads\/2023\/06\/PRO-banner-768x93.png 768w, https:\/\/www.infokuryr.cz\/n\/wp-content\/uploads\/2023\/06\/PRO-banner.png 849w\" sizes=\"(max-width: 1367px) 100vw, 1367px\" \/><\/a><\/p>\n<p>&nbsp;<\/p>\n<p>&nbsp;<\/p>\n<p>&nbsp;<\/p>\n","protected":false},"excerpt":{"rendered":"<p>S nedostatkem dolar\u016f zaplatil jihoamerick\u00fd n\u00e1rod \u010d\u00e1st sv\u00e9 p\u016fj\u010dky MMF \u010d\u00ednsk\u00fdmi j\u00fcany Argentina podle ministerstva&#8230;<\/p>\n","protected":false},"author":2,"featured_media":529,"comment_status":"closed","ping_status":"closed","sticky":false,"template":"","format":"standard","meta":[],"categories":[7],"tags":[756,1181,604,1504],"_links":{"self":[{"href":"https:\/\/www.infokuryr.cz\/n\/wp-json\/wp\/v2\/posts\/31311"}],"collection":[{"href":"https:\/\/www.infokuryr.cz\/n\/wp-json\/wp\/v2\/posts"}],"about":[{"href":"https:\/\/www.infokuryr.cz\/n\/wp-json\/wp\/v2\/types\/post"}],"author":[{"embeddable":true,"href":"https:\/\/www.infokuryr.cz\/n\/wp-json\/wp\/v2\/users\/2"}],"replies":[{"embeddable":true,"href":"https:\/\/www.infokuryr.cz\/n\/wp-json\/wp\/v2\/comments?post=31311"}],"version-history":[{"count":0,"href":"https:\/\/www.infokuryr.cz\/n\/wp-json\/wp\/v2\/posts\/31311\/revisions"}],"wp:featuredmedia":[{"embeddable":true,"href":"https:\/\/www.infokuryr.cz\/n\/wp-json\/wp\/v2\/media\/529"}],"wp:attachment":[{"href":"https:\/\/www.infokuryr.cz\/n\/wp-json\/wp\/v2\/media?parent=31311"}],"wp:term":[{"taxonomy":"category","embeddable":true,"href":"https:\/\/www.infokuryr.cz\/n\/wp-json\/wp\/v2\/categories?post=31311"},{"taxonomy":"post_tag","embeddable":true,"href":"https:\/\/www.infokuryr.cz\/n\/wp-json\/wp\/v2\/tags?post=31311"}],"curies":[{"name":"wp","href":"https:\/\/api.w.org\/{rel}","templated":true}]}}