{"id":31299,"date":"2023-07-02T01:01:54","date_gmt":"2023-07-01T23:01:54","guid":{"rendered":"http:\/\/www.infokuryr.cz\/n\/?p=31299"},"modified":"2023-07-01T18:43:41","modified_gmt":"2023-07-01T16:43:41","slug":"soud-brazilsky-exprezident-jair-bolsonaro-uz-nemuze-do-roku-2030-kandidovat","status":"publish","type":"post","link":"https:\/\/www.infokuryr.cz\/n\/2023\/07\/02\/soud-brazilsky-exprezident-jair-bolsonaro-uz-nemuze-do-roku-2030-kandidovat\/","title":{"rendered":"Soud: Brazilsk\u00fd exprezident Jair Bolsonaro u\u017e nem\u016f\u017ee do roku 2030 kandidovat"},"content":{"rendered":"<div id=\"fb-root\"><\/div>\n<p><strong><span>Nejen b\u00fdval\u00fd americk\u00fd prezident Donald Trump \u010del\u00ed kampani, kter\u00e1 mu m\u00e1 zabr\u00e1nit znovu st\u00e1t.\u00a0Nyn\u00ed to zas\u00e1hlo i brazilsk\u00e9ho exprezidenta Jaira Bolsonara.\u00a0To ji\u017e nesm\u00ed sout\u011b\u017eit ve volb\u00e1ch p\u0159ed rokem 2030, jak rozhodli soudci.<\/span><\/strong><\/p>\n<p><span>Donald Trump a Jair Bolsonaro maj\u00ed n\u011bco spole\u010dn\u00e9ho: b\u011bhem sv\u00e9ho p\u016fsoben\u00ed ve funkci hlav st\u00e1t\u016f ve sv\u00fdch zem\u00edch konzervativn\u00ed a kontroverzn\u00ed osobnosti opakovan\u011b ur\u00e1\u017eely establishment.\u00a0Oba jen t\u011bsn\u011b prohr\u00e1li sv\u00e9 znovuzvolen\u00ed a zpochybnili v\u00fdsledky, proto\u017ee existovaly n\u00e1znaky manipulace.\u00a0A oba selhali ve sv\u00fdch pokusech\u00a0<\/span><a href=\"https:\/\/report24.news\/brasilien-bolsonaro-will-250-000-stimmen-fuer-ungueltig-erklaeren-lassen\/\"><span>zpochybnit v\u00fdsledky<\/span><\/a><span>\u00a0.\u00a0Zat\u00edmco nyn\u00ed prob\u00edh\u00e1 n\u011bkolik soudn\u00edch spor\u016f, kter\u00e9 maj\u00ed zabr\u00e1nit Trumpovi v tom, aby se znovu uch\u00e1zel o nejvy\u0161\u0161\u00ed \u00fa\u0159ad ve st\u00e1t\u011b, v Braz\u00edlii u\u017e bylo v\u0161e vy\u0159e\u0161eno.<\/span><\/p>\n<p><strong><span>Brazilsk\u00fd nejvy\u0161\u0161\u00ed volebn\u00ed soud\u00a0<\/span><a href=\"https:\/\/www.cbsnews.com\/news\/brazilian-president-bolsonaro-barred-by-courts-from-elections-until-2030\/\"><span>rozhodl<\/span><\/a><span>\u00a0pom\u011brem hlas\u016f p\u011bt ku dv\u011bma, \u017ee \u201ebrazilsk\u00fd Donald Trump\u201c\u00a0podkopal d\u016fv\u011bru ve\u0159ejnosti ve volebn\u00ed syst\u00e9m zem\u011b a podn\u00edtil\u00a0<\/span><a href=\"https:\/\/report24.news\/buergerkriegsgefahr-tausende-bolsonaro-anhaenger-stuermen-den-kongress\/\"><span>n\u00e1siln\u00e9 protesty sv\u00fdch p\u0159\u00edznivc\u016f.\u00a0<\/span><\/a><\/strong><span>Loni tak\u00e9 pozval velvyslance do sv\u00e9 rezidence, aby kritizoval ofici\u00e1ln\u00ed v\u00fdsledek voleb, kter\u00fd byl obvi\u0148ov\u00e1n zmanipulovan\u00fdmi hlasovac\u00edmi p\u0159\u00edstroji.\u00a0Oba soudci, kte\u0159\u00ed byli na Bolsonarov\u011b stran\u011b, sv\u00e9 rozhodnut\u00ed od\u016fvodnili t\u00edm, \u017ee Bolsonaro m\u00e1 pr\u00e1vo na svobodu projevu a m\u016f\u017ee kritizovat spravedlivost voleb.<\/span><\/p>\n<p><span>Ostatn\u00ed soudci zvl\u00e1\u0161t\u011b ost\u0159e kritizovali Bolsonarovo setk\u00e1n\u00ed se zahrani\u010dn\u00edmi velvyslanci v \u010dervenci 2022, kter\u00e9 bylo vys\u00edl\u00e1no na soci\u00e1ln\u00edch s\u00edt\u00edch a celost\u00e1tn\u00ed televizi.\u00a0\u0160\u00ed\u0159il tam nepravdiv\u00e9 informace o brazilsk\u00e9m volebn\u00edm syst\u00e9mu a zpochyb\u0148oval d\u016fv\u011bryhodnost voleb.\u00a0Exprezident chce ale nyn\u00ed rozhodnut\u00ed soudce napadnout u Nejvy\u0161\u0161\u00edho soudu, p\u0159i\u010dem\u017e \u010del\u00ed\u00a0<\/span><a href=\"https:\/\/apnews.com\/article\/brazil-bolsonaro-ineligible-court-ruling-vote-99dee0fe4b529019ccbb65c9636a9045\"><span>dal\u0161\u00edm \u017ealob\u00e1m<\/span><\/a><span>\u00a0, kter\u00e9 by ho mohly dostat i do v\u011bzen\u00ed.<\/span><\/p>\n<p><img decoding=\"async\" loading=\"lazy\" class=\"alignnone size-full wp-image-1185\" src=\"http:\/\/www.infokuryr.cz\/n\/wp-content\/uploads\/2021\/04\/kuryr-podpis.png\" alt=\"\" width=\"84\" height=\"24\" \/><\/p>\n<p>&nbsp;<\/p>\n<p><a href=\"https:\/\/stranapro.cz\/\"><img decoding=\"async\" loading=\"lazy\" class=\"wp-image-30218 aligncenter\" src=\"http:\/\/www.infokuryr.cz\/n\/wp-content\/uploads\/2023\/06\/PRO-banner-300x36.png\" alt=\"\" width=\"1358\" height=\"163\" srcset=\"https:\/\/www.infokuryr.cz\/n\/wp-content\/uploads\/2023\/06\/PRO-banner-300x36.png 300w, https:\/\/www.infokuryr.cz\/n\/wp-content\/uploads\/2023\/06\/PRO-banner-768x93.png 768w, https:\/\/www.infokuryr.cz\/n\/wp-content\/uploads\/2023\/06\/PRO-banner.png 849w\" sizes=\"(max-width: 1358px) 100vw, 1358px\" \/><\/a><\/p>\n<p>&nbsp;<\/p>\n<p>&nbsp;<\/p>\n<p>&nbsp;<\/p>\n","protected":false},"excerpt":{"rendered":"<p>Nejen b\u00fdval\u00fd americk\u00fd prezident Donald Trump \u010del\u00ed kampani, kter\u00e1 mu m\u00e1 zabr\u00e1nit znovu st\u00e1t.\u00a0Nyn\u00ed to&#8230;<\/p>\n","protected":false},"author":2,"featured_media":31300,"comment_status":"closed","ping_status":"closed","sticky":false,"template":"","format":"standard","meta":[],"categories":[7],"tags":[1886,288,520,324],"_links":{"self":[{"href":"https:\/\/www.infokuryr.cz\/n\/wp-json\/wp\/v2\/posts\/31299"}],"collection":[{"href":"https:\/\/www.infokuryr.cz\/n\/wp-json\/wp\/v2\/posts"}],"about":[{"href":"https:\/\/www.infokuryr.cz\/n\/wp-json\/wp\/v2\/types\/post"}],"author":[{"embeddable":true,"href":"https:\/\/www.infokuryr.cz\/n\/wp-json\/wp\/v2\/users\/2"}],"replies":[{"embeddable":true,"href":"https:\/\/www.infokuryr.cz\/n\/wp-json\/wp\/v2\/comments?post=31299"}],"version-history":[{"count":0,"href":"https:\/\/www.infokuryr.cz\/n\/wp-json\/wp\/v2\/posts\/31299\/revisions"}],"wp:featuredmedia":[{"embeddable":true,"href":"https:\/\/www.infokuryr.cz\/n\/wp-json\/wp\/v2\/media\/31300"}],"wp:attachment":[{"href":"https:\/\/www.infokuryr.cz\/n\/wp-json\/wp\/v2\/media?parent=31299"}],"wp:term":[{"taxonomy":"category","embeddable":true,"href":"https:\/\/www.infokuryr.cz\/n\/wp-json\/wp\/v2\/categories?post=31299"},{"taxonomy":"post_tag","embeddable":true,"href":"https:\/\/www.infokuryr.cz\/n\/wp-json\/wp\/v2\/tags?post=31299"}],"curies":[{"name":"wp","href":"https:\/\/api.w.org\/{rel}","templated":true}]}}