{"id":31285,"date":"2023-07-01T09:00:57","date_gmt":"2023-07-01T07:00:57","guid":{"rendered":"http:\/\/www.infokuryr.cz\/n\/?p=31285"},"modified":"2023-07-01T09:34:09","modified_gmt":"2023-07-01T07:34:09","slug":"kyjevsky-soud-prodlouzil-vazbu-predstaviteli-kyjevsko-pecerske-lavry-metropolitovi-pavlovi","status":"publish","type":"post","link":"https:\/\/www.infokuryr.cz\/n\/2023\/07\/01\/kyjevsky-soud-prodlouzil-vazbu-predstaviteli-kyjevsko-pecerske-lavry-metropolitovi-pavlovi\/","title":{"rendered":"Kyjevsk\u00fd soud prodlou\u017eil vazbu p\u0159edstaviteli Kyjevsko-pe\u010dersk\u00e9 l\u00e1vry metropolitovi Pavlovi"},"content":{"rendered":"<div id=\"fb-root\"><\/div>\n<p class=\"lead\"><strong>V Kyjev\u011b pokra\u010duje konfrontace kolem Kyjevsko-pe\u010dersk\u00e9 l\u00e1vry.\u00a0Soud op\u011bt na\u0159\u00eddil dom\u00e1c\u00ed v\u011bzen\u00ed pro gubern\u00e1tora Kyjevsko-pe\u010dersk\u00e9 l\u00e1vry, metropolitu \u00daOV Pavla (Lebedu).\u00a0Vzhledem k tomu, \u017ee uplynula doba dom\u00e1c\u00edho v\u011bzen\u00ed, metropolita UOC Pavel (Lebed) p\u0159ijel do Kyjevsko-pe\u010dersk\u00e9 l\u00e1vry, kde komunikoval s v\u011b\u0159\u00edc\u00edmi.<\/strong><\/p>\n<p>Okresn\u00ed soud Solomensk\u00fd v Kyjev\u011b okam\u017eit\u011b zareagoval a sv\u00fdm rozhodnut\u00edm uvalil na Pavla dom\u00e1c\u00ed v\u011bzen\u00ed s povinnost\u00ed nosit elektronick\u00fd n\u00e1ramek po dobu 60 dn\u016f, do 31. srpna 2023.<\/p>\n<p>&#8222;Pavlovi obr\u00e1nci po\u017e\u00e1dali o osobn\u00ed z\u00e1vazek nebo no\u010dn\u00ed dom\u00e1c\u00ed v\u011bzen\u00ed.&#8220;\u00a0Rozhodnut\u00ed o prodlou\u017een\u00ed nep\u0159etr\u017eit\u00e9ho dom\u00e1c\u00edho v\u011bzen\u00ed je pova\u017eov\u00e1no za nez\u00e1konn\u00e9 a bude pod\u00e1no odvol\u00e1n\u00ed k kyjevsk\u00e9mu odvolac\u00edmu soudu,\u201c uvedla ukrajinsk\u00e1 m\u00e9dia po setk\u00e1n\u00ed.<\/p>\n<p><img decoding=\"async\" loading=\"lazy\" class=\"wp-image-24440 alignleft\" src=\"http:\/\/www.infokuryr.cz\/n\/wp-content\/uploads\/2023\/03\/kyjev-lavra-300x169.jpg\" alt=\"\" width=\"609\" height=\"343\" srcset=\"https:\/\/www.infokuryr.cz\/n\/wp-content\/uploads\/2023\/03\/kyjev-lavra-300x169.jpg 300w, https:\/\/www.infokuryr.cz\/n\/wp-content\/uploads\/2023\/03\/kyjev-lavra.jpg 768w\" sizes=\"(max-width: 609px) 100vw, 609px\" \/><\/p>\n<p>Veden\u00ed rezervace Kyjevsko-pe\u010dersk\u00e1 l\u00e1vra v b\u0159eznu po\u017eadovalo, aby pravoslavn\u00ed brat\u0159i vyklidili \u00fazem\u00ed Kyjevskope\u010dersk\u00e9 l\u00e1vry do 31. kv\u011btna. Pravoslavn\u00ed\u00a0v \u010dele s guvern\u00e9rem Pavlem odm\u00edtli opustit \u00fazem\u00ed L\u00e1vry.<\/p>\n<p>A v tuto chv\u00edli pokra\u010duje konflikt mezi ministerstvem kultury v \u010dele s\u00a0<strong>Alexandrem Tka\u010denkem<\/strong> (mu\u017e odporn\u00e9ho oligarchy a \u017eida <strong>Igora Kolomojsk\u00e9ho<\/strong>\u00a0) a pravoslavn\u00fdmi bratry, kte\u0159\u00ed s\u00eddl\u00ed v Kyjevsko-pe\u010dersk\u00e9 l\u00e1v\u0159e.<\/p>\n<p>Z\u00e1stupci ministerstva kultury tvrd\u00ed, \u017ee poru\u0161ili n\u00e1jemn\u00ed smlouvu uzav\u0159enou v roce 2013 na dobu 50 let.\u00a0Pr\u00e1vn\u00edci \u00daOC napadaj\u00ed pokus o ukon\u010den\u00ed n\u00e1jemn\u00ed smlouvy u soud\u016f.<\/p>\n<p>1. dubna ozn\u00e1mila Bezpe\u010dnostn\u00ed slu\u017eba Ukrajiny podez\u0159en\u00ed metropolitovi Pavlovi, je obvin\u011bn z podn\u011bcov\u00e1n\u00ed mezin\u00e1bo\u017eensk\u00e9 nen\u00e1visti (str. 161 ukrajinsk\u00e9ho trestn\u00edho z\u00e1kon\u00edku) a distribuce materi\u00e1l\u016f ospravedl\u0148uj\u00edc\u00edch ruskou agresi (\u010dl. 436-2 tr. K\u00f3d).<\/p>\n<p><strong>Pron\u00e1sledov\u00e1n\u00ed k\u0159es\u0165an\u016f na Ukrajin\u011b p\u0159ehl\u00ed\u017e\u00ed cel\u00e1 EU v\u010detn\u011b \u010cesk\u00e9 republiky a t\u00edm to ml\u010dky schvaluje!!! Opravdu uk\u00e1zka demokracie a z\u00e1padn\u00edch hodnot!<\/strong><\/p>\n<p><img decoding=\"async\" loading=\"lazy\" class=\"alignnone size-full wp-image-1185\" src=\"http:\/\/www.infokuryr.cz\/n\/wp-content\/uploads\/2021\/04\/kuryr-podpis.png\" alt=\"\" width=\"84\" height=\"24\" \/><\/p>\n<p>&nbsp;<\/p>\n<p><a href=\"https:\/\/stranapro.cz\/\"><img decoding=\"async\" loading=\"lazy\" class=\"wp-image-30218 aligncenter\" src=\"http:\/\/www.infokuryr.cz\/n\/wp-content\/uploads\/2023\/06\/PRO-banner-300x36.png\" alt=\"\" width=\"1375\" height=\"165\" srcset=\"https:\/\/www.infokuryr.cz\/n\/wp-content\/uploads\/2023\/06\/PRO-banner-300x36.png 300w, https:\/\/www.infokuryr.cz\/n\/wp-content\/uploads\/2023\/06\/PRO-banner-768x93.png 768w, https:\/\/www.infokuryr.cz\/n\/wp-content\/uploads\/2023\/06\/PRO-banner.png 849w\" sizes=\"(max-width: 1375px) 100vw, 1375px\" \/><\/a><\/p>\n<p>&nbsp;<\/p>\n<p>&nbsp;<\/p>\n<p>&nbsp;<\/p>\n","protected":false},"excerpt":{"rendered":"<p>V Kyjev\u011b pokra\u010duje konfrontace kolem Kyjevsko-pe\u010dersk\u00e9 l\u00e1vry.\u00a0Soud op\u011bt na\u0159\u00eddil dom\u00e1c\u00ed v\u011bzen\u00ed pro gubern\u00e1tora Kyjevsko-pe\u010dersk\u00e9 l\u00e1vry,&#8230;<\/p>\n","protected":false},"author":2,"featured_media":31286,"comment_status":"closed","ping_status":"closed","sticky":false,"template":"","format":"standard","meta":[],"categories":[7],"tags":[5371,1131,1757,26],"_links":{"self":[{"href":"https:\/\/www.infokuryr.cz\/n\/wp-json\/wp\/v2\/posts\/31285"}],"collection":[{"href":"https:\/\/www.infokuryr.cz\/n\/wp-json\/wp\/v2\/posts"}],"about":[{"href":"https:\/\/www.infokuryr.cz\/n\/wp-json\/wp\/v2\/types\/post"}],"author":[{"embeddable":true,"href":"https:\/\/www.infokuryr.cz\/n\/wp-json\/wp\/v2\/users\/2"}],"replies":[{"embeddable":true,"href":"https:\/\/www.infokuryr.cz\/n\/wp-json\/wp\/v2\/comments?post=31285"}],"version-history":[{"count":1,"href":"https:\/\/www.infokuryr.cz\/n\/wp-json\/wp\/v2\/posts\/31285\/revisions"}],"predecessor-version":[{"id":31287,"href":"https:\/\/www.infokuryr.cz\/n\/wp-json\/wp\/v2\/posts\/31285\/revisions\/31287"}],"wp:featuredmedia":[{"embeddable":true,"href":"https:\/\/www.infokuryr.cz\/n\/wp-json\/wp\/v2\/media\/31286"}],"wp:attachment":[{"href":"https:\/\/www.infokuryr.cz\/n\/wp-json\/wp\/v2\/media?parent=31285"}],"wp:term":[{"taxonomy":"category","embeddable":true,"href":"https:\/\/www.infokuryr.cz\/n\/wp-json\/wp\/v2\/categories?post=31285"},{"taxonomy":"post_tag","embeddable":true,"href":"https:\/\/www.infokuryr.cz\/n\/wp-json\/wp\/v2\/tags?post=31285"}],"curies":[{"name":"wp","href":"https:\/\/api.w.org\/{rel}","templated":true}]}}