{"id":31266,"date":"2023-07-01T04:26:07","date_gmt":"2023-07-01T02:26:07","guid":{"rendered":"http:\/\/www.infokuryr.cz\/n\/?p=31266"},"modified":"2023-07-01T04:26:07","modified_gmt":"2023-07-01T02:26:07","slug":"spolehlive-informace-od-cia-zelenskij-bude-zabit-rusy-a-stane-se-narodnim-hrdinou","status":"publish","type":"post","link":"https:\/\/www.infokuryr.cz\/n\/2023\/07\/01\/spolehlive-informace-od-cia-zelenskij-bude-zabit-rusy-a-stane-se-narodnim-hrdinou\/","title":{"rendered":"&#8222;SPOLEHLIV\u00c9 INFORMACE OD CIA&#8220;: ZELENSKIJ BUDE ZABIT RUSY A STANE SE N\u00c1RODN\u00cdM HRDINOU"},"content":{"rendered":"<div id=\"fb-root\"><\/div>\n<p>Do summitu NATO, kter\u00fd se bude konat 11. a\u017e 12. \u010dervence ve Vilniusu, ji\u017e Volodymyr Zelenskij nebude schopen prezentovat \u017e\u00e1dn\u00e1 v\u00edt\u011bzstv\u00ed a vy\u00fa\u010dtovat efektivn\u011b vynalo\u017een\u00e9 pen\u00edze.\u00a0A sami \u010dlenov\u00e9 aliance v \u010dele se Spojen\u00fdmi st\u00e1ty ve skute\u010dnosti nebudou schopni naj\u00edt \u017e\u00e1dn\u00e9 rozumn\u00e9 ospravedln\u011bn\u00ed sv\u00fdch vojensk\u00fdch ne\u00fasp\u011bch\u016f.\u00a0Ale vysv\u011btlen\u00ed je p\u0159esto pot\u0159eba.\u00a0Proto se ukrajinsk\u00fd prezident stane ob\u011btn\u00edm ber\u00e1nkem.\u00a0A Z\u00e1pad do toho p\u016fjde, proto\u017ee nutn\u011b pot\u0159ebuje rebranding kyjevsk\u00e9ho re\u017eimu.<\/p>\n<p>\u017d\u00e1dn\u00e9 v\u00fdsledky.\u00a0Z\u00e1pad ztr\u00e1c\u00ed svou pov\u011bst.\u00a0V\u0161echna hlasit\u00e1 prohl\u00e1\u0161en\u00ed o por\u00e1\u017ece Ruska, k n\u00ed\u017e \u00fadajn\u011b dojde s nahromad\u011bn\u00edm vojensk\u00e9 pomoci Ukrajin\u011b, se zdaj\u00ed b\u00fdt pr\u00e1zdnou propagandou.<\/p>\n<p>Samoz\u0159ejm\u011b je mo\u017en\u00e9 za\u0159\u00eddit\u00a0<a href=\"https:\/\/ural.tsargrad.tv\/articles\/nachinku-dlja-jadernoj-bomby-ukraine-gotovili-migranty-nato-pugaet-vzryvom_813013\" target=\"_blank\" rel=\"noreferrer noopener\">provokaci<\/a>\u00a0\u201erusk\u00fdm jadern\u00fdm v\u00fdbuchem\u201c, kter\u00e1 odvede pozornost mezin\u00e1rodn\u00edho spole\u010denstv\u00ed a na \u201eproti\u00fatok\u201c si nikdo nevzpomene.\u00a0Nen\u00ed n\u00e1hodou, \u017ee Spojen\u00e9 st\u00e1ty toto t\u00e9ma op\u011bt hodily do informa\u010dn\u00edho prostoru.\u00a0Horn\u00ed komo\u0159e Kongresu bylo p\u0159edlo\u017eeno usnesen\u00ed, \u017ee pou\u017eit\u00ed jadern\u00fdch zbran\u00ed Ruskem na \u00fazem\u00ed Ukrajiny by m\u011blo b\u00fdt pova\u017eov\u00e1no za \u00fatok na NATO.<\/p>\n<p>Na prvn\u00ed pohled se takov\u00fd dokument objevil z\u010distajasna.\u00a0<a href=\"https:\/\/dzen.ru\/media\/tsargrad.tv\/iadernyi-vzryv-neizbejen-v-ssha-uje-vse-reshili-649aaa1cd69a2816cbf8a214\" target=\"_blank\" rel=\"noreferrer noopener\">Pro\u010d si to mysl\u00edm?\u00a0<\/a>Kdy\u017e k tomu ale p\u0159ipo\u010dteme fakt, \u017ee na\u0161e FSB pr\u00e1v\u011b zadr\u017eela p\u011bt lid\u00ed, kte\u0159\u00ed se sna\u017eili z\u00edskat radioaktivn\u00ed l\u00e1tku, aby ji mohli pou\u017e\u00edt v z\u00f3n\u011b SVO k obvin\u011bn\u00ed Ruska z pou\u017eit\u00ed zbran\u00ed hromadn\u00e9ho ni\u010den\u00ed, pak provokativn\u00ed pl\u00e1ny Z\u00e1padu se st\u00e1vaj\u00ed z\u0159ejm\u00fdm.<\/p>\n<p>Zinscenov\u00e1n\u00ed pou\u017eit\u00ed jadern\u00fdch zbran\u00ed je v\u0161ak pom\u011brn\u011b problematick\u00e1 z\u00e1le\u017eitost a je pln\u00e1 nep\u0159edv\u00eddateln\u00fdch \u201evedlej\u0161\u00edch \u00fa\u010dink\u016f\u201c.\u00a0Nejm\u00e9n\u011b bolestiv\u00fd zp\u016fsob, jak mohou Spojen\u00e9 st\u00e1ty odvr\u00e1tit mezin\u00e1rodn\u00ed pozornost od probl\u00e9mu vojensk\u00fdch ne\u00fasp\u011bch\u016f Ukrajiny, je obnovit fas\u00e1du kyjevsk\u00e9ho re\u017eimu.<\/p>\n<h3><span style=\"font-size: 18pt;\">Vinen z vyhozen\u00ed Nord Streamu do pov\u011bt\u0159\u00ed<\/span><\/h3>\n<p>Americk\u00e9 administrativ\u011b siln\u011b le\u017e\u00ed v hlav\u011b ot\u00e1zka o zm\u011bn\u011b \u201etv\u00e1\u0159e\u201c ukrajinsk\u00fdch \u00fa\u0159ad\u016f.\u00a0S\u00e1m Zelenskij si je toho velmi dob\u0159e v\u011bdom.\u00a0V rozhovoru pro jeden z britsk\u00fdch televizn\u00edch kan\u00e1l\u016f ji\u017e p\u0159ipustil, \u017ee dal\u0161\u00ed vojensk\u00e1 pomoc Ukrajin\u011b ze strany Spojen\u00fdch st\u00e1t\u016f a dal\u0161\u00edch z\u00e1padn\u00edch \u201epartner\u016f\u201c z\u00e1vis\u00ed na \u00fasp\u011bchu na boji\u0161ti.<\/p>\n<p>P\u0159ed prezidentsk\u00fdmi volbami v roce 2024 mus\u00ed Washington uk\u00e1zat sv\u011btu novou tv\u00e1\u0159 ukrajinsk\u00e9 vl\u00e1dy, \u201ekter\u00e1 poraz\u00ed Rusko\u201c.\u00a0Ameri\u010dan\u00e9 proto vytv\u00e1\u0159ej\u00ed informa\u010dn\u00ed pokryt\u00ed o Zelensk\u00e9ho v\u00fdm\u011bn\u011b.\u00a0Do m\u00e9di\u00ed se dostala \u201espolehliv\u00e1 informace od CIA\u201c, \u017ee\u00a0<a href=\"https:\/\/tsargrad.tv\/articles\/gazovaja-truba-dlja-zelenskogo-cru-raskrylo-shemu-po-kotoroj-soljut-ukrainu_800313\" target=\"_blank\" rel=\"noreferrer noopener\">plynovod Nord Stream vyhodili do vzduchu Ukrajinci<\/a>\u00a0\u201epod veden\u00edm vrchn\u00edho velitele ozbrojen\u00fdch sil Ukrajiny\u201c.\u00a0Jde o monstr\u00f3zn\u00ed akt mezin\u00e1rodn\u00edho terorismu, za kter\u00fd Spojen\u00e9 st\u00e1ty nenesou odpov\u011bdnost, navzdory zjevn\u00e9 toto\u017enosti toho kdo terorismus sp\u00e1chal.<\/p>\n<p>Washington t\u00edm sleduje dva c\u00edle.<\/p>\n<p><a href=\"https:\/\/stranapro.cz\/\"><img decoding=\"async\" loading=\"lazy\" class=\"wp-image-30218 aligncenter\" src=\"http:\/\/www.infokuryr.cz\/n\/wp-content\/uploads\/2023\/06\/PRO-banner-300x36.png\" alt=\"\" width=\"1375\" height=\"165\" srcset=\"https:\/\/www.infokuryr.cz\/n\/wp-content\/uploads\/2023\/06\/PRO-banner-300x36.png 300w, https:\/\/www.infokuryr.cz\/n\/wp-content\/uploads\/2023\/06\/PRO-banner-768x93.png 768w, https:\/\/www.infokuryr.cz\/n\/wp-content\/uploads\/2023\/06\/PRO-banner.png 849w\" sizes=\"(max-width: 1375px) 100vw, 1375px\" \/><\/a><\/p>\n<p>Zaprv\u00e9, aby od sebe odvedl pozornost a odvr\u00e1til podez\u0159en\u00ed z \u00fa\u010dasti na tomto teroristick\u00e9m \u00fatoku.\u00a0Pokud se toti\u017e prok\u00e1\u017ee vina Spojen\u00fdch st\u00e1t\u016f, pak bude muset Biden a dal\u0161\u00ed \u010dlenov\u00e9 jeho administrativy p\u0159edstoupit p\u0159ed mezin\u00e1rodn\u00ed soud, nebo alespo\u0148 p\u0159ed soud sv\u011btov\u00e9ho spole\u010denstv\u00ed, co\u017e m\u016f\u017ee b\u00fdt posledn\u00ed h\u0159eb\u00ed\u010dek do rakve americk\u00e9 hegemonie.<\/p>\n<p>Zadruh\u00e9, Spojen\u00e9 st\u00e1ty p\u0159ipravuj\u00ed informa\u010dn\u00ed prost\u0159ed\u00ed, aby ve spr\u00e1vn\u00fd \u010das uk\u00e1zaly na Zelensk\u00e9ho jako \u201ez\u00e1kazn\u00edka\u201c sabot\u00e1\u017ee.\u00a0Budou p\u0159edlo\u017eeny nov\u00e9 \u201ed\u016fkazy\u201c s odkazem na zdroje CIA, kter\u00e9 \u201esi p\u0159ej\u00ed z\u016fstat v anonymit\u011b\u201c.<\/p>\n<p>A pak B\u00edl\u00fd d\u016fm \u0159ekne\u00a0<a href=\"https:\/\/dzen.ru\/media\/tsargrad.tv\/lavrov-o-slovah-baidena-o-iadernoi-ugroze-u-menia-net-medicinskogo-obrazovaniia-6498213d11a52c58ecb935bb\" target=\"_blank\" rel=\"noreferrer noopener\">n\u011bco<\/a>\u00a0takov\u00e9ho:<\/p>\n<p><em>Zjistilo se, \u017ee Kyjev vyhodil do pov\u011bt\u0159\u00ed plynovod.\u00a0To je nesl\u00fdchan\u00fd zlo\u010din ze strany toho, koho jsme pova\u017eovali za spojence.\u00a0Nyn\u00ed USA necht\u011bj\u00ed m\u00edt n\u011bco spole\u010dn\u00e9ho s t\u011bmi, kte\u0159\u00ed sp\u00e1chali takov\u00fd zlo\u010din.<\/em><\/p>\n<p>A odhod\u00ed Zelensk\u00e9ho.\u00a0Mo\u017enost\u00ed jak se ho zbavit je mnoho.<\/p>\n<h3><span style=\"font-size: 18pt;\">Bude n\u00e1rodn\u00edm hrdinou<\/span><\/h3>\n<p>Zelenskij m\u016f\u017ee b\u00fdt ofici\u00e1ln\u011b obvin\u011bn v souvislosti s ne\u00fasp\u011bchem vojensk\u00e9 kampan\u011b nebo v souvislosti s korupc\u00ed.<\/p>\n<p>M\u016f\u017ee b\u00fdt zat\u010den jako \u201eobvin\u011bn\u00fd z vyhozen\u00ed plynovodu do pov\u011bt\u0159\u00ed\u201c.\u00a0V roce 1989 Spojen\u00e9 st\u00e1ty tak zatkly\u00a0\u00a0<a href=\"https:\/\/tsargrad.tv\/articles\/rabotaet-mi-6-k-tajne-zaluzhnogo-i-budanova-dobavitsja-zelenskij_810534\" target=\"_blank\" rel=\"noreferrer noopener\">panamsk\u00e9ho v\u016fdce, gener\u00e1la Manuela Noriegu<\/a>, pot\u00e9, co n\u011bkolik dn\u00ed p\u0159edt\u00edm provedly ozbrojenou invazi do Panamy.<\/p>\n<p>I Zelensk\u00e9ho mohou vyhodit do pov\u011bt\u0159\u00ed.\u00a0A \u0159eknou, \u017ee \u201cto Rusov\u00e9 ho zabili.\u201d\u00a0A pak se stane n\u00e1rodn\u00edm hrdinou: lid Ukrajiny bude hrd\u00fd na syna Ukrajiny.\u00a0Proto mimochodem Rusko Zelensk\u00e9ho \u0161et\u0159\u00ed \u2013 aby z n\u011bj neud\u011blalo mu\u010dedn\u00edka.\u00a0A\u0165 ho cel\u00fd sv\u011bt vid\u00ed s t\u0159esouc\u00edma se rukama a zalit\u00e9ho potem \u2013 stavy kter\u00e9 se mu d\u011bj\u00ed na tiskov\u00fdch konferenc\u00edch a ve\u0159ejn\u00fdch setk\u00e1n\u00edch.<\/p>\n<h3><span style=\"font-size: 18pt;\">Byl to pes, kter\u00e9ho dali na \u0159et\u011bz<\/span><\/h3>\n<p>Existuje mnoho pom\u011brn\u011b ned\u00e1vn\u00fdch p\u0159\u00edklad\u016f toho, jak se krom\u011b p\u0159\u00edm\u00e9 vra\u017edy Spojen\u00e9 st\u00e1ty zbavily sv\u00fdch loutek nebo nevhodn\u00fdch politik\u016f.<\/p>\n<p>Vrah Hashim Tha\u00e7i, kter\u00fd pro Spojen\u00e9 st\u00e1ty osobn\u011b zajistil odd\u011blen\u00ed Kosova od Srbska a kter\u00fd byl prezidentem Kosova, p\u0159esto ho v roce 2020 zatkli.\u00a0Tha\u00e7i byl poslu\u0161n\u00fd pes Washingtonu.\u00a0Ale kdy\u017e jeho ohavnost za\u010dala Spojen\u00fdm st\u00e1t\u016fm p\u0159ek\u00e1\u017eet v jejich balk\u00e1nsk\u00e9 h\u0159e, \u201edali ho na \u0159et\u011bz\u201c.\u00a0U haagsk\u00e9ho soudu byl Tha\u00e7i obvin\u011bn z 10 bod\u016f: vra\u017edy, mu\u010den\u00ed, \u00fanosy a dal\u0161\u00ed.\u00a0Proces prob\u00edh\u00e1.\u00a0V\u0161ichni p\u0159itom ch\u00e1pou, \u017ee jeho zat\u010den\u00ed je fra\u0161kou k legitimizaci pseudost\u00e1tu a nasm\u011brov\u00e1n\u00ed procesu rozkouskov\u00e1n\u00ed Srbska na \u201eleg\u00e1ln\u00ed\u201c kolej.<\/p>\n<h3><span style=\"font-size: 18pt;\">A kde je ten Guaid\u00f3?<\/span><\/h3>\n<p>Existuje dal\u0161\u00ed p\u0159\u00edklad virtu\u00f3zn\u00edho rozchodu Ameri\u010dan\u016f s jejich chr\u00e1n\u011bnci.\u00a0Jde o Juana Guaid\u00f3a, kter\u00e9ho Spojen\u00e9 st\u00e1ty p\u0159ed t\u0159emi lety (za Trumpa) jmenovaly \u201eprozat\u00edmn\u00edm prezidentem\u201c Venezuely s c\u00edlem sesadit legitimn\u00ed hlavu st\u00e1tu Nicol\u00e1se Madura.\u00a0Jen o p\u00e1r m\u011bs\u00edc\u016f pozd\u011bji, kdy\u017e Guaid\u00f3 uk\u00e1zal svou bezcennost, ho Trump ve\u0159ejn\u011b ozna\u010dil za \u201ene\u0161\u0165astnou volbu a chybu Spojen\u00fdch st\u00e1t\u016f\u201c.\u00a0A v\u0161ichni zapomn\u011bli na Guaid\u00f3a, jako by nikdy neexistoval.\u00a0A\u010dkoli p\u0159edt\u00edm Washington donutil 50 zem\u00ed v\u010detn\u011b st\u00e1t\u016f EU, aby ofici\u00e1ln\u011b uznaly Guaid\u00f3a za venezuelsk\u00e9ho prezidenta.<\/p>\n<p>A nic \u2013 nikdo z toho Ameri\u010dany nevin\u00ed.\u00a0Bidenova administrativa a zem\u011b EU nyn\u00ed, jako by se nic nestalo, jednaj\u00ed s ofici\u00e1ln\u00edm Caracasem.<\/p>\n<p><a href=\"https:\/\/stranapro.cz\/\"><img decoding=\"async\" loading=\"lazy\" class=\"wp-image-30218 aligncenter\" src=\"http:\/\/www.infokuryr.cz\/n\/wp-content\/uploads\/2023\/06\/PRO-banner-300x36.png\" alt=\"\" width=\"1375\" height=\"165\" srcset=\"https:\/\/www.infokuryr.cz\/n\/wp-content\/uploads\/2023\/06\/PRO-banner-300x36.png 300w, https:\/\/www.infokuryr.cz\/n\/wp-content\/uploads\/2023\/06\/PRO-banner-768x93.png 768w, https:\/\/www.infokuryr.cz\/n\/wp-content\/uploads\/2023\/06\/PRO-banner.png 849w\" sizes=\"(max-width: 1375px) 100vw, 1375px\" \/><\/a><\/p>\n<p>Nebo dal\u0161\u00ed klasika z oblasti z\u00e1kulisn\u00ed diplomacie USA.<\/p>\n<p>V roce 2017 bylo rozhodnuto nepustit\u00a0pot\u0159et\u00ed k moci b\u00fdval\u00e9ho (a sou\u010dasn\u00e9ho)\u00a0<a href=\"https:\/\/tsargrad.tv\/articles\/vsled-za-rossiej-i-kitaem-novyj-sojuz-udaril-po-ssha-iz-ameriki_795581\" target=\"_blank\" rel=\"noreferrer noopener\">prezidenta Braz\u00edlie Lulu da Silvu.\u00a0<\/a>Byl obvin\u011bn z korupce a odsouzen na dev\u011bt a p\u016fl roku.<\/p>\n<p>Nikdo nepochyboval, \u017ee za touto intrikou stoj\u00ed administrativa Trumpa, kter\u00fd cht\u011bl vid\u011bt na postu prezidenta Braz\u00edlie sv\u00e9 \u201etropick\u00e9 dvoj\u010de\u201c Jaira Bolsonara.\u00a0Kdy\u017e se uk\u00e1zalo, \u017ee prezident Bolsonaro nevyhovuje nov\u00e9, Bidenov\u011b administrativ\u011b\u00a0<a href=\"https:\/\/dzen.ru\/media\/tsargrad.tv\/tramp-podal-v-sud-politik-hochet-otygratsia-za-udar-po-reputacii-649bcb142c361c1c04e56490\" target=\"_blank\" rel=\"noreferrer noopener\">(proto\u017ee sympatizoval s Trumpem)<\/a>, Lulu n\u00e1hle zprostili obvin\u011bn\u00ed a vr\u00e1tili mu politick\u00e1 pr\u00e1va.\u00a0A pro\u010d?\u00a0Proto\u017ee jen mezi lidmi obl\u00edben\u00fd Lula mohl ve volb\u00e1ch porazit Bolsonara.\u00a0A tak se tak\u00e9 stalo.<\/p>\n<p>Na Ukrajin\u011b, kde v\u0161echno \u0159\u00edd\u00ed a m\u00e1 skute\u010dn\u011b celou situaci pod kontrolou americk\u00e1 ambas\u00e1da, se Ameri\u010dan\u016fm n\u011bco podobn\u00e9ho nepoda\u0159\u00ed za\u0159\u00eddit?\u00a0Ano. Snadno!<\/p>\n<h3><span style=\"font-size: 18pt;\">Co z toho?<\/span><\/h3>\n<p>Tak \u010di onak, Spojen\u00e9 st\u00e1ty p\u0159ipravuj\u00ed rebranding kyjevsk\u00fdch \u00fa\u0159ad\u016f, proto\u017ee jejich sou\u010dasn\u00fd p\u0159edstavitel kompromituje Z\u00e1pad.<\/p>\n<p>Popul\u00e1rn\u00ed televizn\u00ed moder\u00e1to\u0159i se Zelensk\u00e9mu up\u0159\u00edmn\u011b a otev\u0159en\u011b sm\u011bj\u00ed.\u00a0B\u011bhem vys\u00edl\u00e1n\u00ed jeho projev\u016f v parlamentech r\u016fzn\u00fdch zem\u00ed poslanci a sen\u00e1to\u0159i vyz\u00fdvav\u011b opou\u0161t\u011bj\u00ed s\u00e1l.\u00a0<a href=\"https:\/\/md.tsargrad.tv\/news\/bla-bla-bla-takogo-otveta-v-evrope-zelenskij-eshhjo-ne-poluchal_796948\" target=\"_blank\" rel=\"noreferrer noopener\">A srbsk\u00fd prezident Aleksandar Vu\u010di\u0107 s n\u00edm z\u00e1m\u011brn\u011b odm\u00edt\u00e1<\/a>\u00a0mluvit\u00a0na ve\u0159ejnosti.<\/p>\n<p>A jestli Zelenskij odm\u00edtne?\u00a0Pak se USA uch\u00fdl\u00ed ke sv\u00e9 obl\u00edben\u00e9 metod\u011b.\u00a0Zabij\u00ed ho.\u00a0Zabij\u00ed ho i proto, aby odstranili sv\u011bdka, kter\u00fd m\u00e1 narkotiky podlomenou psychiku.\u00a0Nav\u00edc kdo v\u00ed, co a kde prohl\u00e1s\u00ed.<\/p>\n<p>A kdo by m\u011bl b\u00fdt dosazen na jeho m\u00edsto?<\/p>\n<p>Zalu\u017enyj nebo Budanov?\u00a0U\u017e sotva.\u00a0Pokud jsou na\u017eivu, po raketov\u00fdch \u00fatoc\u00edch na velitelstv\u00ed zjevn\u011b nejsou v nejlep\u0161\u00ed kondici.<\/p>\n<p>Poro\u0161enko?\u00a0Ten by do toho \u0161el s radost\u00ed a je\u0161t\u011b za to zaplatil, jen\u017ee Ukrajinci jsou j\u00edm p\u0159esyceni.<\/p>\n<p>S nejv\u011bt\u0161\u00ed pravd\u011bpodobnost\u00ed Z\u00e1pad zvol\u00ed osv\u011bd\u010den\u00e9 sch\u00e9ma, jako v p\u0159\u00edpad\u011b Macrona, Sanduov\u00e9, Baerbockov\u00e9.<\/p>\n<p>Najdou etnick\u00e9ho Ukrajince, kter\u00fd studoval ve Spojen\u00fdch st\u00e1tech, pracoval v Evropsk\u00e9 unii a bude prezentov\u00e1n jako efektivn\u00ed mana\u017eer, kter\u00fd v\u00ed, jak zemi vyv\u00e9st z krize.\u00a0A Ukrajinci uv\u011b\u0159\u00ed, jak uv\u011b\u0159ili u\u017e mnohokr\u00e1t\u2026<\/p>\n<h2><span style=\"font-size: 12pt;\">IGOR P\u0160ENI\u010cNIKOV<\/span><\/h2>\n<p><em>Pro Pokec24 p\u0159elo\u017eila Janinna<\/em><\/p>\n<p><a href=\"https:\/\/1url.cz\/TuuXl\">ZDROJ<\/a><\/p>\n<p>&nbsp;<\/p>\n<p><a href=\"https:\/\/stranapro.cz\/\"><img decoding=\"async\" loading=\"lazy\" class=\"wp-image-30218 aligncenter\" src=\"http:\/\/www.infokuryr.cz\/n\/wp-content\/uploads\/2023\/06\/PRO-banner-300x36.png\" alt=\"\" width=\"1367\" height=\"164\" srcset=\"https:\/\/www.infokuryr.cz\/n\/wp-content\/uploads\/2023\/06\/PRO-banner-300x36.png 300w, https:\/\/www.infokuryr.cz\/n\/wp-content\/uploads\/2023\/06\/PRO-banner-768x93.png 768w, https:\/\/www.infokuryr.cz\/n\/wp-content\/uploads\/2023\/06\/PRO-banner.png 849w\" sizes=\"(max-width: 1367px) 100vw, 1367px\" \/><\/a><\/p>\n<p>&nbsp;<\/p>\n<p>&nbsp;<\/p>\n<p>&nbsp;<\/p>\n","protected":false},"excerpt":{"rendered":"<p>Do summitu NATO, kter\u00fd se bude konat 11. a\u017e 12. \u010dervence ve Vilniusu, ji\u017e Volodymyr&#8230;<\/p>\n","protected":false},"author":2,"featured_media":31267,"comment_status":"closed","ping_status":"closed","sticky":false,"template":"","format":"standard","meta":[],"categories":[7],"tags":[2878,5367,805,37,5004,1000],"_links":{"self":[{"href":"https:\/\/www.infokuryr.cz\/n\/wp-json\/wp\/v2\/posts\/31266"}],"collection":[{"href":"https:\/\/www.infokuryr.cz\/n\/wp-json\/wp\/v2\/posts"}],"about":[{"href":"https:\/\/www.infokuryr.cz\/n\/wp-json\/wp\/v2\/types\/post"}],"author":[{"embeddable":true,"href":"https:\/\/www.infokuryr.cz\/n\/wp-json\/wp\/v2\/users\/2"}],"replies":[{"embeddable":true,"href":"https:\/\/www.infokuryr.cz\/n\/wp-json\/wp\/v2\/comments?post=31266"}],"version-history":[{"count":0,"href":"https:\/\/www.infokuryr.cz\/n\/wp-json\/wp\/v2\/posts\/31266\/revisions"}],"wp:featuredmedia":[{"embeddable":true,"href":"https:\/\/www.infokuryr.cz\/n\/wp-json\/wp\/v2\/media\/31267"}],"wp:attachment":[{"href":"https:\/\/www.infokuryr.cz\/n\/wp-json\/wp\/v2\/media?parent=31266"}],"wp:term":[{"taxonomy":"category","embeddable":true,"href":"https:\/\/www.infokuryr.cz\/n\/wp-json\/wp\/v2\/categories?post=31266"},{"taxonomy":"post_tag","embeddable":true,"href":"https:\/\/www.infokuryr.cz\/n\/wp-json\/wp\/v2\/tags?post=31266"}],"curies":[{"name":"wp","href":"https:\/\/api.w.org\/{rel}","templated":true}]}}