{"id":31246,"date":"2023-07-01T01:12:28","date_gmt":"2023-06-30T23:12:28","guid":{"rendered":"http:\/\/www.infokuryr.cz\/n\/?p=31246"},"modified":"2023-06-30T18:22:27","modified_gmt":"2023-06-30T16:22:27","slug":"kreml-reaguje-na-zadrzeni-ruskeho-hokejisty-v-polsku","status":"publish","type":"post","link":"https:\/\/www.infokuryr.cz\/n\/2023\/07\/01\/kreml-reaguje-na-zadrzeni-ruskeho-hokejisty-v-polsku\/","title":{"rendered":"Kreml reaguje na zadr\u017een\u00ed rusk\u00e9ho hokejisty v Polsku"},"content":{"rendered":"<div id=\"fb-root\"><\/div>\n<p><strong><span style=\"font-size: 18pt;\">Var\u0161ava ji\u017e d\u0159\u00edve ozn\u00e1mila zat\u010den\u00ed rusk\u00e9ho ob\u010dana pro podez\u0159en\u00ed ze \u0161pion\u00e1\u017ee<\/span><\/strong><\/p>\n<p><span>Moskva se sna\u017e\u00ed objasnit okolnosti za nahl\u00e1\u0161en\u00fdm zat\u010den\u00edm nejmenovan\u00e9ho rusk\u00e9ho sportovce v Polsku, kter\u00e9ho Var\u0161ava podez\u0159\u00edv\u00e1 ze \u0161pion\u00e1\u017ee pro rusk\u00fd st\u00e1t, uvedl v p\u00e1tek mluv\u010d\u00ed Kremlu Dmitrij Peskov.\u00a0<\/span><\/p>\n<p><span>Poznamenal, \u017ee zat\u00edmco se ru\u0161t\u00ed p\u0159edstavitel\u00e9 sna\u017eili z\u00edskat podrobnosti o incidentu, pr\u00e1ci rusk\u00e9ho velvyslanectv\u00ed ve Var\u0161av\u011b komplikoval rusofobn\u00ed p\u0159\u00edstup polsk\u00fdch p\u0159edstavitel\u016f.<\/span><\/p>\n<p><em><span>\u201eJsem si jist\u00fd, \u017ee velvyslanectv\u00ed se te\u010f bude sna\u017eit to v\u0161echno zjistit, ur\u010dit\u011b z\u00edsk\u00e1me n\u011bjak\u00e9 podrobnosti, i kdy\u017e pro velvyslanectv\u00ed je te\u010f samoz\u0159ejm\u011b velmi, velmi obt\u00ed\u017en\u00e9 pracovat ve Var\u0161av\u011b kv\u016fli naprosto \u0161\u00edlen\u00fdm rusofob\u016fm. postoj polsk\u00fdch \u00fa\u0159ad\u016f,\u201c<\/span><\/em><span>\u00a0\u0159ekl Peskov novin\u00e1\u0159\u016fm.\u00a0<\/span><\/p>\n<p><em><span>&#8222;Z toho d\u016fvodu zat\u00edm bohu\u017eel nem\u00e1me \u017e\u00e1dn\u00e9 podrobn\u00e9 informace,&#8220;<\/span><\/em><span>\u00a0p\u0159iznala mluv\u010d\u00ed.\u00a0<\/span><\/p>\n<p><span>Rusk\u00e1 ambas\u00e1da ve Var\u0161av\u011b v p\u00e1tek rovn\u011b\u017e ozn\u00e1mila, \u017ee zaslala ofici\u00e1ln\u00ed dopis polsk\u00e9mu ministerstvu zahrani\u010d\u00ed, ve kter\u00e9m \u017e\u00e1d\u00e1 potvrzen\u00ed zpr\u00e1v o zat\u010den\u00ed rusk\u00e9ho ob\u010dana a vysv\u011btlen\u00ed obvin\u011bn\u00ed proti n\u011bmu.\u00a0Velvyslanectv\u00ed poznamenalo, \u017ee od polsk\u00fdch p\u0159edstavitel\u016f dosud nep\u0159i\u0161la \u017e\u00e1dn\u00e1 odpov\u011b\u010f.\u00a0<\/span><\/p>\n<p><span>Polsk\u00fd gener\u00e1ln\u00ed prokur\u00e1tor a ministr spravedlnosti Zbigniew Ziobro d\u0159\u00edve na sv\u00e9m Twitteru ozn\u00e1mil, \u017ee Polsk\u00fd \u00fa\u0159ad pro vnit\u0159n\u00ed bezpe\u010dnost zadr\u017eel rusk\u00e9ho ob\u010dana podez\u0159el\u00e9ho ze \u0161pion\u00e1\u017ee pro Moskvu.\u00a0<\/span><\/p>\n<p><em><span>\u201eByl dopaden \u0161pi\u00f3n, kter\u00fd jednal pod maskou sportovce,\u201c<\/span><\/em><span>\u00a0napsal ministr a dodal, \u017ee Rus, jeho\u017e jm\u00e9no nebylo zve\u0159ejn\u011bno, byl hr\u00e1\u010dem prvoligov\u00e9ho hokejov\u00e9ho klubu.\u00a0Ziobro poznamenal, \u017ee se jedn\u00e1 o\u00a0<\/span><em><span>\u201e14. \u010dlena \u0161pion\u00e1\u017en\u00ed s\u00edt\u011b\u201c<\/span><\/em><span>\u00a0, kterou polsk\u00e9 \u00fa\u0159ady odhalily.<\/span><\/p>\n<p><span>Podle tiskov\u00e9 slu\u017eby koordinuj\u00edc\u00edho ministra pro speci\u00e1ln\u00ed slu\u017eby Rus pracoval\u00a0<\/span><em><span>\u201epro zahrani\u010dn\u00ed zpravodajsk\u00e9 slu\u017eby\u201c<\/span><\/em><span>\u00a0a \u00fadajn\u011b plnil \u00fakoly v Polsku, aby\u00a0<\/span><em><span>\u201estudoval kritickou infrastrukturu v n\u011bkolika regionech\u201c.\u00a0<\/span><\/em><span>Je tak\u00e9 t\u0159eba poznamenat, \u017ee doty\u010dn\u00e1 osoba \u017eila v Polsku od \u0159\u00edjna 2021.\u00a0<\/span><\/p>\n<p><span>Polsk\u00e9 \u00fa\u0159ady ho \u00fadajn\u011b obvinily z \u00fa\u010dasti v organizovan\u00e9 zlo\u010dineck\u00e9 skupin\u011b a pr\u00e1ce pro zahrani\u010dn\u00ed rozv\u011bdku.\u00a0Mu\u017eovi hroz\u00ed a\u017e deset let v\u011bzen\u00ed a v sou\u010dasn\u00e9 dob\u011b je ve vazb\u011b na t\u0159i m\u011bs\u00edce.<\/span><\/p>\n<p><img decoding=\"async\" loading=\"lazy\" class=\"alignnone size-full wp-image-1185\" src=\"http:\/\/www.infokuryr.cz\/n\/wp-content\/uploads\/2021\/04\/kuryr-podpis.png\" alt=\"\" width=\"84\" height=\"24\" \/><\/p>\n<p>&nbsp;<\/p>\n<p><a href=\"https:\/\/stranapro.cz\/\"><img decoding=\"async\" loading=\"lazy\" class=\"wp-image-30218 aligncenter\" src=\"http:\/\/www.infokuryr.cz\/n\/wp-content\/uploads\/2023\/06\/PRO-banner-300x36.png\" alt=\"\" width=\"1375\" height=\"165\" srcset=\"https:\/\/www.infokuryr.cz\/n\/wp-content\/uploads\/2023\/06\/PRO-banner-300x36.png 300w, https:\/\/www.infokuryr.cz\/n\/wp-content\/uploads\/2023\/06\/PRO-banner-768x93.png 768w, https:\/\/www.infokuryr.cz\/n\/wp-content\/uploads\/2023\/06\/PRO-banner.png 849w\" sizes=\"(max-width: 1375px) 100vw, 1375px\" \/><\/a><\/p>\n<p>&nbsp;<\/p>\n<p>&nbsp;<\/p>\n<p>&nbsp;<\/p>\n","protected":false},"excerpt":{"rendered":"<p>Var\u0161ava ji\u017e d\u0159\u00edve ozn\u00e1mila zat\u010den\u00ed rusk\u00e9ho ob\u010dana pro podez\u0159en\u00ed ze \u0161pion\u00e1\u017ee Moskva se sna\u017e\u00ed objasnit&#8230;<\/p>\n","protected":false},"author":2,"featured_media":1017,"comment_status":"closed","ping_status":"closed","sticky":false,"template":"","format":"standard","meta":[],"categories":[7],"tags":[1065,31,22,3427],"_links":{"self":[{"href":"https:\/\/www.infokuryr.cz\/n\/wp-json\/wp\/v2\/posts\/31246"}],"collection":[{"href":"https:\/\/www.infokuryr.cz\/n\/wp-json\/wp\/v2\/posts"}],"about":[{"href":"https:\/\/www.infokuryr.cz\/n\/wp-json\/wp\/v2\/types\/post"}],"author":[{"embeddable":true,"href":"https:\/\/www.infokuryr.cz\/n\/wp-json\/wp\/v2\/users\/2"}],"replies":[{"embeddable":true,"href":"https:\/\/www.infokuryr.cz\/n\/wp-json\/wp\/v2\/comments?post=31246"}],"version-history":[{"count":1,"href":"https:\/\/www.infokuryr.cz\/n\/wp-json\/wp\/v2\/posts\/31246\/revisions"}],"predecessor-version":[{"id":31247,"href":"https:\/\/www.infokuryr.cz\/n\/wp-json\/wp\/v2\/posts\/31246\/revisions\/31247"}],"wp:featuredmedia":[{"embeddable":true,"href":"https:\/\/www.infokuryr.cz\/n\/wp-json\/wp\/v2\/media\/1017"}],"wp:attachment":[{"href":"https:\/\/www.infokuryr.cz\/n\/wp-json\/wp\/v2\/media?parent=31246"}],"wp:term":[{"taxonomy":"category","embeddable":true,"href":"https:\/\/www.infokuryr.cz\/n\/wp-json\/wp\/v2\/categories?post=31246"},{"taxonomy":"post_tag","embeddable":true,"href":"https:\/\/www.infokuryr.cz\/n\/wp-json\/wp\/v2\/tags?post=31246"}],"curies":[{"name":"wp","href":"https:\/\/api.w.org\/{rel}","templated":true}]}}