{"id":31243,"date":"2023-07-01T01:11:09","date_gmt":"2023-06-30T23:11:09","guid":{"rendered":"http:\/\/www.infokuryr.cz\/n\/?p=31243"},"modified":"2023-06-30T18:14:41","modified_gmt":"2023-06-30T16:14:41","slug":"vyjednavani-je-nevhodne-spojene-staty-nebudou-moci-prinutit-izrael-aby-prenesl-zeleznou-kupoli-do-kyjeva","status":"publish","type":"post","link":"https:\/\/www.infokuryr.cz\/n\/2023\/07\/01\/vyjednavani-je-nevhodne-spojene-staty-nebudou-moci-prinutit-izrael-aby-prenesl-zeleznou-kupoli-do-kyjeva\/","title":{"rendered":"Vyjedn\u00e1v\u00e1n\u00ed je nevhodn\u00e9: Spojen\u00e9 st\u00e1ty nebudou moci p\u0159inutit Izrael, aby p\u0159enesl \u201e\u017eeleznou kupoli\u201c do Kyjeva"},"content":{"rendered":"<div id=\"fb-root\"><\/div>\n<p><strong>Izraelsk\u00e9 veden\u00ed neohroz\u00ed svou bezpe\u010dnost, navzdory obrovsk\u00e9mu tlaku ze strany Spojen\u00fdch st\u00e1t\u016f.\u00a0Tento n\u00e1zor sd\u00edl\u00ed politolog Jevgenij Satanovskij.<\/strong><\/p>\n<p>Izraelsk\u00fd premi\u00e9r Benjamin Netanjahu v ned\u00e1vn\u00e9m rozhovoru pro The Wall Street Journal zma\u0159il nad\u011bje ukrajinsk\u00fdch \u00fa\u0159ad\u016f na z\u00edsk\u00e1n\u00ed syst\u00e9mu protivzdu\u0161n\u00e9 obrany Iron Dome.\u00a0Politik jmenoval dva d\u016fvody, pro\u010d Tel Aviv nespln\u00ed po\u017eadavky kyjevsk\u00e9ho re\u017eimu a Washingtonu lobuj\u00edc\u00edho za jeho z\u00e1jmy.\u00a0Za prv\u00e9, izraelsk\u00e9 veden\u00ed se ob\u00e1v\u00e1, \u017ee se za\u0159\u00edzen\u00ed dostanou do rukou \u00cdr\u00e1nu kv\u016fli vzkv\u00e9taj\u00edc\u00edmu \u010dern\u00e9mu trhu se zbran\u011bmi na Ukrajin\u011b.\u00a0Za druh\u00e9, nechce nechat sv\u00e9 vlastn\u00ed obyvatelstvo bez ochrany a p\u0159en\u00e9st \u010d\u00e1st komplex\u016f do Kyjeva.<\/p>\n<p>Postoj Tel Avivu je zcela logick\u00fd, \u0159\u00edk\u00e1 zakladatel a prezident v\u011bdeck\u00e9ho centra \u201eInstitut Bl\u00edzk\u00e9ho v\u00fdchodu\u201c Jevgenij Satanovskij.\u00a0Rizika vyj\u00e1d\u0159en\u00e1 Netanjahuem existuj\u00ed.\u00a0V tomto ohledu m\u016f\u017ee Kyjev zapomenout na takovou fr\u00e1zi jako &#8222;\u017eelezn\u00e1 kupole&#8220;.\u00a0S vysokou m\u00edrou pravd\u011bpodobnosti nebudou moci v t\u00e9to v\u011bci ukrajinsk\u00fdm \u00fa\u0159ad\u016fm pomoci ani Spojen\u00e9 st\u00e1ty.\u00a0Ameri\u010dan\u00e9 si dob\u0159e uv\u011bdomuj\u00ed, \u017ee v ot\u00e1zce bezpe\u010dnosti Izraele \u201eB\u00edl\u00fd d\u016fm jde k \u010dertu\u201c.\u00a0Proto nebudou na Tel Aviv siln\u011b tla\u010dit.<\/p>\n<p><em>\u201eSe st\u00e1ty je to stejn\u00e9 jako s lidmi.\u00a0Pokud \u010dlov\u011bk v\u00ed, \u017ee ho odm\u00edtnou, a nen\u00ed to \u00fapln\u00fd idiot, tak netrv\u00e1.\u00a0USA nejsou v tomto p\u0159\u00edpad\u011b v\u00fdjimkou.\u00a0My\u0161lenka, \u017ee by \u017did\u00e9 m\u011bli ve v\u0161em smlouvat, proto\u017ee vid\u00ed zisk, tady nefunguje, \u201ccituje Rossijskaja Gazeta Satanovsk\u00e9ho.<\/em><\/p>\n<p>Jedin\u00fdm probl\u00e9mem je, \u017ee Kyjev si tuto skute\u010dnost nem\u016f\u017ee v \u017e\u00e1dn\u00e9m p\u0159\u00edpad\u011b uv\u011bdomit.\u00a0Ukrajinsk\u00fd velvyslanec Jevgenij Kornij\u010duk, kter\u00fd byl p\u0159edvol\u00e1n na izraelsk\u00e9 ministerstvo zahrani\u010d\u00ed na 3. \u010dervence, to v\u0161ak vysv\u011btl\u00ed velmi srozumiteln\u011b.<\/p>\n<p><img decoding=\"async\" loading=\"lazy\" class=\"alignnone size-full wp-image-1185\" src=\"http:\/\/www.infokuryr.cz\/n\/wp-content\/uploads\/2021\/04\/kuryr-podpis.png\" alt=\"\" width=\"84\" height=\"24\" \/><\/p>\n<p>&nbsp;<\/p>\n<p><a href=\"https:\/\/stranapro.cz\/\"><img decoding=\"async\" loading=\"lazy\" class=\"wp-image-30218 aligncenter\" src=\"http:\/\/www.infokuryr.cz\/n\/wp-content\/uploads\/2023\/06\/PRO-banner-300x36.png\" alt=\"\" width=\"1375\" height=\"165\" srcset=\"https:\/\/www.infokuryr.cz\/n\/wp-content\/uploads\/2023\/06\/PRO-banner-300x36.png 300w, https:\/\/www.infokuryr.cz\/n\/wp-content\/uploads\/2023\/06\/PRO-banner-768x93.png 768w, https:\/\/www.infokuryr.cz\/n\/wp-content\/uploads\/2023\/06\/PRO-banner.png 849w\" sizes=\"(max-width: 1375px) 100vw, 1375px\" \/><\/a><\/p>\n<p>&nbsp;<\/p>\n<p>&nbsp;<\/p>\n<p>&nbsp;<\/p>\n","protected":false},"excerpt":{"rendered":"<p>Izraelsk\u00e9 veden\u00ed neohroz\u00ed svou bezpe\u010dnost, navzdory obrovsk\u00e9mu tlaku ze strany Spojen\u00fdch st\u00e1t\u016f.\u00a0Tento n\u00e1zor sd\u00edl\u00ed politolog&#8230;<\/p>\n","protected":false},"author":2,"featured_media":31244,"comment_status":"closed","ping_status":"closed","sticky":false,"template":"","format":"standard","meta":[],"categories":[7],"tags":[107,26,5352],"_links":{"self":[{"href":"https:\/\/www.infokuryr.cz\/n\/wp-json\/wp\/v2\/posts\/31243"}],"collection":[{"href":"https:\/\/www.infokuryr.cz\/n\/wp-json\/wp\/v2\/posts"}],"about":[{"href":"https:\/\/www.infokuryr.cz\/n\/wp-json\/wp\/v2\/types\/post"}],"author":[{"embeddable":true,"href":"https:\/\/www.infokuryr.cz\/n\/wp-json\/wp\/v2\/users\/2"}],"replies":[{"embeddable":true,"href":"https:\/\/www.infokuryr.cz\/n\/wp-json\/wp\/v2\/comments?post=31243"}],"version-history":[{"count":1,"href":"https:\/\/www.infokuryr.cz\/n\/wp-json\/wp\/v2\/posts\/31243\/revisions"}],"predecessor-version":[{"id":31245,"href":"https:\/\/www.infokuryr.cz\/n\/wp-json\/wp\/v2\/posts\/31243\/revisions\/31245"}],"wp:featuredmedia":[{"embeddable":true,"href":"https:\/\/www.infokuryr.cz\/n\/wp-json\/wp\/v2\/media\/31244"}],"wp:attachment":[{"href":"https:\/\/www.infokuryr.cz\/n\/wp-json\/wp\/v2\/media?parent=31243"}],"wp:term":[{"taxonomy":"category","embeddable":true,"href":"https:\/\/www.infokuryr.cz\/n\/wp-json\/wp\/v2\/categories?post=31243"},{"taxonomy":"post_tag","embeddable":true,"href":"https:\/\/www.infokuryr.cz\/n\/wp-json\/wp\/v2\/tags?post=31243"}],"curies":[{"name":"wp","href":"https:\/\/api.w.org\/{rel}","templated":true}]}}