{"id":3123,"date":"2021-07-06T18:10:31","date_gmt":"2021-07-06T16:10:31","guid":{"rendered":"http:\/\/www.infokuryr.cz\/n\/?p=3123"},"modified":"2021-07-06T18:11:07","modified_gmt":"2021-07-06T16:11:07","slug":"dve-kriketove-hracky-zkolabovaly-pri-hre-3-dny-po-druhe-davce-vakciny","status":"publish","type":"post","link":"https:\/\/www.infokuryr.cz\/n\/2021\/07\/06\/dve-kriketove-hracky-zkolabovaly-pri-hre-3-dny-po-druhe-davce-vakciny\/","title":{"rendered":"Dv\u011b kriketov\u00e9 hr\u00e1\u010dky zkolabovaly p\u0159i h\u0159e &#8211; 3 dny po druh\u00e9 d\u00e1vce vakc\u00edny"},"content":{"rendered":"<div id=\"fb-root\"><\/div>\n<p><strong>Indie<\/strong>:<\/p>\n<p>P\u0159i kriketov\u00e9m z\u00e1pase \u017een Indie vs. Pakist\u00e1n, zkolabovaly na h\u0159i\u0161ti dv\u011b indick\u00e9 hr\u00e1\u010dky v rozmez\u00ed pouh\u00fdch deseti minut.<\/p>\n<p>Indick\u00fd t\u00fdm dostal 30. \u010dervna druhou d\u00e1vku vakc\u00edny proti Covid -19.<\/p>\n<p>Z\u00e1pas se odehr\u00e1l 3 dny pot\u00e9.<\/p>\n<p>Dal\u0161\u00ed uk\u00e1zka toho, co n\u00e1m neust\u00e1le zatajuj\u00ed po pou\u017eit\u00ed vakc\u00edna na Covid-19.<\/p>\n<p><iframe class=\"\" src=\"https:\/\/odysee.com\/$\/embed\/2-JABBED-CRICKET-Players-Collapse-Within-Minutes-Of-Each-Other\/8f154555c1545d62ac53f2ff412545e6794526ac?r=CWGdVVbrDNCgS9tokbYjNGemHxhKxkmp\" frameborder=\"0\" allowfullscreen=\"allowfullscreen\" data-mce-fragment=\"1\"><\/iframe><\/p>\n<p class=\"has-text-align-center\"><a href=\"https:\/\/hugotalks.com\/2021\/07\/05\/2-vaxxed-cricket-players-collapse-within-minutes-of-each-other-hugo-talks-lockdown\/\">ZDROJ<\/a><\/p>\n<p>&nbsp;<\/p>\n","protected":false},"excerpt":{"rendered":"<p>Indie: P\u0159i kriketov\u00e9m z\u00e1pase \u017een Indie vs. Pakist\u00e1n, zkolabovaly na h\u0159i\u0161ti dv\u011b indick\u00e9 hr\u00e1\u010dky v&#8230;<\/p>\n","protected":false},"author":2,"featured_media":3124,"comment_status":"closed","ping_status":"closed","sticky":false,"template":"","format":"standard","meta":[],"categories":[7],"tags":[23,213,46],"_links":{"self":[{"href":"https:\/\/www.infokuryr.cz\/n\/wp-json\/wp\/v2\/posts\/3123"}],"collection":[{"href":"https:\/\/www.infokuryr.cz\/n\/wp-json\/wp\/v2\/posts"}],"about":[{"href":"https:\/\/www.infokuryr.cz\/n\/wp-json\/wp\/v2\/types\/post"}],"author":[{"embeddable":true,"href":"https:\/\/www.infokuryr.cz\/n\/wp-json\/wp\/v2\/users\/2"}],"replies":[{"embeddable":true,"href":"https:\/\/www.infokuryr.cz\/n\/wp-json\/wp\/v2\/comments?post=3123"}],"version-history":[{"count":0,"href":"https:\/\/www.infokuryr.cz\/n\/wp-json\/wp\/v2\/posts\/3123\/revisions"}],"wp:featuredmedia":[{"embeddable":true,"href":"https:\/\/www.infokuryr.cz\/n\/wp-json\/wp\/v2\/media\/3124"}],"wp:attachment":[{"href":"https:\/\/www.infokuryr.cz\/n\/wp-json\/wp\/v2\/media?parent=3123"}],"wp:term":[{"taxonomy":"category","embeddable":true,"href":"https:\/\/www.infokuryr.cz\/n\/wp-json\/wp\/v2\/categories?post=3123"},{"taxonomy":"post_tag","embeddable":true,"href":"https:\/\/www.infokuryr.cz\/n\/wp-json\/wp\/v2\/tags?post=3123"}],"curies":[{"name":"wp","href":"https:\/\/api.w.org\/{rel}","templated":true}]}}