{"id":31219,"date":"2023-07-01T01:00:27","date_gmt":"2023-06-30T23:00:27","guid":{"rendered":"http:\/\/www.infokuryr.cz\/n\/?p=31219"},"modified":"2023-06-30T17:05:35","modified_gmt":"2023-06-30T15:05:35","slug":"eu-je-na-pokraji-bankrotu-rekl-madarsky-orban-na-summitu-eu","status":"publish","type":"post","link":"https:\/\/www.infokuryr.cz\/n\/2023\/07\/01\/eu-je-na-pokraji-bankrotu-rekl-madarsky-orban-na-summitu-eu\/","title":{"rendered":"\u201eEU je na pokraji bankrotu,\u201c \u0159ekl ma\u010farsk\u00fd Orb\u00e1n na summitu EU"},"content":{"rendered":"<div id=\"fb-root\"><\/div>\n<p><span style=\"font-size: 18pt;\"><strong>Pen\u00edze, kter\u00e9 byly schv\u00e1leny k utracen\u00ed a m\u011bly tam b\u00fdt dal\u0161\u00edch p\u011bt let, u\u017e byly utraceny, \u0159\u00edk\u00e1 ma\u010farsk\u00fd premi\u00e9r<\/strong><\/span><\/p>\n<p><span>Prvn\u00ed ot\u00e1zka, kterou polo\u017eil premi\u00e9r Viktor Orb\u00e1n ve sv\u00e9m\u00a0<\/span><a href=\"https:\/\/fb.watch\/lu5JxxYHjF\/\"><span>p\u0159\u00edsp\u011bvku<\/span><\/a><span>\u00a0na Facebooku , zn\u00ed: \u201eJedin\u00e1 ot\u00e1zka, kterou si tady v Bruselu ka\u017ed\u00fd klade, je: Kam zmizely pen\u00edze?<\/span><\/p>\n<p><span>Orb\u00e1n se pr\u00e1v\u011b \u00fa\u010dastn\u00ed dvoudenn\u00edho\u00a0<\/span><a class=\"ek-link\" href=\"https:\/\/rmx.news\/european-union\/hungary-braces-for-stormy-eu-summit\/\"><span>summitu<\/span><\/a><span>\u00a0l\u00eddr\u016f EU v Bruselu a jedn\u00edm z nej\u017ehav\u011bj\u0161\u00edch t\u00e9mat je ot\u00e1zka, kam zmizely pen\u00edze z rozpo\u010dtu EU.\u00a0Ma\u010farsk\u00fd premi\u00e9r uvedl, \u017ee Evropsk\u00e1 komise p\u0159edlo\u017eila n\u00e1vrh\u00a0<\/span><a class=\"ek-link\" href=\"https:\/\/rmx.news\/european-union\/hungary-eu-budget-amendment-to-supply-ukraine-with-e50-billion-is-ill-considered\/\"><span>zm\u011bny rozpo\u010dtu<\/span><\/a><span>\u00a0, v n\u011bm\u017e po\u017eaduje, aby \u010dlensk\u00e9 st\u00e1ty zaplatily des\u00edtky miliard eur.<\/span><\/p>\n<p><span>&#8222;Vyvst\u00e1v\u00e1 ot\u00e1zka: Jak k t\u00e9to situaci do\u0161lo a jak p\u0159ivedli Evropskou unii na pokraj bankrotu?&#8220;\u00a0zeptal se Orb\u00e1n.<\/span><\/p>\n<figure class=\"wp-block-embed is-type-rich is-provider-twitter wp-block-embed-twitter\">\n<div class=\"wp-block-embed__wrapper\">\n<div class=\"twitter-tweet twitter-tweet-rendered\"><iframe id=\"twitter-widget-0\" class=\"\" title=\"Twitter Tweet\" src=\"https:\/\/platform.twitter.com\/embed\/Tweet.html?dnt=true&amp;embedId=twitter-widget-0&amp;features=eyJ0ZndfdGltZWxpbmVfbGlzdCI6eyJidWNrZXQiOltdLCJ2ZXJzaW9uIjpudWxsfSwidGZ3X2ZvbGxvd2VyX2NvdW50X3N1bnNldCI6eyJidWNrZXQiOnRydWUsInZlcnNpb24iOm51bGx9LCJ0ZndfdHdlZXRfZWRpdF9iYWNrZW5kIjp7ImJ1Y2tldCI6Im9uIiwidmVyc2lvbiI6bnVsbH0sInRmd19yZWZzcmNfc2Vzc2lvbiI6eyJidWNrZXQiOiJvbiIsInZlcnNpb24iOm51bGx9LCJ0ZndfZm9zbnJfc29mdF9pbnRlcnZlbnRpb25zX2VuYWJsZWQiOnsiYnVja2V0Ijoib24iLCJ2ZXJzaW9uIjpudWxsfSwidGZ3X21peGVkX21lZGlhXzE1ODk3Ijp7ImJ1Y2tldCI6InRyZWF0bWVudCIsInZlcnNpb24iOm51bGx9LCJ0ZndfZXhwZXJpbWVudHNfY29va2llX2V4cGlyYXRpb24iOnsiYnVja2V0IjoxMjA5NjAwLCJ2ZXJzaW9uIjpudWxsfSwidGZ3X3Nob3dfYmlyZHdhdGNoX3Bpdm90c19lbmFibGVkIjp7ImJ1Y2tldCI6Im9uIiwidmVyc2lvbiI6bnVsbH0sInRmd19kdXBsaWNhdGVfc2NyaWJlc190b19zZXR0aW5ncyI6eyJidWNrZXQiOiJvbiIsInZlcnNpb24iOm51bGx9LCJ0ZndfdXNlX3Byb2ZpbGVfaW1hZ2Vfc2hhcGVfZW5hYmxlZCI6eyJidWNrZXQiOiJvbiIsInZlcnNpb24iOm51bGx9LCJ0ZndfdmlkZW9faGxzX2R5bmFtaWNfbWFuaWZlc3RzXzE1MDgyIjp7ImJ1Y2tldCI6InRydWVfYml0cmF0ZSIsInZlcnNpb24iOm51bGx9LCJ0ZndfbGVnYWN5X3RpbWVsaW5lX3N1bnNldCI6eyJidWNrZXQiOnRydWUsInZlcnNpb24iOm51bGx9LCJ0ZndfdHdlZXRfZWRpdF9mcm9udGVuZCI6eyJidWNrZXQiOiJvbiIsInZlcnNpb24iOm51bGx9fQ%3D%3D&amp;frame=false&amp;hideCard=false&amp;hideThread=false&amp;id=1674401901054500867&amp;lang=cs&amp;origin=https%3A%2F%2Frmx.news%2Fhungary%2Fthe-eu-is-on-the-brink-of-bankruptcy-says-hungarys-orban-at-eu-summit%2F&amp;sessionId=031ed0dc28f7539a9e7714ff3e1188270f487326&amp;theme=light&amp;widgetsVersion=aaf4084522e3a%3A1674595607486&amp;width=550px\" frameborder=\"0\" scrolling=\"no\" allowfullscreen=\"allowfullscreen\" data-tweet-id=\"1674401901054500867\" data-mce-fragment=\"1\"><\/iframe><\/div>\n<\/div>\n<\/figure>\n<p><span>Orb\u00e1n tak\u00e9 poznamenal, \u017ee EU po\u017eaduje od \u010dlensk\u00fdch st\u00e1t\u016f v\u00edce pen\u011bz, a\u010dkoliv do jej\u00edho sedmilet\u00e9ho rozpo\u010dtu zb\u00fdvaj\u00ed pouh\u00e9 dva roky.\u00a0Jin\u00fdmi slovy, pen\u00edze, kter\u00e9 byly schv\u00e1leny k utracen\u00ed a m\u011bly tam b\u00fdt dal\u0161\u00edch p\u011bt let, ji\u017e byly vy\u010derp\u00e1ny.<\/span><\/p>\n<figure class=\"wp-block-embed is-type-rich is-provider-twitter wp-block-embed-twitter\">\n<div class=\"wp-block-embed__wrapper\">\n<div class=\"twitter-tweet twitter-tweet-rendered\"><iframe id=\"twitter-widget-1\" class=\"\" title=\"Twitter Tweet\" src=\"https:\/\/platform.twitter.com\/embed\/Tweet.html?dnt=true&amp;embedId=twitter-widget-1&amp;features=eyJ0ZndfdGltZWxpbmVfbGlzdCI6eyJidWNrZXQiOltdLCJ2ZXJzaW9uIjpudWxsfSwidGZ3X2ZvbGxvd2VyX2NvdW50X3N1bnNldCI6eyJidWNrZXQiOnRydWUsInZlcnNpb24iOm51bGx9LCJ0ZndfdHdlZXRfZWRpdF9iYWNrZW5kIjp7ImJ1Y2tldCI6Im9uIiwidmVyc2lvbiI6bnVsbH0sInRmd19yZWZzcmNfc2Vzc2lvbiI6eyJidWNrZXQiOiJvbiIsInZlcnNpb24iOm51bGx9LCJ0ZndfZm9zbnJfc29mdF9pbnRlcnZlbnRpb25zX2VuYWJsZWQiOnsiYnVja2V0Ijoib24iLCJ2ZXJzaW9uIjpudWxsfSwidGZ3X21peGVkX21lZGlhXzE1ODk3Ijp7ImJ1Y2tldCI6InRyZWF0bWVudCIsInZlcnNpb24iOm51bGx9LCJ0ZndfZXhwZXJpbWVudHNfY29va2llX2V4cGlyYXRpb24iOnsiYnVja2V0IjoxMjA5NjAwLCJ2ZXJzaW9uIjpudWxsfSwidGZ3X3Nob3dfYmlyZHdhdGNoX3Bpdm90c19lbmFibGVkIjp7ImJ1Y2tldCI6Im9uIiwidmVyc2lvbiI6bnVsbH0sInRmd19kdXBsaWNhdGVfc2NyaWJlc190b19zZXR0aW5ncyI6eyJidWNrZXQiOiJvbiIsInZlcnNpb24iOm51bGx9LCJ0ZndfdXNlX3Byb2ZpbGVfaW1hZ2Vfc2hhcGVfZW5hYmxlZCI6eyJidWNrZXQiOiJvbiIsInZlcnNpb24iOm51bGx9LCJ0ZndfdmlkZW9faGxzX2R5bmFtaWNfbWFuaWZlc3RzXzE1MDgyIjp7ImJ1Y2tldCI6InRydWVfYml0cmF0ZSIsInZlcnNpb24iOm51bGx9LCJ0ZndfbGVnYWN5X3RpbWVsaW5lX3N1bnNldCI6eyJidWNrZXQiOnRydWUsInZlcnNpb24iOm51bGx9LCJ0ZndfdHdlZXRfZWRpdF9mcm9udGVuZCI6eyJidWNrZXQiOiJvbiIsInZlcnNpb24iOm51bGx9fQ%3D%3D&amp;frame=false&amp;hideCard=false&amp;hideThread=false&amp;id=1674349842955395073&amp;lang=cs&amp;origin=https%3A%2F%2Frmx.news%2Fhungary%2Fthe-eu-is-on-the-brink-of-bankruptcy-says-hungarys-orban-at-eu-summit%2F&amp;sessionId=031ed0dc28f7539a9e7714ff3e1188270f487326&amp;theme=light&amp;widgetsVersion=aaf4084522e3a%3A1674595607486&amp;width=550px\" frameborder=\"0\" scrolling=\"no\" allowfullscreen=\"allowfullscreen\" data-tweet-id=\"1674349842955395073\" data-mce-fragment=\"1\"><\/iframe><\/div>\n<\/div>\n<\/figure>\n<p><span>Premi\u00e9r pak pokra\u010doval v\u00fd\u010dtem toho, co Brusel po\u017eaduje za rozpo\u010det.<\/span><\/p>\n<p><span>\u201eCht\u011bj\u00ed od \u010dlensk\u00fdch st\u00e1t\u016f z\u00edskat 50 miliard eur, aby je dali Ukrajin\u011b, p\u0159i\u010dem\u017e nemohou ani vy\u00fa\u010dtovat pen\u00edze, kter\u00e9 jsme jim dosud dali.\u00a0Cht\u011bj\u00ed od \u010dlensk\u00fdch st\u00e1t\u016f v\u00edce pen\u011bz, aby mohly spl\u00e1cet \u00faroky z p\u016fj\u010dek Evropsk\u00e9 unie, kter\u00e9 si p\u0159edt\u00edm vzaly.\u00a0Jsou to p\u016fj\u010dky, ze kter\u00fdch Polsko a Ma\u010farsko dosud nevid\u011bly ani cent,\u201c \u0159ekl Orb\u00e1n.<\/span><\/p>\n<p><span>Orb\u00e1n \u0159ekl, \u017ee komise EU \u017e\u00e1d\u00e1 \u010dlensk\u00e9 st\u00e1ty o v\u00edce pen\u011bz na migraci, nikoli na ochranu hranic, ale na p\u0159iv\u00e1d\u011bn\u00ed neleg\u00e1ln\u00edch p\u0159ist\u011bhovalc\u016f.<\/span><\/p>\n<p><span>\u201eSamoz\u0159ejm\u011b nezapomn\u011bli na vlastn\u00ed kapsy.\u00a0\u017d\u00e1daj\u00ed miliardy eur na zv\u00fd\u0161en\u00ed plat\u016f bruselsk\u00fdch byrokrat\u016f,\u201c \u0159ekl.<\/span><\/p>\n<p><span>&#8222;Ma\u010farsk\u00fd postoj je jasn\u00fd,&#8220; \u0159ekl.\u00a0\u201eNejprve chceme v\u011bd\u011bt, na co bylo vynalo\u017eeno to obrovsk\u00e9 mno\u017estv\u00ed pen\u011bz, kter\u00e9 jsme jim dosud dali.\u00a0Pot\u00e9 chceme v\u011bd\u011bt, kdo je zodpov\u011bdn\u00fd za to, \u017ee Evropsk\u00e1 unie je na pokraji bankrotu.<\/span><\/p>\n<p><span>Orb\u00e1n se ve \u010dtvrtek a p\u00e1tek \u00fa\u010dastn\u00ed summitu Rady l\u00eddr\u016f EU, kde jsou hlavn\u00edmi t\u00e9maty agendy ot\u00e1zka dodate\u010dn\u00e9 finan\u010dn\u00ed podpory pro Ukrajinu, povinn\u00e9 migra\u010dn\u00ed kv\u00f3ty a utv\u00e1\u0159en\u00ed politiky EU v\u016f\u010di \u010c\u00edn\u011b.<\/span><\/p>\n<p><img decoding=\"async\" loading=\"lazy\" class=\"alignnone size-full wp-image-1185\" src=\"http:\/\/www.infokuryr.cz\/n\/wp-content\/uploads\/2021\/04\/kuryr-podpis.png\" alt=\"\" width=\"84\" height=\"24\" \/><\/p>\n<p>&nbsp;<\/p>\n<p><a href=\"https:\/\/stranapro.cz\/\"><img decoding=\"async\" loading=\"lazy\" class=\"wp-image-30218 aligncenter\" src=\"http:\/\/www.infokuryr.cz\/n\/wp-content\/uploads\/2023\/06\/PRO-banner-300x36.png\" alt=\"\" width=\"1350\" height=\"162\" srcset=\"https:\/\/www.infokuryr.cz\/n\/wp-content\/uploads\/2023\/06\/PRO-banner-300x36.png 300w, https:\/\/www.infokuryr.cz\/n\/wp-content\/uploads\/2023\/06\/PRO-banner-768x93.png 768w, https:\/\/www.infokuryr.cz\/n\/wp-content\/uploads\/2023\/06\/PRO-banner.png 849w\" sizes=\"(max-width: 1350px) 100vw, 1350px\" \/><\/a><\/p>\n<p>&nbsp;<\/p>\n<p>&nbsp;<\/p>\n<p>&nbsp;<\/p>\n","protected":false},"excerpt":{"rendered":"<p>Pen\u00edze, kter\u00e9 byly schv\u00e1leny k utracen\u00ed a m\u011bly tam b\u00fdt dal\u0161\u00edch p\u011bt let, u\u017e byly&#8230;<\/p>\n","protected":false},"author":2,"featured_media":31220,"comment_status":"closed","ping_status":"closed","sticky":false,"template":"","format":"standard","meta":[],"categories":[7],"tags":[935,41,371,439],"_links":{"self":[{"href":"https:\/\/www.infokuryr.cz\/n\/wp-json\/wp\/v2\/posts\/31219"}],"collection":[{"href":"https:\/\/www.infokuryr.cz\/n\/wp-json\/wp\/v2\/posts"}],"about":[{"href":"https:\/\/www.infokuryr.cz\/n\/wp-json\/wp\/v2\/types\/post"}],"author":[{"embeddable":true,"href":"https:\/\/www.infokuryr.cz\/n\/wp-json\/wp\/v2\/users\/2"}],"replies":[{"embeddable":true,"href":"https:\/\/www.infokuryr.cz\/n\/wp-json\/wp\/v2\/comments?post=31219"}],"version-history":[{"count":1,"href":"https:\/\/www.infokuryr.cz\/n\/wp-json\/wp\/v2\/posts\/31219\/revisions"}],"predecessor-version":[{"id":31221,"href":"https:\/\/www.infokuryr.cz\/n\/wp-json\/wp\/v2\/posts\/31219\/revisions\/31221"}],"wp:featuredmedia":[{"embeddable":true,"href":"https:\/\/www.infokuryr.cz\/n\/wp-json\/wp\/v2\/media\/31220"}],"wp:attachment":[{"href":"https:\/\/www.infokuryr.cz\/n\/wp-json\/wp\/v2\/media?parent=31219"}],"wp:term":[{"taxonomy":"category","embeddable":true,"href":"https:\/\/www.infokuryr.cz\/n\/wp-json\/wp\/v2\/categories?post=31219"},{"taxonomy":"post_tag","embeddable":true,"href":"https:\/\/www.infokuryr.cz\/n\/wp-json\/wp\/v2\/tags?post=31219"}],"curies":[{"name":"wp","href":"https:\/\/api.w.org\/{rel}","templated":true}]}}