{"id":3120,"date":"2021-07-06T17:26:28","date_gmt":"2021-07-06T15:26:28","guid":{"rendered":"http:\/\/www.infokuryr.cz\/n\/?p=3120"},"modified":"2021-07-06T17:29:18","modified_gmt":"2021-07-06T15:29:18","slug":"usa-vojaci-budou-nuceni-se-nechat-ockovat-proti-covid-19","status":"publish","type":"post","link":"https:\/\/www.infokuryr.cz\/n\/2021\/07\/06\/usa-vojaci-budou-nuceni-se-nechat-ockovat-proti-covid-19\/","title":{"rendered":"USA: Voj\u00e1ci budou nuceni se nechat o\u010dkovat proti COVID-19"},"content":{"rendered":"<div id=\"fb-root\"><\/div>\n<div class=\"ArticleView-summary\"><\/div>\n<div class=\"Text-root Text-type_5 ArticleView-text ViewText-root \">\n<p><strong>Americk\u00e1 arm\u00e1da chce od z\u00e1\u0159\u00ed stanovit povinn\u00e9 o\u010dkov\u00e1n\u00ed COVID-19 pro v\u0161echny voj\u00e1ky. Tato zpr\u00e1va p\u0159ich\u00e1z\u00ed pot\u00e9, co studie pr\u00e1v\u011b odhalila, \u017ee vakc\u00edny mRNA byly spojeny se z\u00e1n\u011btem srdce u mlad\u00fdch mu\u017e\u016f.<\/strong><\/p>\n<p>Podle nov\u00e9 zpr\u00e1vy z\u00a0<em>Army Times<\/em>\u00a0\u2013 USA on-line zpravodajsk\u00fd web zam\u011b\u0159en\u00fd na americk\u00e9 voj\u00e1ky \u2013 americk\u00e1 arm\u00e1da se chyst\u00e1 prosadit od z\u00e1\u0159\u00ed povinn\u00e9 o\u010dkov\u00e1n\u00ed proti COVID-19 vojensk\u00e9ho person\u00e1lu. Zpr\u00e1va uv\u00e1d\u00ed:<\/p>\n<p><em>\u201eArm\u00e1da na\u0159\u00eddila velitelsk\u00fdm st\u0159edisk\u016fm, aby se p\u0159ipravily na povinn\u00e9 o\u010dkov\u00e1n\u00ed COVID-19 ji\u017e 1. z\u00e1\u0159\u00ed, s v\u00fdhradou schv\u00e1len\u00ed \u00da\u0159adem pro kontrolu potravin a l\u00e9\u010div (FDA). Pot\u00e9 budou vyd\u00e1na instrukce pro velitelsk\u00e1 centra. Bu\u010fte p\u0159ipraveni poskytnout zp\u011btnou vazbu voj\u00e1k\u016fm \u201estav o\u010dkov\u00e1n\u00ed a jak se bude postupovat, jakmile bude vakc\u00edna p\u0159edeps\u00e1na.\u201c<\/em><\/p>\n<p>Podle zpr\u00e1vy m\u00e1 americk\u00e1 arm\u00e1da v sou\u010dasn\u00e9 dob\u011b o\u010dkov\u00e1no proti COVID-19 p\u0159ibli\u017en\u011b 70 procent sv\u00fdch voj\u00e1k\u016f.\u00a0Popt\u00e1vka po vakc\u00edn\u011b se v\u0161ak v arm\u00e1d\u011b v posledn\u00edch m\u011bs\u00edc\u00edch sn\u00ed\u017eila.\u00a0Kolaps popt\u00e1vky sleduje podobn\u00fd vzorec u civiln\u00edho obyvatelstva USA.<\/p>\n<p>Mand\u00e1t vakc\u00edny americk\u00e9 arm\u00e1dy p\u0159ich\u00e1z\u00ed po vyd\u00e1n\u00ed nov\u00e9 studie, kter\u00e1 zjistila souvislost mezi vakc\u00ednami COVID-19 zalo\u017een\u00fdmi na mRNA a zv\u00fd\u0161en\u00fdm z\u00e1n\u011btem srdce &#8211; zejm\u00e9na u mlad\u00fdch mu\u017e\u016f.<\/p>\n<p>Studie , publikovan\u00e1 minul\u00fd t\u00fdden v\u00a0 odborn\u00e9m \u010dasopise\u00a0 <em>JAMA<\/em> \u00a0, zjistila, \u017ee 23 mu\u017esk\u00fdch americk\u00fdch voj\u00e1k\u016f &#8211; v\u010detn\u011b 22, kte\u0159\u00ed byli pova\u017eov\u00e1ni za \u201ed\u0159\u00edve zdrav\u00e9\u201c &#8211; ve v\u011bku\u00a0 mezi 20 a 51 let\u00a0 do \u010dty\u0159 dn\u016f po druh\u00e9 d\u00e1vce mRNA COVID-19 vakc\u00edny\u00a0 m\u011bli \u201eakutn\u00ed n\u00e1stup srde\u010dn\u00fdch probl\u00e9m\u016f a v\u00fdraznou bolest na hrudi\u201c.<\/p>\n<p>Minul\u00fd m\u011bs\u00edc uspo\u0159\u00e1daly Centra pro kontrolu a prevenci nemoc\u00ed (CDC) a jejich poradci \u201e\u00a0nouzov\u00e9 setk\u00e1n\u00ed \u201c, aby p\u0159ezkoumali neo\u010dek\u00e1van\u011b vysok\u00fd po\u010det zpr\u00e1v o z\u00e1n\u011btu srdce po pod\u00e1n\u00ed koronov\u00fdch vakc\u00edn zalo\u017een\u00fdch na mRNA. Pfizer a Moderna.<\/p>\n<p>V d\u016fsledku tohoto setk\u00e1n\u00ed ameri\u010dt\u00ed odborn\u00edci ve\u0159ejn\u011b prohl\u00e1sili, \u017ee\u00a0\u00a0u o\u010dkovan\u00fdch osob je velmi pravd\u011bpodobn\u00e9,\u00a0\u017ee existuje\u00a0\u00a0souvislost\u00a0mezi vakc\u00ednami mRNA a myokarditidou.\u00a0Bylo zji\u0161t\u011bno, \u017ee \u017eeny jsou v\u00fdznamn\u011b m\u00e9n\u011b posti\u017eeny ne\u017e mu\u017ei.<\/p>\n<p>Podobn\u00fd o\u010dkovac\u00ed tlak existuje ve Velk\u00e9 Brit\u00e1nii.\u00a0Britsk\u00e1 arm\u00e1da\u00a0ozn\u00e1mila\u00a0, \u017ee\u00a0podle\u00a0<em>Daily Mail<\/em>\u00a0 potrest\u00e1 ty, kte\u0159\u00ed odm\u00edtaj\u00ed b\u00fdt o\u010dkov\u00e1ni proti vakc\u00ednou na\u00a0 COVID-19.<\/p>\n<p>Voj\u00e1ci Bundeswehru podle n\u011bmeck\u00fdch z\u00e1kon\u016f se povinn\u011b o\u010dkuj\u00ed\u00a0a mus\u00ed sn\u00e1\u0161et o\u010dkov\u00e1n\u00ed proti p\u0159enosn\u00fdm nemocem.\u00a0To potvrdil soud v lednu pot\u00e9, co voj\u00e1ka arm\u00e1da \u017ealovala za odm\u00edtnut\u00ed podstoupit takzvan\u00e9 z\u00e1kladn\u00ed vojensk\u00e9 o\u010dkov\u00e1n\u00ed.<\/p>\n<p><img decoding=\"async\" loading=\"lazy\" class=\"alignnone size-full wp-image-1185\" src=\"http:\/\/www.infokuryr.cz\/n\/wp-content\/uploads\/2021\/04\/kuryr-podpis.png\" alt=\"\" width=\"84\" height=\"24\" \/><\/p>\n<p>&nbsp;<\/p>\n<\/div>\n","protected":false},"excerpt":{"rendered":"<p>Americk\u00e1 arm\u00e1da chce od z\u00e1\u0159\u00ed stanovit povinn\u00e9 o\u010dkov\u00e1n\u00ed COVID-19 pro v\u0161echny voj\u00e1ky. Tato zpr\u00e1va p\u0159ich\u00e1z\u00ed&#8230;<\/p>\n","protected":false},"author":2,"featured_media":3121,"comment_status":"closed","ping_status":"closed","sticky":false,"template":"","format":"standard","meta":[],"categories":[7],"tags":[80,694,213,315,37,651,321],"_links":{"self":[{"href":"https:\/\/www.infokuryr.cz\/n\/wp-json\/wp\/v2\/posts\/3120"}],"collection":[{"href":"https:\/\/www.infokuryr.cz\/n\/wp-json\/wp\/v2\/posts"}],"about":[{"href":"https:\/\/www.infokuryr.cz\/n\/wp-json\/wp\/v2\/types\/post"}],"author":[{"embeddable":true,"href":"https:\/\/www.infokuryr.cz\/n\/wp-json\/wp\/v2\/users\/2"}],"replies":[{"embeddable":true,"href":"https:\/\/www.infokuryr.cz\/n\/wp-json\/wp\/v2\/comments?post=3120"}],"version-history":[{"count":0,"href":"https:\/\/www.infokuryr.cz\/n\/wp-json\/wp\/v2\/posts\/3120\/revisions"}],"wp:featuredmedia":[{"embeddable":true,"href":"https:\/\/www.infokuryr.cz\/n\/wp-json\/wp\/v2\/media\/3121"}],"wp:attachment":[{"href":"https:\/\/www.infokuryr.cz\/n\/wp-json\/wp\/v2\/media?parent=3120"}],"wp:term":[{"taxonomy":"category","embeddable":true,"href":"https:\/\/www.infokuryr.cz\/n\/wp-json\/wp\/v2\/categories?post=3120"},{"taxonomy":"post_tag","embeddable":true,"href":"https:\/\/www.infokuryr.cz\/n\/wp-json\/wp\/v2\/tags?post=3120"}],"curies":[{"name":"wp","href":"https:\/\/api.w.org\/{rel}","templated":true}]}}