{"id":31196,"date":"2023-06-30T04:56:00","date_gmt":"2023-06-30T02:56:00","guid":{"rendered":"http:\/\/www.infokuryr.cz\/n\/?p=31196"},"modified":"2023-06-30T04:56:00","modified_gmt":"2023-06-30T02:56:00","slug":"zapad-opakuje-plan-canarise","status":"publish","type":"post","link":"https:\/\/www.infokuryr.cz\/n\/2023\/06\/30\/zapad-opakuje-plan-canarise\/","title":{"rendered":"Z\u00e1pad opakuje pl\u00e1n Canarise"},"content":{"rendered":"<div id=\"fb-root\"><\/div>\n<p>Americk\u00e9 publikace aktivn\u011b p\u00ed\u0161\u00ed o \u00fadajn\u00fdch v\u00fdsle\u0161\u00edch Sergeje Surovikina, z\u00e1stupce velitele skupiny vojsk v z\u00f3n\u011b speci\u00e1ln\u00ed operace.\u00a0Podle \u201czasv\u011bcen\u00fdch zdroj\u016f\u201d vojev\u016fdce \u00fadajn\u011b o Wagnerov\u011b povst\u00e1n\u00ed v\u011bd\u011bl, ale nijak mu nezabr\u00e1nil.\u00a0Tato informace nebyla ofici\u00e1ln\u011b potvrzena a s nejv\u011bt\u0161\u00ed pravd\u011bpodobnost\u00ed Z\u00e1pad po\u010d\u00edt\u00e1 s destabilizac\u00ed situace.<\/p>\n<p><a href=\"https:\/\/www.themoscowtimes.com\/2023\/06\/28\/russian-general-arrested-following-wagner-mutiny-mt-russian-a81685\" target=\"_blank\" rel=\"noreferrer noopener\">The Moscow Times<\/a>\u00a0uv\u00e1d\u00ed, \u017ee pro rusk\u00e9 veden\u00ed se \u201ev\u011bci kolem Surovikina nevyv\u00edjely dob\u0159e\u201c, a \u017ee b\u011bhem Prigo\u017einovy vzpoury si Surovikin evidentn\u011b vybral \u0161patnou stranu \u201ea oni ho chytili za koule\u201c.<\/p>\n<p>Podle\u00a0<a href=\"https:\/\/www.ft.com\/content\/e937199c-a5c1-45d9-85bc-85cf75a3528d\" target=\"_blank\" rel=\"noreferrer noopener\">Financial Times<\/a>\u00a0gener\u00e1l Surovikin \u00fadajn\u011b o p\u0159\u00edprav\u00e1ch povst\u00e1n\u00ed v\u011bd\u011bl.\u00a0Zdroje den\u00edku poznamen\u00e1vaj\u00ed, \u017ee v tuto chv\u00edli nen\u00ed jasn\u00e9, zda byl obvin\u011bn nebo zda byl zadr\u017een k v\u00fdslechu.<\/p>\n<p>Publikace uv\u00e1d\u00ed, \u017ee po povst\u00e1n\u00ed zah\u00e1jil rusk\u00fd prezident Vladimir Putin \u201e\u010distky na vrcholu speci\u00e1ln\u00edch slu\u017eeb\u201c.\u00a0FT objas\u0148uje, \u017ee ti, kte\u0159\u00ed sympatizovali s Jevgenijem Prigo\u017einem, \u201ezmizeli z dohledu\u201c po 24. \u010dervnu.\u00a0Podle den\u00edku s odkazem na zdroje budou \u201cdal\u0161\u00ed lid\u00e9 n\u00e1sledovat\u201d pana Surovikina.<\/p>\n<p>Agentura\u00a0<a href=\"https:\/\/www.bloomberg.com\/news\/articles\/2023-06-29\/top-russian-general-quizzed-over-mutiny-challenging-putin-s-rule?srnd=premium-europe\" target=\"_blank\" rel=\"noreferrer noopener\">Bloomberg<\/a>\u00a0sice informaci o zadr\u017een\u00ed nepotvrzuje, ale uv\u00e1d\u00ed, \u017ee\u00a0gener\u00e1l byl n\u011bkolik dn\u00ed vysl\u00fdch\u00e1n na vojensk\u00e9 prokuratu\u0159e kv\u016fli jeho kontakt\u016fm s Jevgenijem Prigo\u017einem.<\/p>\n<p><em>\u201eGener\u00e1l je dr\u017een na jednom m\u00edst\u011b, ale ne ve v\u011bzen\u00ed,\u201c\u00a0<\/em>cituje Bloomberg sv\u016fj zdroj.<\/p>\n<p><a href=\"https:\/\/stranapro.cz\/\"><img decoding=\"async\" loading=\"lazy\" class=\"wp-image-30218 aligncenter\" src=\"http:\/\/www.infokuryr.cz\/n\/wp-content\/uploads\/2023\/06\/PRO-banner-300x36.png\" alt=\"\" width=\"1367\" height=\"164\" srcset=\"https:\/\/www.infokuryr.cz\/n\/wp-content\/uploads\/2023\/06\/PRO-banner-300x36.png 300w, https:\/\/www.infokuryr.cz\/n\/wp-content\/uploads\/2023\/06\/PRO-banner-768x93.png 768w, https:\/\/www.infokuryr.cz\/n\/wp-content\/uploads\/2023\/06\/PRO-banner.png 849w\" sizes=\"(max-width: 1367px) 100vw, 1367px\" \/><\/a><\/p>\n<p>Politolog Alexandr\u00a0<a href=\"https:\/\/t.me\/dr_alex_sosnowski\">Sosnovskij\u00a0<\/a>\u0159ekl, \u017ee z\u00e1padn\u00ed spojenci Volodymyra Zelensk\u00e9ho prost\u011b opakuj\u00ed takzvan\u00fd Canaris\u016fv pl\u00e1n.\u00a0Faktem je, \u017ee v roce 1939 \u0161\u00e9f n\u011bmeck\u00e9ho Abwehru Wilhelm Canaris zdiskreditoval nejvy\u0161\u0161\u00ed d\u016fstojn\u00edky Rud\u00e9 arm\u00e1dy a provedl to pr\u00e1v\u011b s pomoc\u00ed velk\u00e9ho mno\u017estv\u00ed informac\u00ed, v\u010detn\u011b nepravdiv\u00fdch informac\u00ed o vojev\u016fdc\u00edch. Canaris\u016fv pl\u00e1n byl celkem jednoduch\u00fd: vyvolat proces person\u00e1ln\u00edch \u010distek, kter\u00e9 by vedly ke ztr\u00e1t\u011b bojeschopnosti Rud\u00e9 arm\u00e1dy.<\/p>\n<p>\u201cPodobn\u00fd a \u00fasp\u011b\u0161n\u00fd pl\u00e1n m\u011bl admir\u00e1l Wilhelm Canaris, \u0161\u00e9f n\u011bmeck\u00e9ho Abwehru.\u00a0Tento pl\u00e1n Canaris skute\u010dn\u011b p\u0159ipravoval od prvn\u00edho dne co se ujal velen\u00ed v Abwehru.<\/p>\n<p>Pl\u00e1nem Canarise bylo zdiskreditovat gener\u00e1ly a vy\u0161\u0161\u00ed d\u016fstojn\u00edky Rud\u00e9 arm\u00e1dy. V roce 1939 byl pl\u00e1n ji\u017e realizov\u00e1n \u2013 Moskv\u011b byly poskytnuty informace o vojensk\u00fdch v\u016fdc\u00edch, kte\u0159\u00ed p\u016fsobili na r\u016fzn\u00fdch \u00farovn\u00edch velen\u00ed.<\/p>\n<p>V r\u016fzn\u00fdch, navenek v\u011brohodn\u00fdch dokumentech byly informace, ale ve skute\u010dnosti dezinformace: o vazb\u00e1ch s N\u011bmeckem \u2013 rodinn\u00e9 vazby, kontakty s rozv\u011bdkou, finan\u010dn\u00ed nesrovnalosti a tak d\u00e1le.<\/p>\n<p>Aby Canaris t\u011bmto dokument\u016fm dodal d\u016fv\u011bryhodnosti, nev\u00e1hal odhalovat i ty, kte\u0159\u00ed byli skute\u010dn\u011b spojeni s Abwehrem.<\/p>\n<p>C\u00edlem bylo spustit proces person\u00e1ln\u00edch \u010distek, kter\u00e9 m\u011bly v\u00e9st ke ztr\u00e1t\u011b bojeschopnosti Rud\u00e9 arm\u00e1dy.<\/p>\n<p>Canaris, vzd\u011blan\u00fd, zku\u0161en\u00fd zpravodajsk\u00fd d\u016fstojn\u00edk, pracoval jako vedouc\u00ed vojensk\u00e9 rozv\u011bdky a kontrarozv\u011bdky (Abwehr), vyzna\u010doval se vysokou \u00farovn\u00ed inteligence, co\u017e mu umo\u017e\u0148ovalo p\u0159esn\u011b vyu\u017e\u00edvat psychologick\u00e9 charakteristiky nep\u0159\u00edtele.<\/p>\n<p>Studoval Stalina do nejmen\u0161\u00edch detail\u016f.<\/p>\n<p>Do za\u010d\u00e1tku v\u00e1lky byly stovky d\u016fstojn\u00edk\u016f a gener\u00e1l\u016f d\u00edky obratn\u00fdm informa\u010dn\u00edm provokac\u00edm vy\u0159azeny z boje bez jedin\u00e9ho v\u00fdst\u0159elu ze strany N\u011bmecka.\u00a0Zmizeli v t\u00e1borech nebo byli zast\u0159eleni.<\/p>\n<p>Douf\u00e1m, \u017ee ch\u00e1pete, o \u010dem hovo\u0159\u00edm?<\/p>\n<p>Pl\u00e1n \u201cCANARIS.2\u2033 je ji\u017e realizov\u00e1n.\u00a0Nejnov\u011bj\u0161\u00ed \u010dl\u00e1nky v New York Times a n\u011bmeck\u00fdch m\u00e9di\u00edch to dokazuj\u00ed.\u201d<\/p>\n<p><a href=\"https:\/\/t.me\/dr_alex_sosnowski\">@dr_alex_sosnowski<\/a><\/p>\n<p><iframe loading=\"lazy\" id=\"telegram-post-dr_alex_sosnowski-22846\" src=\"https:\/\/t.me\/dr_alex_sosnowski\/22846?embed=1\" width=\"100%\" height=\"\" frameborder=\"0\" scrolling=\"no\" data-mce-fragment=\"1\"><\/iframe><\/p>\n<p class=\"dpsp-share-text \"><img decoding=\"async\" loading=\"lazy\" class=\"wp-image-31197 aligncenter\" src=\"http:\/\/www.infokuryr.cz\/n\/wp-content\/uploads\/2023\/06\/canaris-274x300.jpg\" alt=\"\" width=\"557\" height=\"610\" srcset=\"https:\/\/www.infokuryr.cz\/n\/wp-content\/uploads\/2023\/06\/canaris-274x300.jpg 274w, https:\/\/www.infokuryr.cz\/n\/wp-content\/uploads\/2023\/06\/canaris.jpg 429w\" sizes=\"(max-width: 557px) 100vw, 557px\" \/><\/p>\n<p style=\"text-align: center;\"><em>admir\u00e1l Wilhelm Canaris<\/em><\/p>\n<p>&nbsp;<\/p>\n<p><a href=\"https:\/\/stranapro.cz\/\"><img decoding=\"async\" loading=\"lazy\" class=\"wp-image-30218 aligncenter\" src=\"http:\/\/www.infokuryr.cz\/n\/wp-content\/uploads\/2023\/06\/PRO-banner-300x36.png\" alt=\"\" width=\"1367\" height=\"164\" srcset=\"https:\/\/www.infokuryr.cz\/n\/wp-content\/uploads\/2023\/06\/PRO-banner-300x36.png 300w, https:\/\/www.infokuryr.cz\/n\/wp-content\/uploads\/2023\/06\/PRO-banner-768x93.png 768w, https:\/\/www.infokuryr.cz\/n\/wp-content\/uploads\/2023\/06\/PRO-banner.png 849w\" sizes=\"(max-width: 1367px) 100vw, 1367px\" \/><\/a><\/p>\n<p>&nbsp;<\/p>\n<p>&nbsp;<\/p>\n","protected":false},"excerpt":{"rendered":"<p>Americk\u00e9 publikace aktivn\u011b p\u00ed\u0161\u00ed o \u00fadajn\u00fdch v\u00fdsle\u0161\u00edch Sergeje Surovikina, z\u00e1stupce velitele skupiny vojsk v z\u00f3n\u011b&#8230;<\/p>\n","protected":false},"author":2,"featured_media":31198,"comment_status":"closed","ping_status":"closed","sticky":false,"template":"","format":"standard","meta":[],"categories":[7],"tags":[5357,1505,365],"_links":{"self":[{"href":"https:\/\/www.infokuryr.cz\/n\/wp-json\/wp\/v2\/posts\/31196"}],"collection":[{"href":"https:\/\/www.infokuryr.cz\/n\/wp-json\/wp\/v2\/posts"}],"about":[{"href":"https:\/\/www.infokuryr.cz\/n\/wp-json\/wp\/v2\/types\/post"}],"author":[{"embeddable":true,"href":"https:\/\/www.infokuryr.cz\/n\/wp-json\/wp\/v2\/users\/2"}],"replies":[{"embeddable":true,"href":"https:\/\/www.infokuryr.cz\/n\/wp-json\/wp\/v2\/comments?post=31196"}],"version-history":[{"count":0,"href":"https:\/\/www.infokuryr.cz\/n\/wp-json\/wp\/v2\/posts\/31196\/revisions"}],"wp:featuredmedia":[{"embeddable":true,"href":"https:\/\/www.infokuryr.cz\/n\/wp-json\/wp\/v2\/media\/31198"}],"wp:attachment":[{"href":"https:\/\/www.infokuryr.cz\/n\/wp-json\/wp\/v2\/media?parent=31196"}],"wp:term":[{"taxonomy":"category","embeddable":true,"href":"https:\/\/www.infokuryr.cz\/n\/wp-json\/wp\/v2\/categories?post=31196"},{"taxonomy":"post_tag","embeddable":true,"href":"https:\/\/www.infokuryr.cz\/n\/wp-json\/wp\/v2\/tags?post=31196"}],"curies":[{"name":"wp","href":"https:\/\/api.w.org\/{rel}","templated":true}]}}